{"id":11426,"date":"2022-10-25T17:36:15","date_gmt":"2022-10-25T17:36:15","guid":{"rendered":"https:\/\/fundacionperiodismo.org\/derecho-informacion-comunicacion\/?p=11426"},"modified":"2022-10-25T17:55:10","modified_gmt":"2022-10-25T17:55:10","slug":"la-judicializacion-del-periodismo-sorprende-indefensos-y-sin-garantias-a-los-periodistas","status":"publish","type":"post","link":"https:\/\/fundacionperiodismo.org\/derecho-informacion-comunicacion\/la-judicializacion-del-periodismo-sorprende-indefensos-y-sin-garantias-a-los-periodistas\/","title":{"rendered":"La judicializaci\u00f3n del periodismo sorprende indefensos y sin garant\u00edas a los periodistas\u00a0\u00a0"},"content":{"rendered":"<body><p><\/p><img data-recalc-dims=\"1\" decoding=\"async\" class=\"wp-image-11434 aligncenter\" src=\"https:\/\/i0.wp.com\/fundacionperiodismo.org\/derecho-informacion-comunicacion\/wp-content\/uploads\/2022\/10\/car-sanchez-6-21-2345834-202206260449_21-3120887_20220915155141.jpg?resize=557%2C314&#038;ssl=1\" alt=\"\" width=\"557\" height=\"314\" loading=\"lazy\" srcset=\"https:\/\/i0.wp.com\/fundacionperiodismo.org\/derecho-informacion-comunicacion\/wp-content\/uploads\/2022\/10\/car-sanchez-6-21-2345834-202206260449_21-3120887_20220915155141.jpg?resize=300%2C169&amp;ssl=1 300w, https:\/\/i0.wp.com\/fundacionperiodismo.org\/derecho-informacion-comunicacion\/wp-content\/uploads\/2022\/10\/car-sanchez-6-21-2345834-202206260449_21-3120887_20220915155141.jpg?resize=696%2C392&amp;ssl=1 696w, https:\/\/i0.wp.com\/fundacionperiodismo.org\/derecho-informacion-comunicacion\/wp-content\/uploads\/2022\/10\/car-sanchez-6-21-2345834-202206260449_21-3120887_20220915155141.jpg?w=768&amp;ssl=1 768w\" sizes=\"auto, (max-width: 557px) 100vw, 557px\" \/>\n<p><b><i>La judicializaci\u00f3n del periodismo sorprende indefensos y sin garant\u00edas a los periodistas\u00a0\u00a0<\/i><\/b><\/p>\n<p><i>La mayor\u00eda de los Tribunales de Imprenta no est\u00e1n conformados. Casi en todos los sindicatos de la prensa carecen de abogados. Un periodista de Trinidad paga de su bolsillo para defenderse; mientras que otro colega en Yacuiba qued\u00f3 afectado en su salud emocional por un proceso.<\/i><\/p>\n<p><b><i><img data-recalc-dims=\"1\" decoding=\"async\" class=\"wp-image-11429 alignleft\" src=\"https:\/\/i0.wp.com\/fundacionperiodismo.org\/derecho-informacion-comunicacion\/wp-content\/uploads\/2022\/10\/Periodista-Roberto-Puma-con-la-citacio%CC%81n-que-le-fue-enviada-294x300.jpg?resize=362%2C369&#038;ssl=1\" alt=\"\" width=\"362\" height=\"369\" loading=\"lazy\"><\/i><\/b>Andr\u00e9s Titiboco tiene 65 a\u00f1os, naci\u00f3 en Baure, un pueblo ind\u00edgena de la provincia It\u00e9nez del Beni, proveniente de una familia ganadera y agricultora. Desde muy joven mostr\u00f3 afici\u00f3n por el periodismo, trabaj\u00f3 como reportero en La Palabra del Beni, radio El Tr\u00f3pico, El Dorado y otros medios. Fue jefe de Prensa en ATB, Unitel-Trinidad y hoy es periodista del diario Contacto.<\/p>\n<p>Nunca le tuvo miedo a nada y eso se refleja en su forma de hablar, siempre seguro de s\u00ed mismo y del trabajo que realiza. Pero este a\u00f1o no fue tan f\u00e1cil para \u00e9l, en la actualidad enfrenta cinco procesos judiciales por publicar noticias que forman parte de su labor period\u00edstica. Uno de los procesos es por los presuntos delitos de discriminaci\u00f3n y racismo y los otros cuatro por difamaci\u00f3n, injurias y calumnias.<\/p>\n<p>\u201cA la Justicia, en lo que respecta al periodismo, no le interesa la Ley de Imprenta, no le interesa. Se hace \u2018la de la vista gorda\u2019 y los procesos contin\u00faan en la justicia ordinaria, es decir, el periodista est\u00e1 en indefensi\u00f3n ante la justicia ordinaria, no hay qui\u00e9n lo defienda. Lo mismo pasa en el Ministerio P\u00fablico, los propios fiscales pisotean la Ley de Imprenta\u201d, afirma.<\/p>\n<p>Titiboco lamenta que el sistema de justicia no sea independiente y que, precisamente, porque responde a \u201cfavores pol\u00edticos\u201d los procesos avancen \u2013dice\u2013 sin ver objetivamente la realidad ni tomar en cuenta, como en este caso, que el periodista debe ser juzgado por un Tribunal de Imprenta.<\/p>\n<p><iframe loading=\"lazy\" title=\"Video entrevista Red Unitas\" width=\"696\" height=\"392\" src=\"https:\/\/www.youtube.com\/embed\/E14QQP7_vrI?feature=oembed\" frameborder=\"0\" allow=\"accelerometer; autoplay; clipboard-write; encrypted-media; gyroscope; picture-in-picture\" allowfullscreen><\/iframe><br>\n\u00a0<\/p>\n<p>Seg\u00fan el informe del Observatorio de Defensoras y Defensores de Derechos de la Red Unitas, entre el 2020 y 2022, en Bolivia se registraron 17 casos de judicializaci\u00f3n o criminalizaci\u00f3n a periodistas.<\/p>\n<p>En este recuento tambi\u00e9n est\u00e1 el caso del reportero de Yacuiba, Tarija, Roberto Puma. \u201cEl proceso me quebr\u00f3. Me iba a defender solo ante el juez, con mi grabaci\u00f3n\u201d, cuenta el periodista del chaco tarije\u00f1o.<\/p>\n<p>Con 20 a\u00f1os en la radio, le toc\u00f3 vivir una de sus peores experiencias laborales, que incluso lleg\u00f3 a quebrarlo emocionalmente, enfrentar un proceso judicial por defender su derecho a informar y no revelar su fuente.<\/p>\n<p>\u00c9l empez\u00f3 en radio desde abajo, haciendo piso, en la consola, de operador, locutor; luego realiz\u00f3 sus propios programas de radio y con esta labor comenz\u00f3 a generar ingresos con publicidad menuda.<\/p>\n<p>En junio, a trav\u00e9s de radio Frontera de Yacuiba, lugar donde trabaja, inform\u00f3 sobre el malestar estomacal que sintieron estudiantes de una unidad educativa de Campo Grande, presuntamente causado por productos del desayuno escolar en mal estado, noticia que le vali\u00f3 ser procesado judicialmente por el alcalde Carlos Br\u00fa.<\/p>\n<p><b><i><img data-recalc-dims=\"1\" decoding=\"async\" class=\"wp-image-11428 aligncenter\" src=\"https:\/\/i0.wp.com\/fundacionperiodismo.org\/derecho-informacion-comunicacion\/wp-content\/uploads\/2022\/10\/Manifestacio%CC%81n-de-periodistas-exigiendo-respeto-a-la-libertad-de-prensa-300x196.jpg?resize=507%2C331&#038;ssl=1\" alt=\"\" width=\"507\" height=\"331\" loading=\"lazy\"><\/i><\/b><\/p>\n<p>No fue hasta el 12 de septiembre, d\u00eda de las marchas y protestas de sindicatos, la Federaci\u00f3n de Trabajadores de la Prensa, adem\u00e1s del pronunciamiento de la Defensor\u00eda del Pueblo y del propio Gobierno, que la autoridad edil desisti\u00f3 de exigir que Puma revele su fuente.<\/p>\n<p>El Principio 8 de la Declaraci\u00f3n de Principios sobre la Libertad de Expresi\u00f3n, aprobada por la Comisi\u00f3n Interamericana de Derechos Humanos (CIDH) manifiesta: \u201cTodo comunicador social tiene derecho a la reserva de sus fuentes de informaci\u00f3n, apuntes y archivos personales y profesionales\u201d. Mientras que el art\u00edculo 8 de la Ley de Imprenta boliviana, vigente desde 1925, establece: \u201cel secreto en materia de imprenta es inviolable\u201d.<\/p>\n<p><b><i><img data-recalc-dims=\"1\" decoding=\"async\" class=\"wp-image-11433 alignleft\" src=\"https:\/\/i0.wp.com\/fundacionperiodismo.org\/derecho-informacion-comunicacion\/wp-content\/uploads\/2022\/10\/Citacio%CC%81n-de-la-Fiscali%CC%81a-a-la-periodista-Yolanda-Barrientos-en-calidad-de-testigo-169x300.jpg?resize=293%2C520&#038;ssl=1\" alt=\"\" width=\"293\" height=\"520\" loading=\"lazy\"><\/i><\/b>Vivir este episodio en su vida laboral lo quebr\u00f3 emocionalmente. El proceso dur\u00f3 un poco m\u00e1s de dos meses desde la citaci\u00f3n notarial hasta la demanda en el Juzgado de Sentencia II de Yacuiba. Sin muchos recursos para contratar a un abogado, pens\u00f3 en defenderse solo.<\/p>\n<p>\u201cNo dorm\u00eda bien, baje cinco kilos por la preocupaci\u00f3n que ten\u00eda. El proceso me quebr\u00f3 y pensaba defenderme solo, llegar donde el juez con mi verdad y mi grabaci\u00f3n\u201d, relata en tono melanc\u00f3lico al recordar la amenaza judicial que pesaba en su contra.<\/p>\n<p>La amenaza judicial pas\u00f3, pero qued\u00f3 el temor. Puma quiere estar tranquilo recuperarse del susto y si existe otra denuncia ponerse a mejor resguardado. \u201cCuando alguien quiere hacer una denuncia, la pienso. Creo que ahora debo estar m\u00e1s respaldado, porque lo que viv\u00ed fue dif\u00edcil. Nosotros somos como carne de ca\u00f1\u00f3n, por informar, luego todo el problema recae en nuestras espaldas\u201d, afirma.<\/p>\n<p>Pero este no es el \u00fanico ni el primer caso en que la Justicia requiere informaci\u00f3n a un periodista. Yolanda Barrientos, una reconocida periodista radialista de Sucre, se sorprendi\u00f3 cuando funcionarios de la Fiscal\u00eda Departamental de Chuquisaca llegaron hasta su domicilio para dejarle un citatorio con el fin de que se apersone a declarar por un hecho en el que ella f\u00edsicamente no se encontraba en el lugar, cuando en noviembre de 2019, ocurri\u00f3 la quema del Tribunal Supremo Electoral (TSE) de Chuquisaca.<\/p>\n<p>El hecho motiv\u00f3 a la reacci\u00f3n de los gremios period\u00edsticos departamentales y nacionales, rechazando el amedrentamiento que se cometi\u00f3 hacia una periodista y reivindicando la vigencia de la Ley de Imprenta.<\/p>\n<p>Las acciones tuvieron resultado. La Fiscal\u00eda General del Estado (FGE) determin\u00f3 dejar sin efecto la citaci\u00f3n. Sin embargo, el da\u00f1o emocional y laboral que causa la acci\u00f3n de intentar involucrar a un trabajador de la prensa en temas judiciales ya estaba hecho.<\/p>\n<p><b>Tribunales de Imprenta<\/b><\/p>\n<p>En casos espec\u00edficos, cuando un funcionario p\u00fablico (autoridad o trabajador) intentase demandar a un periodista por el trabajo que realiza, necesariamente el caso deber\u00eda ser tratado por un Tribunal de Imprenta, tal como establece la Ley de Imprenta.<\/p>\n<p>Los tribunales de imprenta deben ser conformados por los concejos municipales, no solamente en las ciudades capitales, sino en los municipios de poblaciones intermedias, debido a que, en los \u00faltimos a\u00f1os, en esos municipios se han conformado sindicatos de trabajadores de la prensa, casi en todos los departamentos.<\/p>\n<p>Analizando los casos espec\u00edficos donde se iniciaron procesos judiciales a periodistas, como sucedi\u00f3 con Andr\u00e9s Titiboco y Roberto Puma, de Trinidad y Yacuiba respectivamente, se pudo establecer que en esos municipios no existe un Tribunal de Imprenta, como manda la norma, lo que pone en indefensi\u00f3n a los periodistas y genera un peligro, no solo para ellos, sino para el gremio. En el caso de Yolanda Barrientos, ella fue citada a declarar para brindar informaci\u00f3n, pero tampoco correspond\u00eda.<\/p>\n<p>En la actualidad, el municipio de Oruro es el \u00fanico con un Tribunal de Imprenta vigente. El mismo fue conformado por el Concejo Municipal en 2017, pero hasta la fecha no trat\u00f3 ning\u00fan caso.<\/p>\n<p>En La Paz, Cochabamba y Santa Cruz, hace a\u00f1os se conformaron Tribunales, pero con el transcurso del tiempo sus vocales fallecieron o cambiaron de residencia, por lo que estas instancias quedaron con el n\u00famero m\u00ednimo de miembros para funcionar. En los otros municipios de ciudad capital, nunca se conform\u00f3 esta entidad.<\/p>\n<p>El secretario ejecutivo de la Federaci\u00f3n de Trabajadores de la Prensa de Trinidad, Humberto \u00c9guez, indica que hasta la fecha, los legisladores no han podido conformar un Tribunal de Imprenta. \u201cSe est\u00e1n haciendo las gestiones ante el Concejo Municipal y esperemos pronto tener uno\u201d, dice.<\/p>\n<p>Los recientes hechos que apuntan a judicializar el trabajo de la prensa urgen la necesidad de conformar los Tribunales de Imprenta en todos los municipios.<\/p>\n<p><b>Persecuci\u00f3n judicial<\/b><\/p>\n<p><b><i><img data-recalc-dims=\"1\" decoding=\"async\" class=\"wp-image-11432 alignleft\" src=\"https:\/\/i0.wp.com\/fundacionperiodismo.org\/derecho-informacion-comunicacion\/wp-content\/uploads\/2022\/10\/Carmin%CC%83a-Moscoso-ejecutiva-de-la-Federacio%CC%81n-de-Trabajadores-de-la-Prensa-de-La-Paz-FTPLP-300x233.jpg?resize=426%2C331&#038;ssl=1\" alt=\"\" width=\"426\" height=\"331\" loading=\"lazy\"><\/i><\/b>Carminia Moscoso, ejecutiva de la Federaci\u00f3n de Trabajadores de la Prensa de La Paz, lamenta la persecuci\u00f3n judicial que se comete contra el derecho a la informaci\u00f3n y la vulneraci\u00f3n a la Ley de Imprenta, que no solo afecta a la o el periodista, sino a toda la poblaci\u00f3n.<\/p>\n<p>Revela que, como Puma, existen otros compa\u00f1eros, sobre todo en \u00e1reas rurales del pa\u00eds, que no cuentan con los recursos para defenderse legalmente. \u201cLas Federaciones de Prensa, las que est\u00e1n en el eje troncal del pa\u00eds, La Paz, Santa Cruz, Cochabamba y otras, cuentan con un asesor jur\u00eddico que las apoya, pero en el resto hacen alianzas con abogados de manera temporal, pues contar con un abogado requiere contar con recursos econ\u00f3micos\u201d, sostiene.<\/p>\n<p>En el caso del Sindicato de Trabajadores de la Prensa de Yacuiba, reci\u00e9n contrataron un abogado. Pero al margen de la debilidad en una asistencia jur\u00eddica a las y los periodistas que sufren persecuci\u00f3n, est\u00e1 el efecto que causa en la labor period\u00edstica la judicializaci\u00f3n de su trabajo.<\/p>\n<p>Moscoso comenta que hasta el momento no se habl\u00f3 de manera abierta sobre el efecto emocional o psicol\u00f3gico que sufren los periodistas, \u201cNo solo est\u00e1n los procesos, tambi\u00e9n hay otro tipo de agresiones, el mismo trabajo que afecta la salud mental de los compa\u00f1eros\u201d, indica.<\/p>\n<p>Por este motivo, anunci\u00f3 que en La Paz se contar\u00e1 con un \u00e1rea integral para ayudar, no solo f\u00edsica sino emocionalmente a los reporteros.<\/p>\n<p>Al respecto, el presidente de la Asociaci\u00f3n Nacional de Periodistas de Bolivia (ANPB), Pedro Glasinovic, menciona que el 27 de septiembre del a\u00f1o en curso, se envi\u00f3 una carta al fiscal General del Estado, Juan Lanchipa, expresando el alarma y sorpresa por las imputaciones en contra de colegas periodistas.<\/p>\n<p>En la misiva, le recuerdan a Lanchipa que el exrelator de la ONU sobre la Libertad de Opini\u00f3n y de Expresi\u00f3n, Frank La Rue, calific\u00f3 al periodismo como un \u201cservicio necesario para cualquier sociedad, ya que proporciona a cada individuo y a la sociedad en su conjunto la informaci\u00f3n necesaria para formarse sus propias ideas y opiniones y sacar libremente sus propias conclusiones\u201d.<\/p>\n<p>Glasinovic se\u00f1ala: \u201cEn todos los gobiernos siempre han intentado penalizar o judicializar el trabajo de la prensa, con el \u00fanico objetivo de acallar la verdad, pero los gremios period\u00edsticos se han mantenido firmes luchando por la preservaci\u00f3n y vigencia de la Ley de Imprenta\u201d.<\/p>\n<p><b>Lo que dice la Ley de Imprenta sobre los procesos<\/b><\/p>\n<p>El art\u00edculo 107 de la Constituci\u00f3n Pol\u00edtica del Estado (CPE) establece: \u201cLa informaci\u00f3n y las opiniones emitidas a trav\u00e9s de los medios de comunicaci\u00f3n social deben respetar los principios de veracidad y responsabilidad. Estos principios se ejercer\u00e1n mediante las normas de \u00e9tica y de autorregulaci\u00f3n de las organizaciones de periodistas y medios de comunicaci\u00f3n y su Ley\u201d.<\/p>\n<p>Y esta norma espec\u00edfica es la Ley de Imprenta, vigente desde 1925 y que, en criterio de Ramiro Orias, experto jur\u00eddico en Derechos Humanos, \u201cest\u00e1 m\u00e1s viva que nunca\u201d. El especialista enfatiza que ninguna persona, menos los y las periodista pueden ser procesados por la v\u00eda penal por emitir una opini\u00f3n o divulgar una informaci\u00f3n.<\/p>\n<p>Al contrario, existen instancias que est\u00e1n establecidas en esta ley y que hacen referencia a los Tribunales de Imprenta. \u201cEsta norma protege la libre difusi\u00f3n de todas las ideas sin ning\u00fan tipo de censuras ni restricciones indebidas\u201d, reafirma.<\/p>\n<p>Es m\u00e1s, el art\u00edculo 28 de esta ley casi centenaria, dispone que los delitos de imprenta deben ser procesados por jurados de imprenta sin distinci\u00f3n de fueros, explica Orias.<\/p>\n<p>Por tal raz\u00f3n, ning\u00fan periodista debe ser procesado por la v\u00eda penal u ordinaria por verter sus ideas o dar informaci\u00f3n. \u201cLos funcionarios p\u00fablicos no pueden acudir directamente a la justicia penal para restringir las ideas o la libertad de opini\u00f3n en el pa\u00eds\u201d, sostiene.<\/p>\n<p>La labor period\u00edstica est\u00e1 respalda por esta norma. Incluso es un deber de los periodistas respetar la confidencialidad y no divulgar la fuente, una acci\u00f3n que infringen autoridades de turno, indica Orias.<\/p>\n<p>La normativa del gremio de la prensa est\u00e1 respaldada por la Corte Interamericana de Derechos Humanos (CIDH), que advierte que no es l\u00edcito penalizar la labor period\u00edstica. \u201cPor lo que el uso del C\u00f3digo Penal es il\u00edcito. Hay instancias, jurisdicciones especiales, a las que un funcionario p\u00fablico o persona particular puede acudir. Ahora, los periodistas, incluso, han instalado sus propios c\u00f3digos de \u00e9tica para regular su labor\u201d, subraya el experto.<\/p>\n<p><b>La vulnerabilidad de las normas frente al poder<\/b><\/p>\n<p>Adem\u00e1s de ser signatario de un marco jur\u00eddico internacional que resguarda la Libertad de Expresi\u00f3n y el trabajo de las y los periodistas, el Estado boliviano no solo es garante de estos derechos a trav\u00e9s de la Carta Magna y la Ley de Imprenta, sino por medio de otras leyes que tambi\u00e9n los consignan.<\/p>\n<p>Sin embargo, los intereses del poder impiden su cumplimiento integral, afirma la periodista Isabel Mercado, de la Red de Apoyo y Protecci\u00f3n a Periodistas (RAPP), una plataforma de la Fundaci\u00f3n para el Periodismo (FPP) que tiene el apoyo de la Organizaci\u00f3n de las Naciones Unidas para la Educaci\u00f3n, la Ciencia y la Cultura (Unesco, por sus siglas en ingl\u00e9s).<\/p>\n<p>\u201cEn t\u00e9rminos de normas, tenemos suficiente para tener una excelente cobertura, garant\u00edas al trabajo de la prensa y libertad de expresi\u00f3n, pero no se concreta por los intereses del poder, econ\u00f3mico y pol\u00edtico, que restringen el acceso a la informaci\u00f3n\u201d, remarca.<\/p>\n<p>En los \u00faltimos tres a\u00f1os, diferentes organizaciones como la Red Unitas, la ANPB, gremios de la prensa y otras denunciaron el acoso, la persecuci\u00f3n judicial y el amedrentamiento de los que es v\u00edctima el gremio por realizar su trabajo.<\/p>\n<p><b><i><img data-recalc-dims=\"1\" decoding=\"async\" class=\"wp-image-11431 alignleft\" src=\"https:\/\/i0.wp.com\/fundacionperiodismo.org\/derecho-informacion-comunicacion\/wp-content\/uploads\/2022\/10\/Un-dirigente-de-los-periodistas-de-Yacuiba-en-defensa-de-Roberto-Puma.jpg?resize=453%2C255&#038;ssl=1\" alt=\"\" width=\"453\" height=\"255\" loading=\"lazy\" srcset=\"https:\/\/i0.wp.com\/fundacionperiodismo.org\/derecho-informacion-comunicacion\/wp-content\/uploads\/2022\/10\/Un-dirigente-de-los-periodistas-de-Yacuiba-en-defensa-de-Roberto-Puma.jpg?resize=300%2C169&amp;ssl=1 300w, https:\/\/i0.wp.com\/fundacionperiodismo.org\/derecho-informacion-comunicacion\/wp-content\/uploads\/2022\/10\/Un-dirigente-de-los-periodistas-de-Yacuiba-en-defensa-de-Roberto-Puma.jpg?resize=768%2C433&amp;ssl=1 768w, https:\/\/i0.wp.com\/fundacionperiodismo.org\/derecho-informacion-comunicacion\/wp-content\/uploads\/2022\/10\/Un-dirigente-de-los-periodistas-de-Yacuiba-en-defensa-de-Roberto-Puma.jpg?resize=696%2C392&amp;ssl=1 696w, https:\/\/i0.wp.com\/fundacionperiodismo.org\/derecho-informacion-comunicacion\/wp-content\/uploads\/2022\/10\/Un-dirigente-de-los-periodistas-de-Yacuiba-en-defensa-de-Roberto-Puma.jpg?w=1009&amp;ssl=1 1009w\" sizes=\"auto, (max-width: 453px) 100vw, 453px\" \/><\/i><\/b>En esa l\u00ednea, la RAPP hace seguimiento a casos concretos y actuales como los de las y los periodistas Javier Colque de Cochabamba; Yolanda Barrientos, de Sucre; Roberto Puma, de Tarija y otros para apoyarlos.<\/p>\n<p>Mercado menciona que hay un acoso judicial permanente contra la prensa y los medios, lo que afecta directamente a las y los periodistas y a toda la ciudadan\u00eda, pues al ser perseguidos u hostigados, su labor tiende a mermar. Incluso, el temor infundado hace que se llegue a la autocensura y bajo esta l\u00f3gica, la que m\u00e1s pierde es la poblaci\u00f3n, porque se le niega el derecho a informarse, subraya.<\/p>\n<p>\u201cEl acoso judicial est\u00e1 hecho para amedrentar. Es un c\u00edrculo vicioso porque el Estado, el poder econ\u00f3mico o pol\u00edtico \u2013a trav\u00e9s de la Justicia y como \u00e9sta no es independiente ni fiable\u2013, la usan para causar este tipo de consecuencias\u201d, lamenta.<\/p>\n<p>Frente a esta realidad, las y los periodistas est\u00e1n sin protecci\u00f3n, considerando que tampoco conocen en detalle sus derechos y obligaciones enmarcadas, por ejemplo, en la Ley de Imprenta.<\/p>\n<p>La falta de abogados que los apoyen es otra debilidad en el sector. Seg\u00fan Mercado, la mayor\u00eda de los medios no cuenta con un asesor, los gremios period\u00edsticos lo propio, por lo que el periodista amedrentado gasta de sus propios recursos para defenderse, sostiene.<\/p>\n<p>Por esta raz\u00f3n surge la RAPP, una entidad que busca llenar ese vac\u00edo, sobre todo para garantizar el acceso a la informaci\u00f3n, que es un derecho humano, y garantizar el trabajo de las y los periodistas.<\/p>\n<p>Las y los trabajadores de la prensa que sientan sus derechos vulnerados pueden hacer llegar sus denuncias a esta entidad. \u201cLa RAPP tiene un horizonte largo. Lo que queremos es que sea un espacio para los periodistas, donde se brinde asesoramiento y educaci\u00f3n jur\u00eddica a los colegas. Y patrocinar algunos casos si fuera necesario\u201d, afirma Mercado.<\/p>\n<p>Lo que falta, tambi\u00e9n, es que los periodistas se animen a denunciar. A ra\u00edz de la persecuci\u00f3n judicial, los colegas no creen en la justicia y prefieren dejar de lado el acoso que sufren, enfatiza Mercado.<\/p>\n<p>Para conocer m\u00e1s de la RAPP ingrese al siguiente enlace<\/p>\n<p><a href=\"https:\/\/rapp.org.bo\/\">https:\/\/rapp.org.bo\/<\/a><\/p>\n<p>Es un reportaje desarrollado en el marco del <strong>proyecto Derecho a la Informaci\u00f3n y Comunicaci\u00f3n \u201cDIC\u201d curso \u201cNarrar con datos\u201d, Periodismo de investigaci\u00f3n,<\/strong>\u00a0 es un plataforma de la Fundaci\u00f3n para el Periodismo que tiene el respaldo de UNESCO.<\/p>\n<p>Reportajes desarrollado por las y el periodistas:<\/p>\n<ul>\n<li>M\u00f3nica Huancollo<\/li>\n<li>Yenny Escalante<\/li>\n<li>Marco Antonio Flores<\/li>\n<\/ul>\n<p>\u00a0<\/p>\n<p>\u00a0<\/p>\n<p>\u00a0<\/p>\n<\/body>","protected":false},"excerpt":{"rendered":"<p>La judicializaci\u00f3n del periodismo sorprende indefensos y sin garant\u00edas a los periodistas\u00a0\u00a0 La mayor\u00eda de los Tribunales de Imprenta no est\u00e1n conformados. Casi en todos los sindicatos de la prensa carecen de abogados. Un periodista de Trinidad paga de su bolsillo para defenderse; mientras que otro colega en Yacuiba qued\u00f3 afectado en su salud emocional [&hellip;]<\/p>\n","protected":false},"author":4,"featured_media":11438,"comment_status":"closed","ping_status":"closed","sticky":false,"template":"","format":"standard","meta":{"om_disable_all_campaigns":false,"_jetpack_memberships_contains_paid_content":false,"footnotes":""},"categories":[2,8],"tags":[],"class_list":{"0":"post-11426","1":"post","2":"type-post","3":"status-publish","4":"format-standard","5":"has-post-thumbnail","7":"category-dic","8":"category-reportajes"},"yoast_head":"<!-- This site is optimized with the Yoast SEO plugin v27.4 - https:\/\/yoast.com\/product\/yoast-seo-wordpress\/ -->\n<title>La judicializaci\u00f3n del periodismo sorprende indefensos y sin garant\u00edas a los periodistas\u00a0\u00a0 - Derecho a la Informaci\u00f3n y Comunicaci\u00f3n<\/title>\n<meta name=\"robots\" content=\"index, follow, max-snippet:-1, max-image-preview:large, max-video-preview:-1\" \/>\n<link rel=\"canonical\" href=\"https:\/\/fundacionperiodismo.org\/derecho-informacion-comunicacion\/la-judicializacion-del-periodismo-sorprende-indefensos-y-sin-garantias-a-los-periodistas\/\" \/>\n<meta property=\"og:locale\" content=\"es_ES\" \/>\n<meta property=\"og:type\" content=\"article\" \/>\n<meta property=\"og:title\" content=\"La judicializaci\u00f3n del periodismo sorprende indefensos y sin garant\u00edas a los periodistas\u00a0\u00a0 - Derecho a la Informaci\u00f3n y Comunicaci\u00f3n\" \/>\n<meta property=\"og:description\" content=\"La judicializaci\u00f3n del periodismo sorprende indefensos y sin garant\u00edas a los periodistas\u00a0\u00a0 La mayor\u00eda de los Tribunales de Imprenta no est\u00e1n conformados. Casi en todos los sindicatos de la prensa carecen de abogados. Un periodista de Trinidad paga de su bolsillo para defenderse; mientras que otro colega en Yacuiba qued\u00f3 afectado en su salud emocional [&hellip;]\" \/>\n<meta property=\"og:url\" content=\"https:\/\/fundacionperiodismo.org\/derecho-informacion-comunicacion\/la-judicializacion-del-periodismo-sorprende-indefensos-y-sin-garantias-a-los-periodistas\/\" \/>\n<meta property=\"og:site_name\" content=\"Derecho a la Informaci\u00f3n y Comunicaci\u00f3n\" \/>\n<meta property=\"article:publisher\" content=\"https:\/\/www.facebook.com\/FundacionParaelPeriodismo\/\" \/>\n<meta property=\"article:published_time\" content=\"2022-10-25T17:36:15+00:00\" \/>\n<meta property=\"article:modified_time\" content=\"2022-10-25T17:55:10+00:00\" \/>\n<meta property=\"og:image\" content=\"https:\/\/i0.wp.com\/fundacionperiodismo.org\/derecho-informacion-comunicacion\/wp-content\/uploads\/2022\/10\/Citacio\u0301n-de-la-Fiscali\u0301a-a-la-periodista-Yolanda-Barrientos-en-calidad-de-testigo-1.jpg?fit=1080%2C1920&ssl=1\" \/>\n\t<meta property=\"og:image:width\" content=\"1080\" \/>\n\t<meta property=\"og:image:height\" content=\"1920\" \/>\n\t<meta property=\"og:image:type\" content=\"image\/jpeg\" \/>\n<meta name=\"author\" content=\"Tania Frank\" \/>\n<meta name=\"twitter:card\" content=\"summary_large_image\" \/>\n<meta name=\"twitter:creator\" content=\"@Fperiodismo\" \/>\n<meta name=\"twitter:site\" content=\"@Fperiodismo\" \/>\n<meta name=\"twitter:label1\" content=\"Escrito por\" \/>\n\t<meta name=\"twitter:data1\" content=\"Tania Frank\" \/>\n\t<meta name=\"twitter:label2\" content=\"Tiempo de lectura\" \/>\n\t<meta name=\"twitter:data2\" content=\"14 minutos\" \/>\n<script type=\"application\/ld+json\" class=\"yoast-schema-graph\">{\"@context\":\"https:\\\/\\\/schema.org\",\"@graph\":[{\"@type\":\"Article\",\"@id\":\"https:\\\/\\\/fundacionperiodismo.org\\\/derecho-informacion-comunicacion\\\/la-judicializacion-del-periodismo-sorprende-indefensos-y-sin-garantias-a-los-periodistas\\\/#article\",\"isPartOf\":{\"@id\":\"https:\\\/\\\/fundacionperiodismo.org\\\/derecho-informacion-comunicacion\\\/la-judicializacion-del-periodismo-sorprende-indefensos-y-sin-garantias-a-los-periodistas\\\/\"},\"author\":{\"name\":\"Tania Frank\",\"@id\":\"https:\\\/\\\/fundacionperiodismo.org\\\/derecho-informacion-comunicacion\\\/#\\\/schema\\\/person\\\/76866a0a8716e14bd4a78088e79c55ac\"},\"headline\":\"La judicializaci\u00f3n del periodismo sorprende indefensos y sin garant\u00edas a los periodistas\u00a0\u00a0\",\"datePublished\":\"2022-10-25T17:36:15+00:00\",\"dateModified\":\"2022-10-25T17:55:10+00:00\",\"mainEntityOfPage\":{\"@id\":\"https:\\\/\\\/fundacionperiodismo.org\\\/derecho-informacion-comunicacion\\\/la-judicializacion-del-periodismo-sorprende-indefensos-y-sin-garantias-a-los-periodistas\\\/\"},\"wordCount\":2769,\"publisher\":{\"@id\":\"https:\\\/\\\/fundacionperiodismo.org\\\/derecho-informacion-comunicacion\\\/#organization\"},\"image\":{\"@id\":\"https:\\\/\\\/fundacionperiodismo.org\\\/derecho-informacion-comunicacion\\\/la-judicializacion-del-periodismo-sorprende-indefensos-y-sin-garantias-a-los-periodistas\\\/#primaryimage\"},\"thumbnailUrl\":\"https:\\\/\\\/i0.wp.com\\\/fundacionperiodismo.org\\\/derecho-informacion-comunicacion\\\/wp-content\\\/uploads\\\/2022\\\/10\\\/Citacio%CC%81n-de-la-Fiscali%CC%81a-a-la-periodista-Yolanda-Barrientos-en-calidad-de-testigo-1.jpg?fit=1080%2C1920&ssl=1\",\"articleSection\":[\"DIC\",\"Reportajes\"],\"inLanguage\":\"es\"},{\"@type\":\"WebPage\",\"@id\":\"https:\\\/\\\/fundacionperiodismo.org\\\/derecho-informacion-comunicacion\\\/la-judicializacion-del-periodismo-sorprende-indefensos-y-sin-garantias-a-los-periodistas\\\/\",\"url\":\"https:\\\/\\\/fundacionperiodismo.org\\\/derecho-informacion-comunicacion\\\/la-judicializacion-del-periodismo-sorprende-indefensos-y-sin-garantias-a-los-periodistas\\\/\",\"name\":\"La judicializaci\u00f3n del periodismo sorprende indefensos y sin garant\u00edas a los periodistas\u00a0\u00a0 - Derecho a la Informaci\u00f3n y Comunicaci\u00f3n\",\"isPartOf\":{\"@id\":\"https:\\\/\\\/fundacionperiodismo.org\\\/derecho-informacion-comunicacion\\\/#website\"},\"primaryImageOfPage\":{\"@id\":\"https:\\\/\\\/fundacionperiodismo.org\\\/derecho-informacion-comunicacion\\\/la-judicializacion-del-periodismo-sorprende-indefensos-y-sin-garantias-a-los-periodistas\\\/#primaryimage\"},\"image\":{\"@id\":\"https:\\\/\\\/fundacionperiodismo.org\\\/derecho-informacion-comunicacion\\\/la-judicializacion-del-periodismo-sorprende-indefensos-y-sin-garantias-a-los-periodistas\\\/#primaryimage\"},\"thumbnailUrl\":\"https:\\\/\\\/i0.wp.com\\\/fundacionperiodismo.org\\\/derecho-informacion-comunicacion\\\/wp-content\\\/uploads\\\/2022\\\/10\\\/Citacio%CC%81n-de-la-Fiscali%CC%81a-a-la-periodista-Yolanda-Barrientos-en-calidad-de-testigo-1.jpg?fit=1080%2C1920&ssl=1\",\"datePublished\":\"2022-10-25T17:36:15+00:00\",\"dateModified\":\"2022-10-25T17:55:10+00:00\",\"breadcrumb\":{\"@id\":\"https:\\\/\\\/fundacionperiodismo.org\\\/derecho-informacion-comunicacion\\\/la-judicializacion-del-periodismo-sorprende-indefensos-y-sin-garantias-a-los-periodistas\\\/#breadcrumb\"},\"inLanguage\":\"es\",\"potentialAction\":[{\"@type\":\"ReadAction\",\"target\":[\"https:\\\/\\\/fundacionperiodismo.org\\\/derecho-informacion-comunicacion\\\/la-judicializacion-del-periodismo-sorprende-indefensos-y-sin-garantias-a-los-periodistas\\\/\"]}]},{\"@type\":\"ImageObject\",\"inLanguage\":\"es\",\"@id\":\"https:\\\/\\\/fundacionperiodismo.org\\\/derecho-informacion-comunicacion\\\/la-judicializacion-del-periodismo-sorprende-indefensos-y-sin-garantias-a-los-periodistas\\\/#primaryimage\",\"url\":\"https:\\\/\\\/i0.wp.com\\\/fundacionperiodismo.org\\\/derecho-informacion-comunicacion\\\/wp-content\\\/uploads\\\/2022\\\/10\\\/Citacio%CC%81n-de-la-Fiscali%CC%81a-a-la-periodista-Yolanda-Barrientos-en-calidad-de-testigo-1.jpg?fit=1080%2C1920&ssl=1\",\"contentUrl\":\"https:\\\/\\\/i0.wp.com\\\/fundacionperiodismo.org\\\/derecho-informacion-comunicacion\\\/wp-content\\\/uploads\\\/2022\\\/10\\\/Citacio%CC%81n-de-la-Fiscali%CC%81a-a-la-periodista-Yolanda-Barrientos-en-calidad-de-testigo-1.jpg?fit=1080%2C1920&ssl=1\",\"width\":1080,\"height\":1920},{\"@type\":\"BreadcrumbList\",\"@id\":\"https:\\\/\\\/fundacionperiodismo.org\\\/derecho-informacion-comunicacion\\\/la-judicializacion-del-periodismo-sorprende-indefensos-y-sin-garantias-a-los-periodistas\\\/#breadcrumb\",\"itemListElement\":[{\"@type\":\"ListItem\",\"position\":1,\"name\":\"Portada\",\"item\":\"https:\\\/\\\/fundacionperiodismo.org\\\/derecho-informacion-comunicacion\\\/\"},{\"@type\":\"ListItem\",\"position\":2,\"name\":\"La judicializaci\u00f3n del periodismo sorprende indefensos y sin garant\u00edas a los periodistas\u00a0\u00a0\"}]},{\"@type\":\"WebSite\",\"@id\":\"https:\\\/\\\/fundacionperiodismo.org\\\/derecho-informacion-comunicacion\\\/#website\",\"url\":\"https:\\\/\\\/fundacionperiodismo.org\\\/derecho-informacion-comunicacion\\\/\",\"name\":\"Derecho a la Informaci\u00f3n y Comunicaci\u00f3n\",\"description\":\"Reflexionar a la opini\u00f3n p\u00fablica sobre la aprobaci\u00f3n de la Ley de Acceso a la Informaci\u00f3n\",\"publisher\":{\"@id\":\"https:\\\/\\\/fundacionperiodismo.org\\\/derecho-informacion-comunicacion\\\/#organization\"},\"potentialAction\":[{\"@type\":\"SearchAction\",\"target\":{\"@type\":\"EntryPoint\",\"urlTemplate\":\"https:\\\/\\\/fundacionperiodismo.org\\\/derecho-informacion-comunicacion\\\/?s={search_term_string}\"},\"query-input\":{\"@type\":\"PropertyValueSpecification\",\"valueRequired\":true,\"valueName\":\"search_term_string\"}}],\"inLanguage\":\"es\"},{\"@type\":\"Organization\",\"@id\":\"https:\\\/\\\/fundacionperiodismo.org\\\/derecho-informacion-comunicacion\\\/#organization\",\"name\":\"Derecho a la Informaci\u00f3n y Comunicaci\u00f3n\",\"url\":\"https:\\\/\\\/fundacionperiodismo.org\\\/derecho-informacion-comunicacion\\\/\",\"logo\":{\"@type\":\"ImageObject\",\"inLanguage\":\"es\",\"@id\":\"https:\\\/\\\/fundacionperiodismo.org\\\/derecho-informacion-comunicacion\\\/#\\\/schema\\\/logo\\\/image\\\/\",\"url\":\"https:\\\/\\\/i0.wp.com\\\/fundacionperiodismo.org\\\/derecho-informacion-comunicacion\\\/wp-content\\\/uploads\\\/2022\\\/07\\\/logo-DIC.png?fit=656%2C330&ssl=1\",\"contentUrl\":\"https:\\\/\\\/i0.wp.com\\\/fundacionperiodismo.org\\\/derecho-informacion-comunicacion\\\/wp-content\\\/uploads\\\/2022\\\/07\\\/logo-DIC.png?fit=656%2C330&ssl=1\",\"width\":656,\"height\":330,\"caption\":\"Derecho a la Informaci\u00f3n y Comunicaci\u00f3n\"},\"image\":{\"@id\":\"https:\\\/\\\/fundacionperiodismo.org\\\/derecho-informacion-comunicacion\\\/#\\\/schema\\\/logo\\\/image\\\/\"},\"sameAs\":[\"https:\\\/\\\/www.facebook.com\\\/FundacionParaelPeriodismo\\\/\",\"https:\\\/\\\/x.com\\\/Fperiodismo\"]},{\"@type\":\"Person\",\"@id\":\"https:\\\/\\\/fundacionperiodismo.org\\\/derecho-informacion-comunicacion\\\/#\\\/schema\\\/person\\\/76866a0a8716e14bd4a78088e79c55ac\",\"name\":\"Tania Frank\",\"image\":{\"@type\":\"ImageObject\",\"inLanguage\":\"es\",\"@id\":\"https:\\\/\\\/secure.gravatar.com\\\/avatar\\\/81b79fc40ab736a5478717e6c1824bde5c90d8beb1dbd0e433e5a29ee9d126fa?s=96&d=mm&r=g\",\"url\":\"https:\\\/\\\/secure.gravatar.com\\\/avatar\\\/81b79fc40ab736a5478717e6c1824bde5c90d8beb1dbd0e433e5a29ee9d126fa?s=96&d=mm&r=g\",\"contentUrl\":\"https:\\\/\\\/secure.gravatar.com\\\/avatar\\\/81b79fc40ab736a5478717e6c1824bde5c90d8beb1dbd0e433e5a29ee9d126fa?s=96&d=mm&r=g\",\"caption\":\"Tania Frank\"},\"url\":\"https:\\\/\\\/fundacionperiodismo.org\\\/derecho-informacion-comunicacion\\\/author\\\/tania\\\/\"}]}<\/script>\n<!-- \/ Yoast SEO plugin. -->","yoast_head_json":{"title":"La judicializaci\u00f3n del periodismo sorprende indefensos y sin garant\u00edas a los periodistas\u00a0\u00a0 - Derecho a la Informaci\u00f3n y Comunicaci\u00f3n","robots":{"index":"index","follow":"follow","max-snippet":"max-snippet:-1","max-image-preview":"max-image-preview:large","max-video-preview":"max-video-preview:-1"},"canonical":"https:\/\/fundacionperiodismo.org\/derecho-informacion-comunicacion\/la-judicializacion-del-periodismo-sorprende-indefensos-y-sin-garantias-a-los-periodistas\/","og_locale":"es_ES","og_type":"article","og_title":"La judicializaci\u00f3n del periodismo sorprende indefensos y sin garant\u00edas a los periodistas\u00a0\u00a0 - Derecho a la Informaci\u00f3n y Comunicaci\u00f3n","og_description":"La judicializaci\u00f3n del periodismo sorprende indefensos y sin garant\u00edas a los periodistas\u00a0\u00a0 La mayor\u00eda de los Tribunales de Imprenta no est\u00e1n conformados. Casi en todos los sindicatos de la prensa carecen de abogados. Un periodista de Trinidad paga de su bolsillo para defenderse; mientras que otro colega en Yacuiba qued\u00f3 afectado en su salud emocional [&hellip;]","og_url":"https:\/\/fundacionperiodismo.org\/derecho-informacion-comunicacion\/la-judicializacion-del-periodismo-sorprende-indefensos-y-sin-garantias-a-los-periodistas\/","og_site_name":"Derecho a la Informaci\u00f3n y Comunicaci\u00f3n","article_publisher":"https:\/\/www.facebook.com\/FundacionParaelPeriodismo\/","article_published_time":"2022-10-25T17:36:15+00:00","article_modified_time":"2022-10-25T17:55:10+00:00","og_image":[{"width":1080,"height":1920,"url":"https:\/\/i0.wp.com\/fundacionperiodismo.org\/derecho-informacion-comunicacion\/wp-content\/uploads\/2022\/10\/Citacio\u0301n-de-la-Fiscali\u0301a-a-la-periodista-Yolanda-Barrientos-en-calidad-de-testigo-1.jpg?fit=1080%2C1920&ssl=1","type":"image\/jpeg"}],"author":"Tania Frank","twitter_card":"summary_large_image","twitter_creator":"@Fperiodismo","twitter_site":"@Fperiodismo","twitter_misc":{"Escrito por":"Tania Frank","Tiempo de lectura":"14 minutos"},"schema":{"@context":"https:\/\/schema.org","@graph":[{"@type":"Article","@id":"https:\/\/fundacionperiodismo.org\/derecho-informacion-comunicacion\/la-judicializacion-del-periodismo-sorprende-indefensos-y-sin-garantias-a-los-periodistas\/#article","isPartOf":{"@id":"https:\/\/fundacionperiodismo.org\/derecho-informacion-comunicacion\/la-judicializacion-del-periodismo-sorprende-indefensos-y-sin-garantias-a-los-periodistas\/"},"author":{"name":"Tania Frank","@id":"https:\/\/fundacionperiodismo.org\/derecho-informacion-comunicacion\/#\/schema\/person\/76866a0a8716e14bd4a78088e79c55ac"},"headline":"La judicializaci\u00f3n del periodismo sorprende indefensos y sin garant\u00edas a los periodistas\u00a0\u00a0","datePublished":"2022-10-25T17:36:15+00:00","dateModified":"2022-10-25T17:55:10+00:00","mainEntityOfPage":{"@id":"https:\/\/fundacionperiodismo.org\/derecho-informacion-comunicacion\/la-judicializacion-del-periodismo-sorprende-indefensos-y-sin-garantias-a-los-periodistas\/"},"wordCount":2769,"publisher":{"@id":"https:\/\/fundacionperiodismo.org\/derecho-informacion-comunicacion\/#organization"},"image":{"@id":"https:\/\/fundacionperiodismo.org\/derecho-informacion-comunicacion\/la-judicializacion-del-periodismo-sorprende-indefensos-y-sin-garantias-a-los-periodistas\/#primaryimage"},"thumbnailUrl":"https:\/\/i0.wp.com\/fundacionperiodismo.org\/derecho-informacion-comunicacion\/wp-content\/uploads\/2022\/10\/Citacio%CC%81n-de-la-Fiscali%CC%81a-a-la-periodista-Yolanda-Barrientos-en-calidad-de-testigo-1.jpg?fit=1080%2C1920&ssl=1","articleSection":["DIC","Reportajes"],"inLanguage":"es"},{"@type":"WebPage","@id":"https:\/\/fundacionperiodismo.org\/derecho-informacion-comunicacion\/la-judicializacion-del-periodismo-sorprende-indefensos-y-sin-garantias-a-los-periodistas\/","url":"https:\/\/fundacionperiodismo.org\/derecho-informacion-comunicacion\/la-judicializacion-del-periodismo-sorprende-indefensos-y-sin-garantias-a-los-periodistas\/","name":"La judicializaci\u00f3n del periodismo sorprende indefensos y sin garant\u00edas a los periodistas\u00a0\u00a0 - Derecho a la Informaci\u00f3n y Comunicaci\u00f3n","isPartOf":{"@id":"https:\/\/fundacionperiodismo.org\/derecho-informacion-comunicacion\/#website"},"primaryImageOfPage":{"@id":"https:\/\/fundacionperiodismo.org\/derecho-informacion-comunicacion\/la-judicializacion-del-periodismo-sorprende-indefensos-y-sin-garantias-a-los-periodistas\/#primaryimage"},"image":{"@id":"https:\/\/fundacionperiodismo.org\/derecho-informacion-comunicacion\/la-judicializacion-del-periodismo-sorprende-indefensos-y-sin-garantias-a-los-periodistas\/#primaryimage"},"thumbnailUrl":"https:\/\/i0.wp.com\/fundacionperiodismo.org\/derecho-informacion-comunicacion\/wp-content\/uploads\/2022\/10\/Citacio%CC%81n-de-la-Fiscali%CC%81a-a-la-periodista-Yolanda-Barrientos-en-calidad-de-testigo-1.jpg?fit=1080%2C1920&ssl=1","datePublished":"2022-10-25T17:36:15+00:00","dateModified":"2022-10-25T17:55:10+00:00","breadcrumb":{"@id":"https:\/\/fundacionperiodismo.org\/derecho-informacion-comunicacion\/la-judicializacion-del-periodismo-sorprende-indefensos-y-sin-garantias-a-los-periodistas\/#breadcrumb"},"inLanguage":"es","potentialAction":[{"@type":"ReadAction","target":["https:\/\/fundacionperiodismo.org\/derecho-informacion-comunicacion\/la-judicializacion-del-periodismo-sorprende-indefensos-y-sin-garantias-a-los-periodistas\/"]}]},{"@type":"ImageObject","inLanguage":"es","@id":"https:\/\/fundacionperiodismo.org\/derecho-informacion-comunicacion\/la-judicializacion-del-periodismo-sorprende-indefensos-y-sin-garantias-a-los-periodistas\/#primaryimage","url":"https:\/\/i0.wp.com\/fundacionperiodismo.org\/derecho-informacion-comunicacion\/wp-content\/uploads\/2022\/10\/Citacio%CC%81n-de-la-Fiscali%CC%81a-a-la-periodista-Yolanda-Barrientos-en-calidad-de-testigo-1.jpg?fit=1080%2C1920&ssl=1","contentUrl":"https:\/\/i0.wp.com\/fundacionperiodismo.org\/derecho-informacion-comunicacion\/wp-content\/uploads\/2022\/10\/Citacio%CC%81n-de-la-Fiscali%CC%81a-a-la-periodista-Yolanda-Barrientos-en-calidad-de-testigo-1.jpg?fit=1080%2C1920&ssl=1","width":1080,"height":1920},{"@type":"BreadcrumbList","@id":"https:\/\/fundacionperiodismo.org\/derecho-informacion-comunicacion\/la-judicializacion-del-periodismo-sorprende-indefensos-y-sin-garantias-a-los-periodistas\/#breadcrumb","itemListElement":[{"@type":"ListItem","position":1,"name":"Portada","item":"https:\/\/fundacionperiodismo.org\/derecho-informacion-comunicacion\/"},{"@type":"ListItem","position":2,"name":"La judicializaci\u00f3n del periodismo sorprende indefensos y sin garant\u00edas a los periodistas\u00a0\u00a0"}]},{"@type":"WebSite","@id":"https:\/\/fundacionperiodismo.org\/derecho-informacion-comunicacion\/#website","url":"https:\/\/fundacionperiodismo.org\/derecho-informacion-comunicacion\/","name":"Derecho a la Informaci\u00f3n y Comunicaci\u00f3n","description":"Reflexionar a la opini\u00f3n p\u00fablica sobre la aprobaci\u00f3n de la Ley de Acceso a la Informaci\u00f3n","publisher":{"@id":"https:\/\/fundacionperiodismo.org\/derecho-informacion-comunicacion\/#organization"},"potentialAction":[{"@type":"SearchAction","target":{"@type":"EntryPoint","urlTemplate":"https:\/\/fundacionperiodismo.org\/derecho-informacion-comunicacion\/?s={search_term_string}"},"query-input":{"@type":"PropertyValueSpecification","valueRequired":true,"valueName":"search_term_string"}}],"inLanguage":"es"},{"@type":"Organization","@id":"https:\/\/fundacionperiodismo.org\/derecho-informacion-comunicacion\/#organization","name":"Derecho a la Informaci\u00f3n y Comunicaci\u00f3n","url":"https:\/\/fundacionperiodismo.org\/derecho-informacion-comunicacion\/","logo":{"@type":"ImageObject","inLanguage":"es","@id":"https:\/\/fundacionperiodismo.org\/derecho-informacion-comunicacion\/#\/schema\/logo\/image\/","url":"https:\/\/i0.wp.com\/fundacionperiodismo.org\/derecho-informacion-comunicacion\/wp-content\/uploads\/2022\/07\/logo-DIC.png?fit=656%2C330&ssl=1","contentUrl":"https:\/\/i0.wp.com\/fundacionperiodismo.org\/derecho-informacion-comunicacion\/wp-content\/uploads\/2022\/07\/logo-DIC.png?fit=656%2C330&ssl=1","width":656,"height":330,"caption":"Derecho a la Informaci\u00f3n y Comunicaci\u00f3n"},"image":{"@id":"https:\/\/fundacionperiodismo.org\/derecho-informacion-comunicacion\/#\/schema\/logo\/image\/"},"sameAs":["https:\/\/www.facebook.com\/FundacionParaelPeriodismo\/","https:\/\/x.com\/Fperiodismo"]},{"@type":"Person","@id":"https:\/\/fundacionperiodismo.org\/derecho-informacion-comunicacion\/#\/schema\/person\/76866a0a8716e14bd4a78088e79c55ac","name":"Tania Frank","image":{"@type":"ImageObject","inLanguage":"es","@id":"https:\/\/secure.gravatar.com\/avatar\/81b79fc40ab736a5478717e6c1824bde5c90d8beb1dbd0e433e5a29ee9d126fa?s=96&d=mm&r=g","url":"https:\/\/secure.gravatar.com\/avatar\/81b79fc40ab736a5478717e6c1824bde5c90d8beb1dbd0e433e5a29ee9d126fa?s=96&d=mm&r=g","contentUrl":"https:\/\/secure.gravatar.com\/avatar\/81b79fc40ab736a5478717e6c1824bde5c90d8beb1dbd0e433e5a29ee9d126fa?s=96&d=mm&r=g","caption":"Tania Frank"},"url":"https:\/\/fundacionperiodismo.org\/derecho-informacion-comunicacion\/author\/tania\/"}]}},"jetpack_featured_media_url":"https:\/\/i0.wp.com\/fundacionperiodismo.org\/derecho-informacion-comunicacion\/wp-content\/uploads\/2022\/10\/Citacio%CC%81n-de-la-Fiscali%CC%81a-a-la-periodista-Yolanda-Barrientos-en-calidad-de-testigo-1.jpg?fit=1080%2C1920&ssl=1","jetpack_sharing_enabled":true,"_links":{"self":[{"href":"https:\/\/fundacionperiodismo.org\/derecho-informacion-comunicacion\/wp-json\/wp\/v2\/posts\/11426","targetHints":{"allow":["GET"]}}],"collection":[{"href":"https:\/\/fundacionperiodismo.org\/derecho-informacion-comunicacion\/wp-json\/wp\/v2\/posts"}],"about":[{"href":"https:\/\/fundacionperiodismo.org\/derecho-informacion-comunicacion\/wp-json\/wp\/v2\/types\/post"}],"author":[{"embeddable":true,"href":"https:\/\/fundacionperiodismo.org\/derecho-informacion-comunicacion\/wp-json\/wp\/v2\/users\/4"}],"replies":[{"embeddable":true,"href":"https:\/\/fundacionperiodismo.org\/derecho-informacion-comunicacion\/wp-json\/wp\/v2\/comments?post=11426"}],"version-history":[{"count":0,"href":"https:\/\/fundacionperiodismo.org\/derecho-informacion-comunicacion\/wp-json\/wp\/v2\/posts\/11426\/revisions"}],"wp:featuredmedia":[{"embeddable":true,"href":"https:\/\/fundacionperiodismo.org\/derecho-informacion-comunicacion\/wp-json\/wp\/v2\/media\/11438"}],"wp:attachment":[{"href":"https:\/\/fundacionperiodismo.org\/derecho-informacion-comunicacion\/wp-json\/wp\/v2\/media?parent=11426"}],"wp:term":[{"taxonomy":"category","embeddable":true,"href":"https:\/\/fundacionperiodismo.org\/derecho-informacion-comunicacion\/wp-json\/wp\/v2\/categories?post=11426"},{"taxonomy":"post_tag","embeddable":true,"href":"https:\/\/fundacionperiodismo.org\/derecho-informacion-comunicacion\/wp-json\/wp\/v2\/tags?post=11426"}],"curies":[{"name":"wp","href":"https:\/\/api.w.org\/{rel}","templated":true}]}}