{"id":1000,"date":"2019-06-21T20:39:21","date_gmt":"2019-06-22T00:39:21","guid":{"rendered":"https:\/\/fundacionperiodismo.org\/formacion-dual-2019\/?p=1000"},"modified":"2019-06-21T20:39:34","modified_gmt":"2019-06-22T00:39:34","slug":"gasto-publico-en-la-educacion-en-bolivia","status":"publish","type":"post","link":"https:\/\/fundacionperiodismo.org\/formacion-dual-2019\/2019\/06\/21\/gasto-publico-en-la-educacion-en-bolivia\/","title":{"rendered":"Gasto P\u00fablico en la Educaci\u00f3n en Bolivia"},"content":{"rendered":"<p><iframe loading=\"lazy\" src=\"https:\/\/www.youtube.com\/embed\/zK0XJyMFaBQ\" width=\"853\" height=\"480\" frameborder=\"0\" allowfullscreen=\"allowfullscreen\"><span style=\"display: inline-block; width: 0px; overflow: hidden; line-height: 0;\" data-mce-type=\"bookmark\" class=\"mce_SELRES_start\">\ufeff<\/span><span style=\"display: inline-block; width: 0px; overflow: hidden; line-height: 0;\" data-mce-type=\"bookmark\" class=\"mce_SELRES_start\">\ufeff<\/span><\/iframe><\/p>\n<p style=\"text-align: justify; line-height: 150%;\">De los \u00faltimos dos modelos educativos m\u00e1s importantes, \u00bfcu\u00e1l ha realizado el mayor gasto p\u00fablico?<\/p>\n<p style=\"text-align: justify; line-height: 150%;\">La educaci\u00f3n boliviana ha atravesado por diversas etapas.<\/p>\n<p style=\"text-align: justify; line-height: 150%;\">Mucho se ha hablado y escrito sobre los problemas te\u00f3ricos de la educaci\u00f3n boliviana; esta vez nos interesa ver el gasto p\u00fablico, para ello, haremos una comparaci\u00f3n de dicho indicador entre los distintos per\u00edodos y\/modelos educativos.<\/p>\n<p style=\"text-align: justify; line-height: 150%;\">El \u00faltimo per\u00edodo neoliberal en el pa\u00eds tuvo como una de sus exponentes clave la llamada Reforma Educativa, con la Ley 1565 desarrollada por el gobierno de Gonzalo S\u00e1nchez de Lozada (1993-1997).<\/p>\n<p style=\"text-align: justify; line-height: 150%;\">En cambio, tras las revueltas sociales de 2003 (Febrero y Octubre Negro), y la llegada de Evo Morales al poder (2006-hasta la actualidad), inicia la ejecuci\u00f3n de otro modelo en 2010, denominado Econ\u00f3mico Social Comunitario Productivo que tiene su impacto en el \u00e1mbito educativo y est\u00e1 basado en la Ley 070 Avelino Si\u00f1ani-Elizardo P\u00e8rez, perteneciente al llamado Sistema Educativo Plurinacional.<\/p>\n<p style=\"text-align: justify; line-height: 150%;\">Revisando datos de organismos internacionales como el Banco Mundial y sistemas de informacion estad\u00edstica internacional como la web datosmacroexpansion.com, vemos que ambos modelos tuvieron etapas de alto gasto p\u00fablico en educaci\u00f3n.<\/p>\n<p style=\"text-align: justify; line-height: 150%;\">Un primer dato revelador es que estas etapas en ambos sistemas coincidieron con la implementaci\u00f3n de sus respectivas leyes.<\/p>\n<p style=\"text-align: justify; line-height: 150%;\">El momento de mayor gasto p\u00fablico de la \u00e9poca neoliberal fue el a\u00f1o 1995, meses despu\u00e9s de haberse lanzado la ley de Reforma Educativa.<\/p>\n<p style=\"text-align: justify; line-height: 150%;\">As\u00ed tambi\u00e9n, el denominado \u00abProceso de Cambio\u00bb, tuvo su mayor pico de gasto p\u00fablico en 2010 tras iniciarse la aplicaci\u00f3n de la Ley 070.<\/p>\n<p style=\"text-align: justify; line-height: 150%;\">En la siguiente tabla se puede observar una comparaci\u00f3n de los incrementos del gasto p\u00fablico en ambos modelos:<\/p>\n<div class=\"infogram-embed\" data-id=\"6c99500e-7787-4aac-8d94-3df34a670d2b\" data-type=\"interactive\" data-title=\"1\"><\/div>\n<p><script>!function(e,t,s,i){var n=\"InfogramEmbeds\",o=e.getElementsByTagName(\"script\")[0],d=\/^http:\/.test(e.location)?\"http:\":\"https:\";if(\/^\\\/{2}\/.test(i)&&(i=d+i),window[n]&&window[n].initialized)window[n].process&&window[n].process();else if(!e.getElementById(s)){var r=e.createElement(\"script\");r.async=1,r.id=s,r.src=i,o.parentNode.insertBefore(r,o)}}(document,0,\"infogram-async\",\"https:\/\/e.infogram.com\/js\/dist\/embed-loader-min.js\");<\/script><\/p>\n<div style=\"padding: 8px 0; font-family: Arial!important; font-size: 13px!important; line-height: 15px!important; text-align: center; border-top: 1px solid #dadada; margin: 0 30px;\"><a style=\"color: #989898!important; text-decoration: none!important;\" href=\"https:\/\/infogram.com\/6c99500e-7787-4aac-8d94-3df34a670d2b\" target=\"_blank\" rel=\"noopener\">1<\/a><br \/>\n<a style=\"color: #989898!important; text-decoration: none!important;\" href=\"https:\/\/infogram.com\" target=\"_blank\" rel=\"nofollow noopener\">Infogram<\/a><\/div>\n<p>Se puede apreciar que entre 1994 y 1995, hubo un incremento del gasto p\u00fablico educativo del, 4.5%, cifra que super\u00f3 al mismo indicador educativo de la etapa denominada \u00abProceso de Cambio\u00bb, cuyo subida m\u00e1xima lleg\u00f3 a 1,57%.<\/p>\n<div>A diferencia de la anterior tabla, en cambio, en esta se pueden apreciar las ca\u00eddas en el gasto p\u00fablico en ambos procesos hist\u00f3ricos. En el periodo neoliberal hubo una disminuci\u00f3n del 2,61% y en el Proceso de Cambio la ca\u00edda porcentual\u00a0 fue de 1,55%.<\/div>\n<div><\/div>\n<div class=\"infogram-embed\" data-id=\"58eff7a5-bdef-4027-b9b0-e125fbc10c79\" data-type=\"interactive\" data-title=\"2\"><\/div>\n<p><script>!function(e,t,s,i){var n=\"InfogramEmbeds\",o=e.getElementsByTagName(\"script\")[0],d=\/^http:\/.test(e.location)?\"http:\":\"https:\";if(\/^\\\/{2}\/.test(i)&&(i=d+i),window[n]&&window[n].initialized)window[n].process&&window[n].process();else if(!e.getElementById(s)){var r=e.createElement(\"script\");r.async=1,r.id=s,r.src=i,o.parentNode.insertBefore(r,o)}}(document,0,\"infogram-async\",\"https:\/\/e.infogram.com\/js\/dist\/embed-loader-min.js\");<\/script><\/p>\n<div style=\"padding: 8px 0; font-family: Arial!important; font-size: 13px!important; line-height: 15px!important; text-align: center; border-top: 1px solid #dadada; margin: 0 30px;\"><a style=\"color: #989898!important; text-decoration: none!important;\" href=\"https:\/\/infogram.com\/58eff7a5-bdef-4027-b9b0-e125fbc10c79\" target=\"_blank\" rel=\"noopener\">2<\/a><br \/>\n<a style=\"color: #989898!important; text-decoration: none!important;\" href=\"https:\/\/infogram.com\" target=\"_blank\" rel=\"nofollow noopener\">Infogram<\/a><\/div>\n<div><\/div>\n<div><\/div>\n<div class=\"infogram-embed\" data-id=\"35e3ced3-c971-4aa3-9bb0-0b01ddb3e6aa\" data-type=\"interactive\" data-title=\"3\">\n<div><\/div>\n<div class=\"public-DraftStyleDefault-block public-DraftStyleDefault-ltr\" data-offset-key=\"6nb21-0-0\">Gasto P\u00fablico en Educaci\u00f3n respecto al <span data-offset-key=\"6nb21-0-0\">Producto Interno Bruto:<\/span><\/div>\n<div>\n<div class=\"public-DraftStyleDefault-block public-DraftStyleDefault-ltr\" data-offset-key=\"adgv8-0-0\"><span data-offset-key=\"adgv8-0-0\"> Incremento de puntos porcentuales en el \u00abPeriodo Neoliberal\u00bb y \u00abProceso de Cambio\u00bb<\/span><\/div>\n<div data-offset-key=\"adgv8-0-0\">Mientras que en el periodo neoliberal se registr\u00f3 un incremento del 0,15%, en el denominado \u00abProceso de Cambio\u00bb, la suba fue de 1,4%.<\/div>\n<\/div>\n<\/div>\n<p><script>!function(e,t,s,i){var n=\"InfogramEmbeds\",o=e.getElementsByTagName(\"script\")[0],d=\/^http:\/.test(e.location)?\"http:\":\"https:\";if(\/^\\\/{2}\/.test(i)&&(i=d+i),window[n]&&window[n].initialized)window[n].process&&window[n].process();else if(!e.getElementById(s)){var r=e.createElement(\"script\");r.async=1,r.id=s,r.src=i,o.parentNode.insertBefore(r,o)}}(document,0,\"infogram-async\",\"https:\/\/e.infogram.com\/js\/dist\/embed-loader-min.js\");<\/script><\/p>\n<div style=\"padding: 8px 0; font-family: Arial!important; font-size: 13px!important; line-height: 15px!important; text-align: center; border-top: 1px solid #dadada; margin: 0 30px;\"><a style=\"color: #989898!important; text-decoration: none!important;\" href=\"https:\/\/infogram.com\/35e3ced3-c971-4aa3-9bb0-0b01ddb3e6aa\" target=\"_blank\" rel=\"noopener\">3<\/a><a style=\"color: #989898!important; text-decoration: none!important;\" href=\"https:\/\/infogram.com\" target=\"_blank\" rel=\"nofollow noopener\">Infogram<\/a><\/div>\n<div><\/div>\n<div class=\"infogram-embed\" data-id=\"ac281851-f119-4383-9976-411dd848b36c\" data-type=\"interactive\" data-title=\"4\"><\/div>\n<p><script>!function(e,t,s,i){var n=\"InfogramEmbeds\",o=e.getElementsByTagName(\"script\")[0],d=\/^http:\/.test(e.location)?\"http:\":\"https:\";if(\/^\\\/{2}\/.test(i)&&(i=d+i),window[n]&&window[n].initialized)window[n].process&&window[n].process();else if(!e.getElementById(s)){var r=e.createElement(\"script\");r.async=1,r.id=s,r.src=i,o.parentNode.insertBefore(r,o)}}(document,0,\"infogram-async\",\"https:\/\/e.infogram.com\/js\/dist\/embed-loader-min.js\");<\/script><\/p>\n<div style=\"padding: 8px 0; font-family: Arial!important; font-size: 13px!important; line-height: 15px!important; text-align: center; border-top: 1px solid #dadada; margin: 0 30px;\"><a style=\"color: #989898!important; text-decoration: none!important;\" href=\"https:\/\/infogram.com\/ac281851-f119-4383-9976-411dd848b36c\" target=\"_blank\" rel=\"noopener\">4<\/a><br \/>\n<a style=\"color: #989898!important; text-decoration: none!important;\" href=\"https:\/\/infogram.com\" target=\"_blank\" rel=\"nofollow noopener\">Infogram<\/a><\/div>\n<div><\/div>\n<div class=\"infogram-embed\" data-id=\"aa9a0235-4644-4f8d-b110-2c91bd036e2f\" data-type=\"interactive\" data-title=\"5\">\n<div class=\"public-DraftStyleDefault-block public-DraftStyleDefault-ltr\" data-offset-key=\"dellh-0-0\"><span data-offset-key=\"dellh-0-0\">Gasto P\u00fablico en Educaci\u00f3n por Alumno <\/span><\/div>\n<div class=\"public-DraftStyleDefault-block public-DraftStyleDefault-ltr\" data-offset-key=\"ak82k-0-0\"><span data-offset-key=\"ak82k-0-0\">(Nivel Primario) <\/span><span data-offset-key=\"9pvq0-0-0\">respecto al Producto Interno Bruto:<\/span><\/div>\n<div class=\"public-DraftStyleDefault-block public-DraftStyleDefault-ltr\" data-offset-key=\"cu6c0-0-0\"><span data-offset-key=\"cu6c0-0-0\">Incremento de puntos porcentuales en el <\/span><\/div>\n<div class=\"public-DraftStyleDefault-block public-DraftStyleDefault-ltr\" data-offset-key=\"eabe7-0-0\"><span data-offset-key=\"eabe7-0-0\">\u00abPeriodo Neoliberal\u00bb y \u00abProceso de Cambio\u00bb<\/span><\/div>\n<\/div>\n<p><script>!function(e,t,s,i){var n=\"InfogramEmbeds\",o=e.getElementsByTagName(\"script\")[0],d=\/^http:\/.test(e.location)?\"http:\":\"https:\";if(\/^\\\/{2}\/.test(i)&&(i=d+i),window[n]&&window[n].initialized)window[n].process&&window[n].process();else if(!e.getElementById(s)){var r=e.createElement(\"script\");r.async=1,r.id=s,r.src=i,o.parentNode.insertBefore(r,o)}}(document,0,\"infogram-async\",\"https:\/\/e.infogram.com\/js\/dist\/embed-loader-min.js\");<\/script><\/p>\n<div style=\"padding: 8px 0; font-family: Arial!important; font-size: 13px!important; line-height: 15px!important; text-align: center; border-top: 1px solid #dadada; margin: 0 30px;\"><a style=\"color: #989898!important; text-decoration: none!important;\" href=\"https:\/\/infogram.com\/aa9a0235-4644-4f8d-b110-2c91bd036e2f\" target=\"_blank\" rel=\"noopener\">5<\/a><br \/>\n<a style=\"color: #989898!important; text-decoration: none!important;\" href=\"https:\/\/infogram.com\" target=\"_blank\" rel=\"nofollow noopener\">Infogram<\/a><\/div>\n<div><\/div>\n<div>Como se puede ver, la ca\u00edda de este indicador en el Proceso de Cambio fue m\u00e1s dr\u00e1stica que en el per\u00edodo Neoliberal.<\/div>\n<div class=\"infogram-embed\" data-id=\"acbe5fb8-26b6-474b-bc6b-ab6b53c0c907\" data-type=\"interactive\" data-title=\"6\"><\/div>\n<p><script>!function(e,t,s,i){var n=\"InfogramEmbeds\",o=e.getElementsByTagName(\"script\")[0],d=\/^http:\/.test(e.location)?\"http:\":\"https:\";if(\/^\\\/{2}\/.test(i)&&(i=d+i),window[n]&&window[n].initialized)window[n].process&&window[n].process();else if(!e.getElementById(s)){var r=e.createElement(\"script\");r.async=1,r.id=s,r.src=i,o.parentNode.insertBefore(r,o)}}(document,0,\"infogram-async\",\"https:\/\/e.infogram.com\/js\/dist\/embed-loader-min.js\");<\/script><\/p>\n<div style=\"padding: 8px 0; font-family: Arial!important; font-size: 13px!important; line-height: 15px!important; text-align: center; border-top: 1px solid #dadada; margin: 0 30px;\"><a style=\"color: #989898!important; text-decoration: none!important;\" href=\"https:\/\/infogram.com\/acbe5fb8-26b6-474b-bc6b-ab6b53c0c907\" target=\"_blank\" rel=\"noopener\">6<\/a><br \/>\n<a style=\"color: #989898!important; text-decoration: none!important;\" href=\"https:\/\/infogram.com\" target=\"_blank\" rel=\"nofollow noopener\">Infogram<\/a><\/div>\n<div><\/div>\n<div><iframe loading=\"lazy\" src=\"https:\/\/www.youtube.com\/embed\/gvrJt6AdgME\" width=\"560\" height=\"315\" frameborder=\"0\" allowfullscreen=\"allowfullscreen\"><\/iframe><\/div>\n<div><\/div>\n","protected":false},"excerpt":{"rendered":"<p>\ufeff\ufeff De los \u00faltimos dos modelos educativos m\u00e1s importantes, \u00bfcu\u00e1l ha realizado el mayor gasto p\u00fablico? La educaci\u00f3n boliviana ha atravesado por diversas etapas. Mucho se ha hablado y escrito sobre los problemas te\u00f3ricos de la educaci\u00f3n boliviana; esta vez nos interesa ver el gasto p\u00fablico, para ello, haremos una comparaci\u00f3n de dicho indicador entre los distintos per\u00edodos y\/modelos educativos.<\/p>\n","protected":false},"author":6,"featured_media":1016,"comment_status":"open","ping_status":"open","sticky":false,"template":"","format":"standard","meta":{"footnotes":""},"categories":[45],"tags":[],"class_list":["post-1000","post","type-post","status-publish","format-standard","has-post-thumbnail","hentry","category-trabajos"],"_links":{"self":[{"href":"https:\/\/fundacionperiodismo.org\/formacion-dual-2019\/wp-json\/wp\/v2\/posts\/1000","targetHints":{"allow":["GET"]}}],"collection":[{"href":"https:\/\/fundacionperiodismo.org\/formacion-dual-2019\/wp-json\/wp\/v2\/posts"}],"about":[{"href":"https:\/\/fundacionperiodismo.org\/formacion-dual-2019\/wp-json\/wp\/v2\/types\/post"}],"author":[{"embeddable":true,"href":"https:\/\/fundacionperiodismo.org\/formacion-dual-2019\/wp-json\/wp\/v2\/users\/6"}],"replies":[{"embeddable":true,"href":"https:\/\/fundacionperiodismo.org\/formacion-dual-2019\/wp-json\/wp\/v2\/comments?post=1000"}],"version-history":[{"count":13,"href":"https:\/\/fundacionperiodismo.org\/formacion-dual-2019\/wp-json\/wp\/v2\/posts\/1000\/revisions"}],"predecessor-version":[{"id":1034,"href":"https:\/\/fundacionperiodismo.org\/formacion-dual-2019\/wp-json\/wp\/v2\/posts\/1000\/revisions\/1034"}],"wp:featuredmedia":[{"embeddable":true,"href":"https:\/\/fundacionperiodismo.org\/formacion-dual-2019\/wp-json\/wp\/v2\/media\/1016"}],"wp:attachment":[{"href":"https:\/\/fundacionperiodismo.org\/formacion-dual-2019\/wp-json\/wp\/v2\/media?parent=1000"}],"wp:term":[{"taxonomy":"category","embeddable":true,"href":"https:\/\/fundacionperiodismo.org\/formacion-dual-2019\/wp-json\/wp\/v2\/categories?post=1000"},{"taxonomy":"post_tag","embeddable":true,"href":"https:\/\/fundacionperiodismo.org\/formacion-dual-2019\/wp-json\/wp\/v2\/tags?post=1000"}],"curies":[{"name":"wp","href":"https:\/\/api.w.org\/{rel}","templated":true}]}}