{"id":1097,"date":"2019-12-20T14:11:16","date_gmt":"2019-12-20T18:11:16","guid":{"rendered":"https:\/\/fundacionperiodismo.org\/formacion-dual-2019\/?p=1097"},"modified":"2020-01-09T13:53:55","modified_gmt":"2020-01-09T17:53:55","slug":"cuando-la-politica-toca-al-deporte-suenos-diluidos-en-barricadas","status":"publish","type":"post","link":"https:\/\/fundacionperiodismo.org\/formacion-dual-2019\/2019\/12\/20\/cuando-la-politica-toca-al-deporte-suenos-diluidos-en-barricadas\/","title":{"rendered":"Cuando la pol\u00edtica toca al deporte; sue\u00f1os diluidos en barricadas"},"content":{"rendered":"<p><em>Fiorella Mait\u00e9 Quispe Mendoza, una adolescente nacida en El Alto, vio frustrados sus sue\u00f1os de ser campeona sudamericana al suspenderse un torneo internacional a causa del \u00faltimo conflicto social en Bolivia. <!--more--> El deporte en general sufri\u00f3 las consecuencias de las marchas, bloqueos y paros.<\/em><\/p>\n<figure id=\"attachment_1145\" aria-describedby=\"caption-attachment-1145\" style=\"width: 1500px\" class=\"wp-caption alignnone\"><img loading=\"lazy\" decoding=\"async\" class=\"wp-image-1145 size-full\" src=\"https:\/\/fundacionperiodismo.org\/formacion-dual-2019\/wp-content\/uploads\/2019\/12\/Fiorella-entrenador.jpg\" alt=\"\" width=\"1500\" height=\"1000\" srcset=\"https:\/\/fundacionperiodismo.org\/formacion-dual-2019\/wp-content\/uploads\/2019\/12\/Fiorella-entrenador.jpg 1500w, https:\/\/fundacionperiodismo.org\/formacion-dual-2019\/wp-content\/uploads\/2019\/12\/Fiorella-entrenador-300x200.jpg 300w, https:\/\/fundacionperiodismo.org\/formacion-dual-2019\/wp-content\/uploads\/2019\/12\/Fiorella-entrenador-768x512.jpg 768w, https:\/\/fundacionperiodismo.org\/formacion-dual-2019\/wp-content\/uploads\/2019\/12\/Fiorella-entrenador-1024x683.jpg 1024w\" sizes=\"auto, (max-width: 1500px) 100vw, 1500px\" \/><figcaption id=\"caption-attachment-1145\" class=\"wp-caption-text\">Fiorella junto con su entrenador durante la \u00faltima competencia departamental.<\/figcaption><\/figure>\n<p>\u2014Esperaba con ansias el torneo, pens\u00e9 que me iban a conocer todos y me mostrar\u00eda realmente como soy, una taekwondista de coraz\u00f3n, pero cuando comenzaron los conflictos me sent\u00ed\u2026<\/p>\n<p>Fiorella se quiebra. No puede contener su llanto frente a la c\u00e1mara y delante de toda su familia. Su padre, Wilson Quispe, se sorprende. \u00c9l recuerda que cuando se enteraron que la Federaci\u00f3n Boliviana de Taekwondo cancel\u00f3 el torneo, ambos echaron rabietas, pero no pas\u00f3 a m\u00e1s.<\/p>\n<p>Para ella, este era un a\u00f1o de grandes desaf\u00edos. Hab\u00eda alcanzado lo m\u00e1s alto del taekwondo desde sus nueve a\u00f1os y por fin avizoraba superar retos internacionales a sus 14.<\/p>\n<p><iframe loading=\"lazy\" src=\"https:\/\/www.youtube.com\/embed\/A4t5h_fKiR4\" width=\"100%\" height=\"490\" frameborder=\"0\" allowfullscreen=\"allowfullscreen\"><\/iframe><\/p>\n<p>Fiorella Mait\u00e9 Quispe Mendoza naci\u00f3 en El Alto y era una de los 67 taekwondistas bolivianos que se alistaban para competir en el campeonato Sudamericano a realizarse en Santa Cruz, el 8 y 9 de noviembre.<\/p>\n<p>\u2014En mi primera clase de taekwondo me sent\u00ed extra\u00f1a, pero me trataron bien y fui perdiendo el miedo poco a poco. Mi pap\u00e1 me dijo que ah\u00ed aprender\u00eda a defenderme.<\/p>\n<p>Era el 2014 cuando pis\u00f3 por primera vez un tatami, aquella superficie de origen japon\u00e9s caracter\u00edstica de los hogares nipones.<\/p>\n<p>Las primeras medallas no tardaron en llegar, muchas de ellas doradas: en preinfantil, luego infantil y finalmente en la categor\u00eda cadetes.<\/p>\n<p>\u2014Son \u00e9stas, las (medallas) de arriba son departamentales y las de abajo son nacionales.<\/p>\n<p>Fiorella muestra orgullosa sus preseas colgadas en un ropero de su peque\u00f1a habitaci\u00f3n que comparte con sus dos hermanos menores. Por cierto, un restringido espacio en el medio se convirti\u00f3 en su centro de entrenamiento mientras la ciudad de El Alto estaba sitiada.<\/p>\n<figure id=\"attachment_1151\" aria-describedby=\"caption-attachment-1151\" style=\"width: 1500px\" class=\"wp-caption alignnone\"><img loading=\"lazy\" decoding=\"async\" class=\"wp-image-1151 size-full\" src=\"https:\/\/fundacionperiodismo.org\/formacion-dual-2019\/wp-content\/uploads\/2019\/12\/Fiorella-cuarto2.jpg\" alt=\"\" width=\"1500\" height=\"1058\" srcset=\"https:\/\/fundacionperiodismo.org\/formacion-dual-2019\/wp-content\/uploads\/2019\/12\/Fiorella-cuarto2.jpg 1500w, https:\/\/fundacionperiodismo.org\/formacion-dual-2019\/wp-content\/uploads\/2019\/12\/Fiorella-cuarto2-300x212.jpg 300w, https:\/\/fundacionperiodismo.org\/formacion-dual-2019\/wp-content\/uploads\/2019\/12\/Fiorella-cuarto2-768x542.jpg 768w, https:\/\/fundacionperiodismo.org\/formacion-dual-2019\/wp-content\/uploads\/2019\/12\/Fiorella-cuarto2-1024x722.jpg 1024w\" sizes=\"auto, (max-width: 1500px) 100vw, 1500px\" \/><figcaption id=\"caption-attachment-1151\" class=\"wp-caption-text\">Fiorella tuvo que entrenar en su cuarto durante el conflicto.<\/figcaption><\/figure>\n<p>El estruendo de los petardos, los gritos desesperados de la gente y el ladrido temeroso de los perros acompa\u00f1aban sus sesiones en su casa de Ciudad Sat\u00e9lite. Ella sab\u00eda que no estaba c\u00f3moda, pero no ten\u00eda otra alternativa. Tampoco era buena idea salir al patio porque el vecindario estaba en alerta ante cualquier peligro de saqueo.<\/p>\n<p>\u2014Cuando me enter\u00e9 que en Bolivia se realizar\u00eda el torneo Sudamericano me emocion\u00e9 mucho, relata Fiorella. Ella sab\u00eda que deb\u00eda entrenar y que las barricadas en las calles no deb\u00edan ser un impedimento.<\/p>\n<p>La \u201cpesadilla\u201d comenz\u00f3 el 20 de octubre, d\u00eda de las elecciones para Presidente. El 21 comenzaron las movilizaciones con bloqueos que se fueron agudizando hasta el 10 de noviembre, cuando renunci\u00f3 Evo Morales, quien incluso estuvo preocupado en el f\u00fatbol una semana antes.<\/p>\n<p>A comienzos de ese mes, la Federaci\u00f3n ya hab\u00eda suspendido el evento, pero anunciaba que el Sudamericano de Taekwondo pod\u00eda realizarse en diciembre. Sin embargo, el 11 de noviembre oficializaron la cancelaci\u00f3n definitiva del evento. La pacificaci\u00f3n del pa\u00eds con una nueva Presidenta \u2013Jeannine \u00c1\u00f1ez- reci\u00e9n lleg\u00f3 entre el 22 y 25 de noviembre.<\/p>\n<figure id=\"attachment_1165\" aria-describedby=\"caption-attachment-1165\" style=\"width: 221px\" class=\"wp-caption alignleft\"><img loading=\"lazy\" decoding=\"async\" class=\"wp-image-1165 size-medium\" src=\"https:\/\/fundacionperiodismo.org\/formacion-dual-2019\/wp-content\/uploads\/2019\/12\/Carta-suspensi\u00f3n-definitiva-221x300.jpg\" alt=\"\" width=\"221\" height=\"300\" srcset=\"https:\/\/fundacionperiodismo.org\/formacion-dual-2019\/wp-content\/uploads\/2019\/12\/Carta-suspensi\u00f3n-definitiva-221x300.jpg 221w, https:\/\/fundacionperiodismo.org\/formacion-dual-2019\/wp-content\/uploads\/2019\/12\/Carta-suspensi\u00f3n-definitiva.jpg 707w\" sizes=\"auto, (max-width: 221px) 100vw, 221px\" \/><figcaption id=\"caption-attachment-1165\" class=\"wp-caption-text\">El comunicado oficial suspendiendo el torneo.<\/figcaption><\/figure>\n<p>Su padre, todav\u00eda angustiado, acompa\u00f1a a Fiorella en su tristeza. Aquel 11 de noviembre la frustraci\u00f3n tambi\u00e9n lo invad\u00eda.<\/p>\n<p>\u2014Hice los reclamos a los dirigentes en La Paz, tambi\u00e9n publiqu\u00e9 mi queja en Facebook y para que el evento se realice en diciembre, pero pocos padres me apoyaron.<\/p>\n<p>Don Wilson afirma tambi\u00e9n que la desaz\u00f3n fue mutua; cuenta que cuando fue joven tambi\u00e9n practicaba taekwondo, pero nunca hab\u00eda ganado una medalla. Ahora, los logros de Fiorella los asume como suyos.<\/p>\n<p>Su rabia contenida no huye de su mente. Le viene a la memoria la inversi\u00f3n de a\u00f1os de entrenamiento. Calcula que por un uniforme completo \u2013el m\u00e1s barato- gasta 500 d\u00f3lares; y como ella est\u00e1 en pleno crecimiento, se debe renovar constantemente. Tambi\u00e9n tuvo que acudir a pr\u00e9stamos para cubrir sus viajes, como los cuatro \u00faltimos que hizo en Santa Cruz, donde la selecci\u00f3n boliviana se concentr\u00f3 para afianzar los entrenamientos.<\/p>\n<figure id=\"attachment_1152\" aria-describedby=\"caption-attachment-1152\" style=\"width: 1360px\" class=\"wp-caption alignnone\"><img loading=\"lazy\" decoding=\"async\" class=\"wp-image-1152 size-full\" src=\"https:\/\/fundacionperiodismo.org\/formacion-dual-2019\/wp-content\/uploads\/2019\/12\/Fiorella-familia.jpg\" alt=\"\" width=\"1360\" height=\"976\" srcset=\"https:\/\/fundacionperiodismo.org\/formacion-dual-2019\/wp-content\/uploads\/2019\/12\/Fiorella-familia.jpg 1360w, https:\/\/fundacionperiodismo.org\/formacion-dual-2019\/wp-content\/uploads\/2019\/12\/Fiorella-familia-300x215.jpg 300w, https:\/\/fundacionperiodismo.org\/formacion-dual-2019\/wp-content\/uploads\/2019\/12\/Fiorella-familia-768x551.jpg 768w, https:\/\/fundacionperiodismo.org\/formacion-dual-2019\/wp-content\/uploads\/2019\/12\/Fiorella-familia-1024x735.jpg 1024w\" sizes=\"auto, (max-width: 1360px) 100vw, 1360px\" \/><figcaption id=\"caption-attachment-1152\" class=\"wp-caption-text\">Fiorella y su familia.<\/figcaption><\/figure>\n<p><strong>PERJUICIO GENERALIZADO<\/strong><\/p>\n<p>Fiorella no es la \u00fanica afectada por el reciente conflicto, son miles de deportistas bolivianos que vivieron historias parecidas. Un recuento de los da\u00f1os revela que casi 20 federaciones deportivas del pa\u00eds cancelaron, suspendieron y postergaron unos 25 torneos nacionales. Tambi\u00e9n, muchos resignaron su participaci\u00f3n en campeonatos internacionales.<\/p>\n<p>Incluso el f\u00fatbol profesional estuvo en vilo por m\u00e1s de un mes, pero al final retom\u00f3 su torneo con varias dificultades, principalmente de car\u00e1cter econ\u00f3mico.<\/p>\n<p><strong>UN NUEVO DESAF\u00cdO<\/strong><\/p>\n<p><iframe loading=\"lazy\" src=\"https:\/\/www.youtube.com\/embed\/hAx1mylWhFQ\" width=\"100%\" height=\"490\" frameborder=\"0\" allowfullscreen=\"allowfullscreen\"><span data-mce-type=\"bookmark\" style=\"display: inline-block; width: 0px; overflow: hidden; line-height: 0;\" class=\"mce_SELRES_start\">\ufeff<\/span><\/iframe><\/p>\n<p>Fiorella perdi\u00f3 ritmo de competencia. No entren\u00f3 seis semanas continuas por los conflictos sociales. Aunque ya se resign\u00f3 a ser campeona sudamericana en la categor\u00eda cadetes, ahora apunta a construir una nueva historia en Junior (15-17 a\u00f1os). Su nuevo objetivo son los Juegos Bolivarianos de la Juventud, previstos para octubre de 2020 en Sucre, Bolivia.<\/p>\n<p>\u2014He vuelto a entrenar con un nivel m\u00e1s bajo, pero debo recuperarme con el apoyo de mis entrenadores y amigos. Me considero una chica fuerte y con mente positiva. Mi sue\u00f1o es alcanzar medallas en un torneo Sudamericano y ser campeona. Ahora quiero estar en los Bolivarianos de la Juventud. Conf\u00edo en m\u00ed.<\/p>\n<p>Fiorella alg\u00fan d\u00eda quiere ser como Virginia Dell\u00e1n, la taekwondista venezolana ganadora de la medalla de oro en los Panamericanos de 2016.<\/p>\n<div style=\"width: 100%;\">\n<div style=\"position: relative; padding-bottom: 56.25%; padding-top: 0; height: 0;\"><iframe loading=\"lazy\" style=\"position: absolute; top: 0; left: 0; width: 100%; height: 100%;\" src=\"https:\/\/view.genial.ly\/5dfcd1f20f97e10f88fb835c\" width=\"1200\" height=\"675\" frameborder=\"0\" scrolling=\"yes\" allowfullscreen=\"allowfullscreen\"><\/iframe><\/div>\n<\/div>\n","protected":false},"excerpt":{"rendered":"<p>Fiorella Mait\u00e9 Quispe Mendoza, una adolescente nacida en El Alto, vio frustrados sus sue\u00f1os de ser campeona sudamericana al suspenderse un torneo internacional a causa del \u00faltimo conflicto social en Bolivia.<\/p>\n","protected":false},"author":17,"featured_media":1098,"comment_status":"open","ping_status":"open","sticky":false,"template":"","format":"standard","meta":{"footnotes":""},"categories":[75],"tags":[],"class_list":["post-1097","post","type-post","status-publish","format-standard","has-post-thumbnail","hentry","category-modulo-10-trabajos-finales"],"_links":{"self":[{"href":"https:\/\/fundacionperiodismo.org\/formacion-dual-2019\/wp-json\/wp\/v2\/posts\/1097","targetHints":{"allow":["GET"]}}],"collection":[{"href":"https:\/\/fundacionperiodismo.org\/formacion-dual-2019\/wp-json\/wp\/v2\/posts"}],"about":[{"href":"https:\/\/fundacionperiodismo.org\/formacion-dual-2019\/wp-json\/wp\/v2\/types\/post"}],"author":[{"embeddable":true,"href":"https:\/\/fundacionperiodismo.org\/formacion-dual-2019\/wp-json\/wp\/v2\/users\/17"}],"replies":[{"embeddable":true,"href":"https:\/\/fundacionperiodismo.org\/formacion-dual-2019\/wp-json\/wp\/v2\/comments?post=1097"}],"version-history":[{"count":5,"href":"https:\/\/fundacionperiodismo.org\/formacion-dual-2019\/wp-json\/wp\/v2\/posts\/1097\/revisions"}],"predecessor-version":[{"id":1325,"href":"https:\/\/fundacionperiodismo.org\/formacion-dual-2019\/wp-json\/wp\/v2\/posts\/1097\/revisions\/1325"}],"wp:featuredmedia":[{"embeddable":true,"href":"https:\/\/fundacionperiodismo.org\/formacion-dual-2019\/wp-json\/wp\/v2\/media\/1098"}],"wp:attachment":[{"href":"https:\/\/fundacionperiodismo.org\/formacion-dual-2019\/wp-json\/wp\/v2\/media?parent=1097"}],"wp:term":[{"taxonomy":"category","embeddable":true,"href":"https:\/\/fundacionperiodismo.org\/formacion-dual-2019\/wp-json\/wp\/v2\/categories?post=1097"},{"taxonomy":"post_tag","embeddable":true,"href":"https:\/\/fundacionperiodismo.org\/formacion-dual-2019\/wp-json\/wp\/v2\/tags?post=1097"}],"curies":[{"name":"wp","href":"https:\/\/api.w.org\/{rel}","templated":true}]}}