{"id":1102,"date":"2019-12-20T14:12:40","date_gmt":"2019-12-20T18:12:40","guid":{"rendered":"https:\/\/fundacionperiodismo.org\/formacion-dual-2019\/?p=1102"},"modified":"2020-01-09T13:53:21","modified_gmt":"2020-01-09T17:53:21","slug":"dos-noches-de-pavor-la-prueba-de-fuego-para-los-negocios","status":"publish","type":"post","link":"https:\/\/fundacionperiodismo.org\/formacion-dual-2019\/2019\/12\/20\/dos-noches-de-pavor-la-prueba-de-fuego-para-los-negocios\/","title":{"rendered":"Noche de terror para los negocios"},"content":{"rendered":"<h4 class=\"rich-text editor-rich-text__editable block-editor-rich-text__editable is-selected\" style=\"padding-left: 40px;\" role=\"textbox\" contenteditable=\"true\" aria-multiline=\"true\" aria-label=\"Escribe el encabezado\u2026\"><em data-rich-text-format-boundary=\"true\">En noviembre del 2019, al menos 16 negocios fueron atacados por gente violenta en La Paz. Giovanna, vendedora de una de las tiendas, tuvo que hacer guardia en la puerta <\/em> <em>de su trabajo<\/em> <em>para que no lo ataquen.\u00a0<!--more--><\/p>\n<p> A Gladys, due\u00f1a de un peque\u00f1o almac\u00e9n, le inquieta la idea de que agresiones similares vuelvan a repetirse. Lo seguro es que ambas mujeres sintieron miedo esa noche.<\/em><\/h4>\n<p>&nbsp;<\/p>\n<p>Algunas puertas de vidrio est\u00e1n quebradas. Tienen surcos que parecen impactos de balas. Distintos edificios y viviendas de la zona de <a href=\"https:\/\/www.google.com\/maps\/place\/Cota+Cota,+La+Paz\/@-16.541497,-68.0733463,15z\/data=!3m1!4b1!4m5!3m4!1s0x915f214eea24f19d:0x939628c2a30ba8f3!8m2!3d-16.5407575!4d-68.0634163\" target=\"_blank\" rel=\"noopener noreferrer\">Cota Cota<\/a>, en La Paz, a\u00fan permanecen con las ventanas rotas. En otro lugar, hay restos de fierros y pl\u00e1sticos chamuscados por causa de un incendio que transform\u00f3 los veh\u00edculos en cenizas. En una de las casas, en la pared, hay un grafiti que dice \u201cDictador\u201d. Parece una zona de guerra.<\/p>\n<p><!--more--><\/p>\n<p>El 10 y 11 de noviembre, despu\u00e9s de la renuncia de Evo Morales, se registraron ataques a diferentes establecimientos de la zona sur en La Paz. La revisi\u00f3n de las noticias no reproduce a cabalidad lo que sintieron las personas en esas fechas. Podr\u00eda parecer una pel\u00edcula de terror, pero el miedo fue real.<\/p>\n<p>&nbsp;<\/p>\n<figure style=\"width: 4496px\" class=\"wp-caption aligncenter\"><a href=\"http:\/\/archive.org\/download\/Dictador\/Dictador.jpg\"><img loading=\"lazy\" decoding=\"async\" class=\"size-medium\" src=\"http:\/\/archive.org\/download\/Dictador\/Dictador.jpg\" alt=\"Foto: Aldo Peralta 13\/12\/2019\" width=\"4496\" height=\"3000\" \/><\/a><figcaption class=\"wp-caption-text\">Vi<span class=\"st\">\u00f1<\/span>eta en una de las casas de la calle 26 de Cota Cota, en La Paz.\u00a0 Foto: Aldo Peralta 13\/12\/2019<\/figcaption><\/figure>\n<p>&nbsp;<\/p>\n<p>Un mes despu\u00e9s, un recorrido por la zona de Cota Cota permite comprobar las marcas en 16 negocios, y en algunos inmuebles, que fueron afectados por actos vand\u00e1licos de personas que estaban en contra de la salida de Morales. Fueron brutales agresiones que culminaron en saqueos, destrozos y, en el peor de los casos, el incendi\u00f3 de algunas casas y 64 buses Pumakatari.<\/p>\n<p>La avenida Mu\u00f1oz Reyes es la principal avenida de esa zona. Es tranquilo transitar por esta v\u00eda; sin embargo, despu\u00e9s de 34 d\u00edas de los hechos vand\u00e1licos, los ventanales de algunos edificios contin\u00faan rotos, como si fuese la cicatriz de una herida que no termin\u00f3 de sanar.<\/p>\n<p>Entre las calles 24 y 30 de Cota Cota hay diferentes comercios. Algunos de los inmuebles donde est\u00e1n ubicados estos negocios son grandes edificios de m\u00e1s de 17 pisos que parecen fortalezas impenetrables; sin embargo, son fr\u00e1giles en la base porque las fachadas de las tiendas son de vidrio.<\/p>\n<p>&nbsp;<\/p>\n<div style=\"width: 100%;\">\n<div style=\"position: relative; padding-bottom: 56.25%; padding-top: 0; height: 0;\"><iframe loading=\"lazy\" style=\"position: absolute; top: 0; left: 0; width: 100%; height: 100%;\" src=\"https:\/\/view.genial.ly\/5dfbb1d2e21e6e0fc9f3d2e4\" width=\"1200px\" height=\"675px\" frameborder=\"0\" scrolling=\"yes\" allowfullscreen=\"allowfullscreen\"><\/iframe><\/div>\n<\/div>\n<p>&nbsp;<\/p>\n<p>Giovanna Cachi trabaja en una de las tiendas de esa zona. Es vendedora en la tienda de Sobopret. Este negocio comercializa material de construcci\u00f3n y est\u00e1 ubicado a media cuadra de la calle 28. No es una tienda muy grande, es un espacio de casi 40 metros cuadrados con un pasillo estrecho, que posiblemente ayud\u00f3 para que los v\u00e1ndalos no se llevaran los tres escritorios de madera de color caf\u00e9 oscuro y las pesadas muestras de viguetas de cemento que est\u00e1n en el piso junto a dos pilares de plastoformo. Este material es muy inflamable y pudo ser f\u00e1cilmente incendiado la noche del domingo 10 de noviembre.<\/p>\n<p>Una semana antes de ese inusual domingo en <a href=\"https:\/\/www.google.com\/maps\/place\/Chasquipampa,+La+Paz\/@-16.5393938,-68.0583716,15z\/data=!3m1!4b1!4m5!3m4!1s0x915f21579f280765:0xabcb60e717913a33!8m2!3d-16.5390492!4d-68.0492413\" target=\"_blank\" rel=\"noopener noreferrer\">Chasquipampa<\/a>, que es una zona cerca a Cota Cota, se registraron bloqueos, movilizaciones de simpatizantes del expresidente y enfrentamientos en contra de los polic\u00edas. Giovanna pudo presenciar esos conflictos porque decidi\u00f3 alojarse temporalmente en la casa de uno de sus familiares. Quer\u00eda estar m\u00e1s cerca de su trabajo. Cada d\u00eda tuvo que sortear los bloqueos para llegar hasta Sobopret.<\/p>\n<p>Un d\u00eda antes de la renuncia, el s\u00e1bado 9, la jornada de trabajo fue normal. Giovanna y sus compa\u00f1eros abrieron la tienda a las 8:30 y cerraron a las 12:30 \u201cpuntual\u201d. Pese a la falta de minib\u00fas para trasladarse y los conflictos, para ella era m\u00e1s seguro movilizarse a pie por esa zona.<\/p>\n<p>Para sorpresa de todos, el domingo a las 16:51 Morales hizo p\u00fablica su renuncia a la presidencia. Giovanna, al enterarse de esa noticia, decidi\u00f3 acudir a la tienda para resguardarla porque escuch\u00f3 que las personas que continuaban movilizadas, en la calle 53 de Chasquipampa, ten\u00edan el objetivo de saquear los negocios. M\u00e1s ahora que su referente pol\u00edtico dio un paso al costado.<\/p>\n<p>\u201cHab\u00eda gente que lloraba (\u2026) escuch\u00e9 que estaban bajando para empezar a saquear. Todos dec\u00edan: \u00a1van a saquear! Yo me dije: \u2018ir\u00e9 a la oficina a ver\u2019. Con mi hermana y mi hermano hemos querido bajar, pero la Polic\u00eda no nos dej\u00f3 porque en la 53 a\u00fan segu\u00edan gasificando\u201d.<\/p>\n<p>&nbsp;<\/p>\n<div style=\"width: 100%;\">\n<div style=\"position: relative; padding-bottom: 56.25%; padding-top: 0; height: 0;\"><iframe loading=\"lazy\" style=\"position: absolute; top: 0; left: 0; width: 100%; height: 100%;\" src=\"https:\/\/view.genial.ly\/5e05946fea1e710f87868ce5\" width=\"1200px\" height=\"675px\" frameborder=\"0\" scrolling=\"yes\" allowfullscreen=\"allowfullscreen\"><\/iframe><\/div>\n<\/div>\n<p>&nbsp;<\/p>\n<p>Giovanna con sus hermanos buscaron otros caminos que estuvieran alejados de la gasificaci\u00f3n para bajar hasta Cota Cota. Sin embargo, no se imagin\u00f3 que en esa b\u00fasqueda de otra v\u00eda se topar\u00eda con el incendio de los primeros <a href=\"https:\/\/www.facebook.com\/AMNLaPaz\/videos\/391419721779942\/\" target=\"_blank\" rel=\"noopener noreferrer\">buses Pumakatari<\/a>.<\/p>\n<p>\u201cQuisimos bajar de ah\u00ed. Cuando vinimos por detr\u00e1s de la 53 que los Pumas ya los estaban quemando. Qu\u00e9 terrible era eso. La gente gritaba \u00a1salgan de ah\u00ed! \u00a1Salgan de ah\u00ed!, porque dec\u00edan que iba a explotar\u201d.<\/p>\n<p>Esa noche, despu\u00e9s de evadir a la polic\u00eda y hallar un incendio inesperado en el camino, Giovanna con sus dos hermanos pudieron llegar hasta Sobopret a las 8 de la noche. Pudo constatar que los rumores de saqueo eran reales porque a metros de donde estaba parada, una turba de personas saqueaba y desmantelaba el mobiliario de una farmacia conocida.<\/p>\n<p>\u201cYa est\u00e1bamos llegando y estaban rompiendo Farmacorp. O sea, ya estaban saqueando todo. Y yo con mi hermano hemos corrido aqu\u00ed para que no rompan los vidrios\u201d.<\/p>\n<p>Horas antes la turba rebas\u00f3 a la polic\u00eda hasta replegarla en Chasquipampa, y descendi\u00f3 hacia otros sectores como Cota Cota y <a href=\"https:\/\/www.google.com\/maps\/place\/San+Miguel,+La+Paz\/@-16.5421708,-68.0821252,16z\/data=!4m5!3m4!1s0x915f2130e68b3d69:0x2c5f5f10a9aea9ed!8m2!3d-16.5431031!4d-68.0797959\" target=\"_blank\" rel=\"noopener noreferrer\">San Miguel<\/a>. Armados con piedras, hondas y palos, pasaron por la avenida Mu\u00f1oz Reyes causando destrozos a los negocios que cre\u00edan que ten\u00edan alguna relaci\u00f3n con Santa Cruz.<\/p>\n<p>\u2013 \u00bfNo tuvo miedo de que cerca de usted est\u00e9n saqueando?, le pregunt\u00e9.<\/p>\n<p>\u2013 \u201cS\u00ed, pero no sab\u00edamos qu\u00e9 hacer. Yo dec\u00eda: \u00bfy ahora qu\u00e9 hacemos? No hab\u00eda ni una movilidad para que por lo menos saquemos las computadoras\u201d, cuenta.<\/p>\n<p>Al menos treinta minutos de inquietud tuvo que resistir Giovanna en la puerta de su trabajo, resguardando la tienda de <a href=\"https:\/\/view.genial.ly\/5dfcf5f50f97e10f88fb9bf7\/presentation-sobopret\" target=\"_blank\" rel=\"noopener noreferrer\">Sobopret<\/a> junto a sus hermanos hasta que los saqueadores se retiren de la farmacia.<\/p>\n<p>Despu\u00e9s, la turba se dispers\u00f3 en diferentes direcciones, pero la preferencia de la mayor\u00eda de los movilizados era continuar bajando. Otros, con las manos llenas de productos saqueados, decidieron escapar por las calles m\u00e1s cercanas. Giovanna pens\u00f3 que todo hab\u00eda terminado y retorno a su casa.<\/p>\n<p>\u201cA las 11 de la noche dec\u00eda: \u2018\u00bfc\u00f3mo estar\u00e1 la oficina? \u00bfSer\u00e1 que sigue bien?\u2019 Por eso, baj\u00e9 con mi pap\u00e1, su esposa, su hijo y yo. Cuando llegamos aqu\u00ed, en la tienda todo estaba roto\u201d.<\/p>\n<p>A media noche, Giovanna al llegar por segunda vez a la tienda, pudo observar que la puerta y el \u00fanico ventanal estaban quebrados. Se llevaron 25 overoles nuevos de trabajo y material de escritorio. Tambi\u00e9n comprob\u00f3 que los dos equipos de computadoras continuaban sobre los escritorios, pero los cables estaban desconectados.<\/p>\n<p>&nbsp;<\/p>\n<div style=\"width: 100%;\">\n<div style=\"position: relative; padding-bottom: 56.25%; padding-top: 0; height: 0;\"><iframe loading=\"lazy\" style=\"position: absolute; top: 0; left: 0; width: 100%; height: 100%;\" src=\"https:\/\/view.genial.ly\/5dfc2e3cc09eab0f928948e2\" width=\"1200px\" height=\"675px\" frameborder=\"0\" scrolling=\"yes\" allowfullscreen=\"allowfullscreen\"><\/iframe><\/div>\n<\/div>\n<p>&nbsp;<\/p>\n<p>La calle 30 de Cota Cota fue otro de los puntos de bloqueo, enfrentamiento y saqueo. <a href=\"https:\/\/ia601404.us.archive.org\/29\/items\/aluvalv1\/Aluval_V1.jpg\" target=\"_blank\" rel=\"noopener noreferrer\">Aluval<\/a>, un taller de carpinter\u00eda en aluminio, fue otro de los negocios que saquearon y destrozaron los vidrios de la tienda.<\/p>\n<p>M\u00e1s abajo, un establecimiento que se dedica a la venta de ladrillos de construcci\u00f3n, tambi\u00e9n sufri\u00f3 da\u00f1os. El due\u00f1o, que a\u00fan conserva el temor de ser expuesto, dice que la calle se ti\u00f1\u00f3 de color naranja porque los bloques, que estaban apilados sobre la acera, fueron lanzados a la calle.<\/p>\n<p>Gladys es la due\u00f1a de una casa y de una peque\u00f1a tienda que est\u00e1 en inmediaciones de la calle 30. La puerta de su negocio resisti\u00f3 los golpes producidos por la gente movilizada esa misma noche. \u201cNos han golpeado a patadas las puertas\u201d, relata.<\/p>\n<p>La ma\u00f1ana del lunes 11 continuaron las movilizaciones en la misma zona. Algunos grupos de manifestantes bajaron otra vez por la avenida Mu\u00f1oz Reyes, otros se reunieron al frente de la tienda de Gladys. \u201cHab\u00eda wawas de 10 a\u00f1os, de 12 a\u00f1os. Yo les miraba y les dec\u00eda ustedes no son de aqu\u00ed\u201d. Uno de ellos le respondi\u00f3 que es de <a href=\"https:\/\/www.google.com\/maps\/place\/El+Alto\/@-16.5468894,-68.2842354,12z\/data=!3m1!4b1!4m5!3m4!1s0x915edebe842e2473:0x3a1f8a2f17f89d8f!8m2!3d-16.4899474!4d-68.2081896\" target=\"_blank\" rel=\"noopener noreferrer\">El Alto<\/a>. Gladys prefiri\u00f3 no preguntar m\u00e1s y dice que les invit\u00f3 a agua y algunos dulces antes que se fueran.<\/p>\n<p>Gladys sinti\u00f3 miedo esos d\u00edas de saqueo. Confiesa que estuvo detr\u00e1s de la puerta de su tienda, que era arremetida a golpes, dispuesta a defender y hacer frente si la gente hubiese logrado ingresar al interior de su negocio. Despu\u00e9s de 34 d\u00edas, pese al golpe an\u00edmico de las protestas, retorn\u00f3 la normalidad a su tienda; sin embargo, le inquieta lo que pueda pasar hasta las nuevas elecciones presidenciales. \u00bfOcurrir\u00e1 todo de nuevo?, se pregunta.<\/p>\n<p>&nbsp;<\/p>\n<figure style=\"width: 1200px\" class=\"wp-caption aligncenter\"><img loading=\"lazy\" decoding=\"async\" src=\"https:\/\/archive.org\/download\/calle25ok\/Calle25OK.jpg\" alt=\"La calle 25 de Cota Cota. Fu\u00e9 uno de los puntos donde los negocios sufrieron agresiones y saqueos por las personas movilizadas.\" width=\"1200\" height=\"675\" \/><figcaption class=\"wp-caption-text\">La calle 25 de Cota Cota. Fu\u00e9 uno de los puntos donde los negocios sufrieron agresiones y saqueos por las personas movilizadas.<\/figcaption><\/figure>\n","protected":false},"excerpt":{"rendered":"<p>En noviembre del 2019, al menos 16 negocios fueron atacados por gente violenta en La Paz. Giovanna, vendedora de una de las tiendas, tuvo que hacer guardia en la puerta de su trabajo para que no lo ataquen.\u00a0<\/p>\n","protected":false},"author":4,"featured_media":1272,"comment_status":"open","ping_status":"open","sticky":false,"template":"","format":"standard","meta":{"footnotes":""},"categories":[75],"tags":[],"class_list":["post-1102","post","type-post","status-publish","format-standard","has-post-thumbnail","hentry","category-modulo-10-trabajos-finales"],"_links":{"self":[{"href":"https:\/\/fundacionperiodismo.org\/formacion-dual-2019\/wp-json\/wp\/v2\/posts\/1102","targetHints":{"allow":["GET"]}}],"collection":[{"href":"https:\/\/fundacionperiodismo.org\/formacion-dual-2019\/wp-json\/wp\/v2\/posts"}],"about":[{"href":"https:\/\/fundacionperiodismo.org\/formacion-dual-2019\/wp-json\/wp\/v2\/types\/post"}],"author":[{"embeddable":true,"href":"https:\/\/fundacionperiodismo.org\/formacion-dual-2019\/wp-json\/wp\/v2\/users\/4"}],"replies":[{"embeddable":true,"href":"https:\/\/fundacionperiodismo.org\/formacion-dual-2019\/wp-json\/wp\/v2\/comments?post=1102"}],"version-history":[{"count":5,"href":"https:\/\/fundacionperiodismo.org\/formacion-dual-2019\/wp-json\/wp\/v2\/posts\/1102\/revisions"}],"predecessor-version":[{"id":1326,"href":"https:\/\/fundacionperiodismo.org\/formacion-dual-2019\/wp-json\/wp\/v2\/posts\/1102\/revisions\/1326"}],"wp:featuredmedia":[{"embeddable":true,"href":"https:\/\/fundacionperiodismo.org\/formacion-dual-2019\/wp-json\/wp\/v2\/media\/1272"}],"wp:attachment":[{"href":"https:\/\/fundacionperiodismo.org\/formacion-dual-2019\/wp-json\/wp\/v2\/media?parent=1102"}],"wp:term":[{"taxonomy":"category","embeddable":true,"href":"https:\/\/fundacionperiodismo.org\/formacion-dual-2019\/wp-json\/wp\/v2\/categories?post=1102"},{"taxonomy":"post_tag","embeddable":true,"href":"https:\/\/fundacionperiodismo.org\/formacion-dual-2019\/wp-json\/wp\/v2\/tags?post=1102"}],"curies":[{"name":"wp","href":"https:\/\/api.w.org\/{rel}","templated":true}]}}