{"id":1124,"date":"2019-12-20T14:09:11","date_gmt":"2019-12-20T18:09:11","guid":{"rendered":"https:\/\/fundacionperiodismo.org\/formacion-dual-2019\/?p=1124"},"modified":"2020-01-09T13:54:18","modified_gmt":"2020-01-09T17:54:18","slug":"el-camaleonico-comercio-informal-tricolor-o-wiphala-segun-la-ocasion","status":"publish","type":"post","link":"https:\/\/fundacionperiodismo.org\/formacion-dual-2019\/2019\/12\/20\/el-camaleonico-comercio-informal-tricolor-o-wiphala-segun-la-ocasion\/","title":{"rendered":"El camale\u00f3nico comercio informal: tricolor o wiphala seg\u00fan la ocasi\u00f3n"},"content":{"rendered":"<p>La crisis pol\u00edtica que vivi\u00f3 Bolivia desde las elecciones nacionales del 20 de octubre se convirti\u00f3 en una oportunidad de venta para los comerciantes informales que no tardaron en proveerse de banderas tricolor, wiphalas, vinagre y bicarbonato. Conozca las historias de estas personas que cambian de producto como un camale\u00f3n cambia de color seg\u00fan la necesidad. <!--more--><\/p>\n<p><script id=\"asp-embed-script\" data-zindex=\"1000000\" type=\"text\/javascript\" charset=\"utf-8\" src=\"https:\/\/spark.adobe.com\/page-embed.js\"><\/script><a class=\"asp-embed-link\" href=\"https:\/\/spark.adobe.com\/page\/euY2gj0zYkUPT\/\" target=\"_blank\" rel=\"noopener noreferrer\"><img decoding=\"async\" style=\"width: 100%;\" src=\"https:\/\/spark.adobe.com\/page\/euY2gj0zYkUPT\/embed.jpg?buster=1578097105366\" alt=\"El camale\u00f3nico comercio informal: tricolor o wiphala seg\u00fan la ocasi\u00f3n\" border=\"0\" \/><\/a><\/p>\n","protected":false},"excerpt":{"rendered":"<p>La crisis pol\u00edtica que vivi\u00f3 Bolivia desde las elecciones nacionales del 20 de octubre se convirti\u00f3 en una oportunidad de venta para los comerciantes informales que no tardaron en proveerse de banderas tricolor, wiphalas, vinagre y bicarbonato. Conozca las historias de estas personas que cambian de producto como un camale\u00f3n cambia de color seg\u00fan la necesidad.<\/p>\n","protected":false},"author":12,"featured_media":1148,"comment_status":"open","ping_status":"open","sticky":false,"template":"","format":"standard","meta":{"footnotes":""},"categories":[75],"tags":[],"class_list":["post-1124","post","type-post","status-publish","format-standard","has-post-thumbnail","hentry","category-modulo-10-trabajos-finales"],"_links":{"self":[{"href":"https:\/\/fundacionperiodismo.org\/formacion-dual-2019\/wp-json\/wp\/v2\/posts\/1124","targetHints":{"allow":["GET"]}}],"collection":[{"href":"https:\/\/fundacionperiodismo.org\/formacion-dual-2019\/wp-json\/wp\/v2\/posts"}],"about":[{"href":"https:\/\/fundacionperiodismo.org\/formacion-dual-2019\/wp-json\/wp\/v2\/types\/post"}],"author":[{"embeddable":true,"href":"https:\/\/fundacionperiodismo.org\/formacion-dual-2019\/wp-json\/wp\/v2\/users\/12"}],"replies":[{"embeddable":true,"href":"https:\/\/fundacionperiodismo.org\/formacion-dual-2019\/wp-json\/wp\/v2\/comments?post=1124"}],"version-history":[{"count":5,"href":"https:\/\/fundacionperiodismo.org\/formacion-dual-2019\/wp-json\/wp\/v2\/posts\/1124\/revisions"}],"predecessor-version":[{"id":1294,"href":"https:\/\/fundacionperiodismo.org\/formacion-dual-2019\/wp-json\/wp\/v2\/posts\/1124\/revisions\/1294"}],"wp:featuredmedia":[{"embeddable":true,"href":"https:\/\/fundacionperiodismo.org\/formacion-dual-2019\/wp-json\/wp\/v2\/media\/1148"}],"wp:attachment":[{"href":"https:\/\/fundacionperiodismo.org\/formacion-dual-2019\/wp-json\/wp\/v2\/media?parent=1124"}],"wp:term":[{"taxonomy":"category","embeddable":true,"href":"https:\/\/fundacionperiodismo.org\/formacion-dual-2019\/wp-json\/wp\/v2\/categories?post=1124"},{"taxonomy":"post_tag","embeddable":true,"href":"https:\/\/fundacionperiodismo.org\/formacion-dual-2019\/wp-json\/wp\/v2\/tags?post=1124"}],"curies":[{"name":"wp","href":"https:\/\/api.w.org\/{rel}","templated":true}]}}