{"id":1141,"date":"2019-12-20T14:03:31","date_gmt":"2019-12-20T18:03:31","guid":{"rendered":"https:\/\/fundacionperiodismo.org\/formacion-dual-2019\/?p=1141"},"modified":"2020-01-09T14:18:10","modified_gmt":"2020-01-09T18:18:10","slug":"quedo-el-miedo-y-la-desconfianza-pero-vecinos-lograron-vencer-a-la-reaccion","status":"publish","type":"post","link":"https:\/\/fundacionperiodismo.org\/formacion-dual-2019\/2019\/12\/20\/quedo-el-miedo-y-la-desconfianza-pero-vecinos-lograron-vencer-a-la-reaccion\/","title":{"rendered":"Invadi\u00f3 el temor y la desconfianza en los barrios poco despu\u00e9s de la Renuncia"},"content":{"rendered":"<p><em>D\u00edas despu\u00e9s de la renuncia de Evo Morales, sus seguidores e infiltrados reaccionaron con furia contra la ciudadan\u00eda que no apoyaba sus demandas de retorno de su l\u00edder. Los vecinos de la ciudad de La Paz y El Alto se organizaron por el miedo al saqueo y quema de sus viviendas. <\/em><!--more--><\/p>\n<p>A\u00fan los vecinos alte\u00f1os que se defendieron de la furia de los seguidores de Evo Morales tras su renuncia sienten el miedo y la incertidumbre. Aquellos que sintieron dolor con la partida de Morales, contin\u00faan pesarosos y lastimados. Ni siquiera aquellos que en la urbe pace\u00f1a lograron la salida de Morales del poder se sienten conformes. En todos los bandos quedaron grabados los d\u00edas que tuvieron que defenderse de la violencia.<\/p>\n<p>\u201cEn las noches ten\u00edamos que ir a dormir al lado de nuestro palo porque en cualquier momento ten\u00edamos que salir a defendernos\u201d, menciona Alondio Rojas, vecino de la zona Cosmos 78 de El Alto. La sensaci\u00f3n de p\u00e1nico era similar entre los vecinos de Alto Irpavi<\/p>\n<audio class=\"wp-audio-shortcode\" id=\"audio-1141-1\" preload=\"none\" style=\"width: 100%;\" controls=\"controls\"><source type=\"audio\/mpeg\" src=\"https:\/\/fundacionperiodismo.org\/formacion-dual-2019\/wp-content\/uploads\/2019\/12\/pena_azul_miedo_del_saqueo.mp3?_=1\" \/><a href=\"https:\/\/fundacionperiodismo.org\/formacion-dual-2019\/wp-content\/uploads\/2019\/12\/pena_azul_miedo_del_saqueo.mp3\">https:\/\/fundacionperiodismo.org\/formacion-dual-2019\/wp-content\/uploads\/2019\/12\/pena_azul_miedo_del_saqueo.mp3<\/a><\/audio>\n<p>Las turbas de diferentes bandos y prop\u00f3sitos se organizaron horas despu\u00e9s de la renuncia del expresidente Evo Morales, quien el 10 de noviembre dimiti\u00f3 a su cargo luego que la Organizaci\u00f3n de Estados Americanos (OEA) present\u00f3 un <a href=\"https:\/\/www.eldeber.com.bo\/156151_oea-mira-aca-el-informe-completo-que-pide-repetir-las-elecciones-en-bolivia\">informe preliminar<\/a> y recomend\u00f3 nuevos comicios generales debido a las serias irregularidades durante el proceso eleccionario del 20 de octubre.<\/p>\n<p>En la urbe pace\u00f1a, las protestas sociales empezaron semanas antes de la ca\u00edda del poder de Morales. El 20 de octubre, luego de las elecciones generales, el Tribunal Supremo Electoral present\u00f3 los resultados del conteo r\u00e1pido de votos que mostraba al expresidente Morales en primer lugar con un estrecho margen sobre su adversario Carlos Mesa, quien se situ\u00f3 en segundo lugar.<\/p>\n<p>Las sospechas de fraude electoral se hac\u00edan cada m\u00e1s numerosas entre la ciudadan\u00eda y l\u00edderes c\u00edvicos y pol\u00edticos. La\u00a0 <a href=\"http:\/\/www.laprensa.com.bo\/nacional\/20191021\/se-reanuda-el-conteo-rapido-del-trep-tras-23-horas-de-interrupcion\">interrupci\u00f3n en la Transmisi\u00f3n R\u00e1pida de Resultados Preliminares (TREP)<\/a> indign\u00f3 a l\u00edderes c\u00edvicos y pol\u00edticos. El movimiento ciudadano la Resistencia, conformado por plataformas ciudadanas y organizaciones civiles, pronunciaron su rechazo a la postulaci\u00f3n ilegal del binomio Evo-\u00c1lvaro y llamaron a la desobediencia civil respecto a cualquier resultado del proceso electoral.<\/p>\n<p><iframe loading=\"lazy\" src=\"https:\/\/cdn.knightlab.com\/libs\/timeline3\/latest\/embed\/index.html?source=1X1Lr_SXF2dDcCSA0GI3bOnyPe6Vh5QkEymyim5kBCNM&amp;font=Default&amp;lang=en&amp;initial_zoom=2&amp;height=650\" width=\"100%\" height=\"650\" frameborder=\"0\" allowfullscreen=\"allowfullscreen\"><\/iframe><\/p>\n<p>Cabe\u00a0 se\u00f1alar que los sectores afines al MAS como los mineros, transportistas, campesinos ind\u00edgenas, ponchos rojos e interculturales, se movilizaron durante este periodo de crisis social y pol\u00edtica para defender a Morales y su gobierno de un \u201cgolpe de estado\u201d. El bloqueo de carreteras impidi\u00f3 el paso de productos en las ciudades y en los mercados se registraba desabastecimiento y\u00a0 subida de precios.<\/p>\n<p>Sin embargo, la ciudad de El Alto, durante estos conflictos,\u00a0 estuvo\u00a0 al margen de los bloqueos y marchas desatados tras los resultados electorales. Los vecinos viv\u00edan en un ambiente de relativa tranquilidad. Aunque con el problema de desabastecimiento de productos en los mercados.<\/p>\n<audio class=\"wp-audio-shortcode\" id=\"audio-1141-2\" preload=\"none\" style=\"width: 100%;\" controls=\"controls\"><source type=\"audio\/mpeg\" src=\"https:\/\/fundacionperiodismo.org\/formacion-dual-2019\/wp-content\/uploads\/2019\/12\/nayma_no_habia_bloqueo_en_el_alto.mp3?_=2\" \/><a href=\"https:\/\/fundacionperiodismo.org\/formacion-dual-2019\/wp-content\/uploads\/2019\/12\/nayma_no_habia_bloqueo_en_el_alto.mp3\">https:\/\/fundacionperiodismo.org\/formacion-dual-2019\/wp-content\/uploads\/2019\/12\/nayma_no_habia_bloqueo_en_el_alto.mp3<\/a><\/audio>\n<p>\u201cEn El Alto no hab\u00edan nada, est\u00e1bamos tranquilos hasta que renunci\u00f3 Evo Morales\u201d, relat\u00f3 la periodista Nayma Enr\u00edquez. Aunque las <a href=\"http:\/\/www.elalteno.com.bo\/ciudad\/20191106\/conflictos-provocan-escasez-de-alimentos\">carencias de productos<\/a> eran similares a las que padec\u00edan los vecinos de la Hoyada pace\u00f1a. La carne, el huevo y pan desaparec\u00edan de los mercados y los precios encarecieron.<\/p>\n<p>Horas despu\u00e9s de la renuncia de Morales, el 10 de noviembre, las agrupaciones civiles ciudadanas que resistieron en las calles para defender el voto y la democracia, festejaron su conquista. Sin embargo, poco dur\u00f3 la alegr\u00eda desbordada debido a que los seguidores del exPresidente desataron su furia contra los opositores.<\/p>\n<p>Las zonas de Chasquipampa, Cota Cota, Achumani, entre otros fueron los primeros en sufrir el<a href=\"https:\/\/brujuladigital.net\/politica\/grupos-de-vandalos-autoidentificados-como-del-mas-causan-destrozos-en-varias-zonas-de-la-paz-y-el-alto\"> ataque de las turbas<\/a> que no aceptaban la salida de su l\u00edder. El garage de los buses Puma Katari, tiendas y viviendas fueron quemadas y saqueadas por v\u00e1ndalos infiltrados entre los grupos reaccionarios.<\/p>\n<p>El temor y la zozobra empez\u00f3 a apoderarse de los vecinos. Tuvieron que salir a las calles nuevamente ahora para defenderse del vandalismo que pretend\u00eda adue\u00f1arse de los barrios. El agravio a la Wiphala, la discriminacion, el retorno de Evo fueron entre otros las demandas de los seguidores e inflitrados que estuvieron decididos a sembrar p\u00e1nico en las ciudades de La Paz y El Alto.<\/p>\n<p>Inmediatamente, en cada barrio se convocaron a reuniones y se organizaron para defenderse de las olas de violencia. \u201cNos reunimos toda la zona y nos organizamos por calles, cerramos la entrada y salida de este sector de Pe\u00f1a Azul con calaminas, alambre de p\u00faas, fierros, maderas con todo lo ten\u00edamos para defendernos\u201d, explic\u00f3 el presidente de Pe\u00f1a Azul, Franz Ruiz.<\/p>\n<p>Esta zona est\u00e1 ubicada en Alto Irpavi, se encuentra entre dos zonas; Callapa y la comunidad de Lomas de Chauymaya. Los seguidores del expresidente y comunarios de estos lugares amedrentaron a las zonas aleda\u00f1as con atacar a los vecinos que apoyaron a los c\u00edvicos opositores y la renuncia de Morales. Tambi\u00e9n se ten\u00eda el temor que el vecindario Virgen de las Nieves tambi\u00e9n se una a los reaccionarios radicales.<\/p>\n<audio class=\"wp-audio-shortcode\" id=\"audio-1141-3\" preload=\"none\" style=\"width: 100%;\" controls=\"controls\"><source type=\"audio\/mpeg\" src=\"https:\/\/fundacionperiodismo.org\/formacion-dual-2019\/wp-content\/uploads\/2019\/12\/penla_azul_comisiones_barricadas.mp3?_=3\" \/><a href=\"https:\/\/fundacionperiodismo.org\/formacion-dual-2019\/wp-content\/uploads\/2019\/12\/penla_azul_comisiones_barricadas.mp3\">https:\/\/fundacionperiodismo.org\/formacion-dual-2019\/wp-content\/uploads\/2019\/12\/penla_azul_comisiones_barricadas.mp3<\/a><\/audio>\n<p>Los comunarios seguidores del MAS reaccionaron contra la ciudadan\u00eda que se opuso a la continuidad de Evo Morales en el poder a pesar de haber sido rechazado en un Refer\u00e9ndum.<\/p>\n<p>\u00abVe\u00edamos a la gente de Callapa que hac\u00eda reventar dinamitas y sal\u00edan con palos, habia el temor que entren por Irpavi 2 y decidimos cerrar todas las entradas a nuestro barrio\u00bb, relat\u00f3 Ruiz.<\/p>\n<div id='gallery-1' class='gallery galleryid-1141 gallery-columns-3 gallery-size-thumbnail'><figure class='gallery-item'>\n\t\t\t<div class='gallery-icon landscape'>\n\t\t\t\t<a href='https:\/\/fundacionperiodismo.org\/formacion-dual-2019\/2019\/12\/20\/quedo-el-miedo-y-la-desconfianza-pero-vecinos-lograron-vencer-a-la-reaccion\/pena-azul-fuente-paul-antonio-coca\/'><img loading=\"lazy\" decoding=\"async\" width=\"150\" height=\"150\" src=\"https:\/\/fundacionperiodismo.org\/formacion-dual-2019\/wp-content\/uploads\/2019\/12\/Pe\u00f1a-Azul-Fuente-Paul-Antonio-Coca-150x150.jpg\" class=\"attachment-thumbnail size-thumbnail\" alt=\"\" \/><\/a>\n\t\t\t<\/div><\/figure><figure class='gallery-item'>\n\t\t\t<div class='gallery-icon landscape'>\n\t\t\t\t<a href='https:\/\/fundacionperiodismo.org\/formacion-dual-2019\/2019\/12\/20\/quedo-el-miedo-y-la-desconfianza-pero-vecinos-lograron-vencer-a-la-reaccion\/pena-azul-1\/'><img loading=\"lazy\" decoding=\"async\" width=\"150\" height=\"150\" src=\"https:\/\/fundacionperiodismo.org\/formacion-dual-2019\/wp-content\/uploads\/2019\/12\/pe\u00f1a-azul-1-150x150.jpeg\" class=\"attachment-thumbnail size-thumbnail\" alt=\"\" \/><\/a>\n\t\t\t<\/div><\/figure><figure class='gallery-item'>\n\t\t\t<div class='gallery-icon landscape'>\n\t\t\t\t<a href='https:\/\/fundacionperiodismo.org\/formacion-dual-2019\/2019\/12\/20\/quedo-el-miedo-y-la-desconfianza-pero-vecinos-lograron-vencer-a-la-reaccion\/callapa\/'><img loading=\"lazy\" decoding=\"async\" width=\"150\" height=\"150\" src=\"https:\/\/fundacionperiodismo.org\/formacion-dual-2019\/wp-content\/uploads\/2019\/12\/callapa-150x150.jpeg\" class=\"attachment-thumbnail size-thumbnail\" alt=\"\" \/><\/a>\n\t\t\t<\/div><\/figure>\n\t\t<\/div>\n\n<p>En cambio, en la urbe alte\u00f1a el miedo proven\u00eda de vecino contra vecino. En esta ciudad no se pronunci\u00f3 contra el mandato de Morales, sin embargo, los seguidores del MAS tuvieron la intenci\u00f3n de obligar en cada zonas a apoyar sus demandas entre ellas, la principal, el retorno de Evo al poder.<\/p>\n<p>La zona alte\u00f1a Cosmos 78 pertenece al distrito 3. En ella los vecinos, atemorizados por la <a href=\"http:\/\/www.elalteno.com.bo\/bolivia\/20191111\/vandalos-queman-la-casa-de-alcaldesa\">quema de infraestructuras<\/a> como la Casa de Convenciones Municipal, la quema y saqueo de las industrias Sofia y El Ceibo, tuvieron la misma iniciativa de autoconvocarse para resguardar su zona con barricadas y vigilias principalmente.<\/p>\n<div style=\"width: 640px;\" class=\"wp-video\"><video class=\"wp-video-shortcode\" id=\"video-1141-1\" width=\"640\" height=\"352\" preload=\"metadata\" controls=\"controls\"><source type=\"video\/mp4\" src=\"https:\/\/fundacionperiodismo.org\/formacion-dual-2019\/wp-content\/uploads\/2019\/12\/vecina-cosmos-78.mp4?_=1\" \/><a href=\"https:\/\/fundacionperiodismo.org\/formacion-dual-2019\/wp-content\/uploads\/2019\/12\/vecina-cosmos-78.mp4\">https:\/\/fundacionperiodismo.org\/formacion-dual-2019\/wp-content\/uploads\/2019\/12\/vecina-cosmos-78.mp4<\/a><\/video><\/div>\n<p><em>Vecina alte\u00f1a pidi\u00f3 apoyo en las barricadas\u00a0 Fuente: Nayma Enr\u00edquez\/Red Uno<\/em><\/p>\n<p>&nbsp;<\/p>\n<p>Seg\u00fan los vecinos de esta zona, el \u00fanico pedido que se apoyaba durante esos d\u00edas de terror fue la pacificaci\u00f3n y consideraron que una minor\u00eda, el 30 por ciento, ped\u00edan apoyo para movilizarse en defensa de Evo Morales y la Wiphala.<\/p>\n<p>Las amenazas proven\u00edan de vecinos Senkata, Ventilla, camino a Copacabana, Rio Seco y Villa Cooperativa, entre otros. En estos grupos tambi\u00e9n se encontraba gente infiltrada que cometieron actos vand\u00e1licos como la quema de la casa de la alcaldesa Soledad Chapet\u00f3n.<\/p>\n<audio class=\"wp-audio-shortcode\" id=\"audio-1141-4\" preload=\"none\" style=\"width: 100%;\" controls=\"controls\"><source type=\"audio\/mpeg\" src=\"https:\/\/fundacionperiodismo.org\/formacion-dual-2019\/wp-content\/uploads\/2019\/12\/el_alto_no_supo_demandas_de_senkata.mp3?_=4\" \/><a href=\"https:\/\/fundacionperiodismo.org\/formacion-dual-2019\/wp-content\/uploads\/2019\/12\/el_alto_no_supo_demandas_de_senkata.mp3\">https:\/\/fundacionperiodismo.org\/formacion-dual-2019\/wp-content\/uploads\/2019\/12\/el_alto_no_supo_demandas_de_senkata.mp3<\/a><\/audio>\n<p>Las redes sociales jugaron un papel de desinformaci\u00f3n en esta especie de batalla vecinal. Proliferaron las noticias falsas sobre amagues de enfrentamiento.<\/p>\n<p>Las redes sociales como los grupos de whatsapp entre vecinos sirvieron para alertar de personas extra\u00f1as que rondaban por los barrios. Sin embargo, fueron herramientas para la desinformaci\u00f3n.<\/p>\n<audio class=\"wp-audio-shortcode\" id=\"audio-1141-5\" preload=\"none\" style=\"width: 100%;\" controls=\"controls\"><source type=\"audio\/mpeg\" src=\"https:\/\/fundacionperiodismo.org\/formacion-dual-2019\/wp-content\/uploads\/2019\/12\/falsa_alarma.mp3?_=5\" \/><a href=\"https:\/\/fundacionperiodismo.org\/formacion-dual-2019\/wp-content\/uploads\/2019\/12\/falsa_alarma.mp3\">https:\/\/fundacionperiodismo.org\/formacion-dual-2019\/wp-content\/uploads\/2019\/12\/falsa_alarma.mp3<\/a><\/audio>\n<p>Sin embargo, la necesidad de resguardar los barrios y las propiedades oblig\u00f3 a los vecinos a conocerse entre ellos, a unir lazos de solidaridad y apoyo mutuo ante el p\u00e1nico. En otros casos, a desconfiar del vecino lejano, o extra\u00f1o a la zona.<\/p>\n<p>\u201cLos conflictos que vivimos tambi\u00e9n nos uni\u00f3 como vecinos, (nos ense\u00f1\u00f3) a cuidarnos entre nosotros\u201d, asegur\u00f3 don Alondio. \u201cNos unimos mucho como vecinos, en las calles nos conocimos con quienes conviv\u00edamos\u201d, explic\u00f3 don Franz.<\/p>\n<audio class=\"wp-audio-shortcode\" id=\"audio-1141-6\" preload=\"none\" style=\"width: 100%;\" controls=\"controls\"><source type=\"audio\/mpeg\" src=\"https:\/\/fundacionperiodismo.org\/formacion-dual-2019\/wp-content\/uploads\/2019\/12\/Alondio_se_conocieron_tras_la_barricada.mp3?_=6\" \/><a href=\"https:\/\/fundacionperiodismo.org\/formacion-dual-2019\/wp-content\/uploads\/2019\/12\/Alondio_se_conocieron_tras_la_barricada.mp3\">https:\/\/fundacionperiodismo.org\/formacion-dual-2019\/wp-content\/uploads\/2019\/12\/Alondio_se_conocieron_tras_la_barricada.mp3<\/a><\/audio>\n<p>&nbsp;<\/p>\n<p>Casi dos meses despu\u00e9s de la ca\u00edda del poder del Exmandatario todav\u00eda se percibe un ambiente de desconfianza en los vecindarios de ambas ciudades, La Paz y El Alto, debido a la cercan\u00eda de las nuevas elecciones convocadas en el actual <a href=\"http:\/\/www.la-razon.com\/nacional\/animal_electoral\/Jeanine-Anez-Presidenta-Bolivia-elecciones_0_3256474367.html\">gobierno transitorio de Jeanine A\u00f1ez, <\/a>quien lleg\u00f3 a la Presidencia tras la sucesi\u00f3n constitucional.<\/p>\n<p>\u00abTodav\u00eda no sentimos una entera tranquilidad porque sabemos que en cualquier momento los grupos afines al MAS van a volver a atacar para que Evo vuelva al pa\u00eds, por eso no podemos bajar la guardia\u00bb, expres\u00f3 don Franz.<\/p>\n<p>&nbsp;<\/p>\n<p>&nbsp;<\/p>\n<p>&nbsp;<\/p>\n<p>&nbsp;<\/p>\n","protected":false},"excerpt":{"rendered":"<p>D\u00edas despu\u00e9s de la renuncia de Evo Morales, sus seguidores e infiltrados reaccionaron con furia contra la ciudadan\u00eda que no apoyaba sus demandas de retorno de su l\u00edder. Los vecinos de la ciudad de La Paz y El Alto se organizaron por el miedo al saqueo y quema de sus viviendas.<\/p>\n","protected":false},"author":6,"featured_media":1252,"comment_status":"open","ping_status":"open","sticky":false,"template":"","format":"standard","meta":{"footnotes":""},"categories":[75],"tags":[],"class_list":["post-1141","post","type-post","status-publish","format-standard","has-post-thumbnail","hentry","category-modulo-10-trabajos-finales"],"_links":{"self":[{"href":"https:\/\/fundacionperiodismo.org\/formacion-dual-2019\/wp-json\/wp\/v2\/posts\/1141","targetHints":{"allow":["GET"]}}],"collection":[{"href":"https:\/\/fundacionperiodismo.org\/formacion-dual-2019\/wp-json\/wp\/v2\/posts"}],"about":[{"href":"https:\/\/fundacionperiodismo.org\/formacion-dual-2019\/wp-json\/wp\/v2\/types\/post"}],"author":[{"embeddable":true,"href":"https:\/\/fundacionperiodismo.org\/formacion-dual-2019\/wp-json\/wp\/v2\/users\/6"}],"replies":[{"embeddable":true,"href":"https:\/\/fundacionperiodismo.org\/formacion-dual-2019\/wp-json\/wp\/v2\/comments?post=1141"}],"version-history":[{"count":5,"href":"https:\/\/fundacionperiodismo.org\/formacion-dual-2019\/wp-json\/wp\/v2\/posts\/1141\/revisions"}],"predecessor-version":[{"id":1297,"href":"https:\/\/fundacionperiodismo.org\/formacion-dual-2019\/wp-json\/wp\/v2\/posts\/1141\/revisions\/1297"}],"wp:featuredmedia":[{"embeddable":true,"href":"https:\/\/fundacionperiodismo.org\/formacion-dual-2019\/wp-json\/wp\/v2\/media\/1252"}],"wp:attachment":[{"href":"https:\/\/fundacionperiodismo.org\/formacion-dual-2019\/wp-json\/wp\/v2\/media?parent=1141"}],"wp:term":[{"taxonomy":"category","embeddable":true,"href":"https:\/\/fundacionperiodismo.org\/formacion-dual-2019\/wp-json\/wp\/v2\/categories?post=1141"},{"taxonomy":"post_tag","embeddable":true,"href":"https:\/\/fundacionperiodismo.org\/formacion-dual-2019\/wp-json\/wp\/v2\/tags?post=1141"}],"curies":[{"name":"wp","href":"https:\/\/api.w.org\/{rel}","templated":true}]}}