{"id":1176,"date":"2019-12-20T14:02:14","date_gmt":"2019-12-20T18:02:14","guid":{"rendered":"https:\/\/fundacionperiodismo.org\/formacion-dual-2019\/?p=1176"},"modified":"2020-01-09T14:17:07","modified_gmt":"2020-01-09T18:17:07","slug":"nueve-dias-de-escasez-y-solidaridad","status":"publish","type":"post","link":"https:\/\/fundacionperiodismo.org\/formacion-dual-2019\/2019\/12\/20\/nueve-dias-de-escasez-y-solidaridad\/","title":{"rendered":"Nueve d\u00edas de escasez y solidaridad"},"content":{"rendered":"<p>&nbsp;<\/p>\n<p><em>Dar sin esperar nada a cambio, es el acto m\u00e1s altruista que el ser humano puede hacer en un panorama conflictivo. Pero, no todos corren con la suerte de contar con ello.<\/em><\/p>\n<p><!--more--><\/p>\n<p>Yercia Ma\u00f1ueco<\/p>\n<p style=\"text-align: left; padding-left: 40px;\"><span style=\"color: #993300;\"><em>Tantos necesitan un nuevo amanecer <\/em><\/span><br \/>\n<span style=\"color: #993300;\"><em>Hay que ayudar <\/em><\/span><br \/>\n<span style=\"color: #993300;\"><em>Tenemos el deber<\/em><\/span><\/p>\n<p><span style=\"color: #000000;\"><strong>1. La escasez<\/strong> <\/span><\/p>\n<p>Cierra tus ojos, imagina que est\u00e1s en un desierto y que tienes m\u00e1s agua que alimento fresco. Sin carne ni pollo y no eres vegetariano. Adem\u00e1s, debes permanecer ah\u00ed nueve d\u00edas, \u00bfqu\u00e9 haces? \u201cSobrevivir con lo que se tiene\u201d, responde Carlos Guti\u00e9rrez, de 80 a\u00f1os, que espera el almuerzo que Paulina servir\u00e1 dentro de poco en la comunidad <em>Awichas.<\/em><\/p>\n<p>El reloj marca la 13:00 y suena el timbre, como si fuera el inicio del recreo en un colegio, pero aqu\u00ed, en <em>Awichas,<\/em> es el llamado para el almuerzo. Quince ancianos viven en esta casa ni grande ni peque\u00f1a, de dos pisos y de color verde, que se ha convertido en el hogar de estas personas y en el restaurante de algunas m\u00e1s, que asisten solamente a comer.<\/p>\n<p>En total, 22 personas de la tercera edad hacen fila con sus tappers en la mano para recibir la humeante sopa de arroz que Paulina, la cocinera, quien desde hace ocho a\u00f1os trabaja en esta comunidad, empieza a servir. Un cuchar\u00f3n bien cargado, un poco de perejil finamente picado y listo: que pase el pr\u00f3ximo.<\/p>\n<p>Ahora s\u00ed es posible tomar esta sopa dotada de abundante verdura y hasta de un generoso trozo de carne de res. Esto era inaccesible en los d\u00edas de un conflicto caracterizado por el cerco a la ciudad. Un cerco parecido al que tuvo lugar en el lejano siglo XVIII, ejecutado por T\u00fapac Katari y Bartolina Sisa, con el similar objetivo de impedir el abastecimiento de alimentos frescos en los mercados. \u201cPor la carne hemos sufrido esos d\u00edas; sardinita o huevito, esas cositas hemos comido\u201d, cuenta Petronila Guti\u00e9rrez, mientras degusta con placer la sopita de Paulina.<\/p>\n<p>\u201cCuando no hay, nos da m\u00e1s hambre\u201d, dice V\u00edctor Hugo y Gustavo Kama agradece a Dios que todo se haya normalizado, despu\u00e9s de esos largos y angustiantes nueve d\u00edas que sufrieron, obligados a dosificar sus raciones para que duraran las garrafas de gas de la cocina y a comer inclusive menudencias de pollo (mollejas y patitas, entre otras piezas, que no se desperdiciaron).<\/p>\n<p>En este video podr\u00e1 conocer m\u00e1s sobre esta comunidad de ancianos o awichos en lengua aymara.<\/p>\n<p><iframe loading=\"lazy\" title=\"COMUNIDAD AWICHAS\" width=\"910\" height=\"512\" src=\"https:\/\/www.youtube.com\/embed\/hzdgRTL3EZQ?feature=oembed\" frameborder=\"0\" allow=\"accelerometer; autoplay; encrypted-media; gyroscope; picture-in-picture\" allowfullscreen><\/iframe><\/p>\n<p>Saborean su sopa con tranquilidad y calma. Comparten conmigo un plato e impiden que lo rechace. Tomo asiento entre ellos y V\u00edctor Hugo me dice que ser\u00e1 la sopa m\u00e1s deliciosa que jam\u00e1s probar\u00e9. No se equivoca, es una acertada apreciaci\u00f3n, no solamente por su delicioso sabor sino por la compa\u00f1\u00eda que tanto ellos como yo agradecimos.<\/p>\n<p style=\"padding-left: 40px;\"><em><span style=\"color: #993300;\">No hay que esperar <\/span><\/em><br \/>\n<em><span style=\"color: #993300;\">Que sea el otro el que va a actuar<\/span><\/em><br \/>\n<em><span style=\"color: #993300;\">Cuando el dolor a tu puerta pueda tocar <\/span><\/em><br \/>\n<em><span style=\"color: #993300;\">Al estar unidos no hay nada que temer<\/span><\/em><br \/>\n<em><span style=\"color: #993300;\">Para triunfar <\/span><\/em><br \/>\n<em><span style=\"color: #993300;\">Tenemos que entender<\/span> <\/em><\/p>\n<p>El martes 12 de noviembre una mujer, Jeanine \u00c1\u00f1ez, asumi\u00f3 la presidencia en el pa\u00eds, tras la sucesi\u00f3n constitucional aplicada ante la renuncia de Evo Morales, quien permaneci\u00f3 14 a\u00f1os en el poder. La salida de Evo caus\u00f3 el levantamiento de sus seguidores contra la nueva figura que ocupa hoy la primera magistratura.<br \/>\n\u201c\u00a1Jeanine, racista, el pueblo no te quiere!\u201d, coreaban los partidarios de Morales en sus numerosas y constantes movilizaciones, sin \u00e1nimo de ceder y mediante el cerco a la ciudad de La Paz.<\/p>\n<p>El asedio, que fren\u00f3 el ingreso de alimentos frescos y la provisi\u00f3n de combustibles, castig\u00f3 a la ciudadan\u00eda hasta la firma de un acuerdo con el Gobierno, a los nueve d\u00edas de esa medida de presi\u00f3n.<\/p>\n<p><strong>2. La solidaridad<\/strong><\/p>\n<p>Los hogares de acogida en La Paz corrieron mejor suerte que la comunidad <em>Awichas<\/em>. Los ciudadanos, los vecinos, contribuyeron con alimentos y garrafas de gas para que la poblaci\u00f3n m\u00e1s desprotegida, conformada por ni\u00f1os, j\u00f3venes, personas con discapacidad y adultos mayores, no se quedara sin comer. Escucha c\u00f3mo algunas casas de acogida subsistieron con poco alimento en medio del conflicto.<\/p>\n<p><iframe loading=\"lazy\" src=\"https:\/\/uploads.knightlab.com\/storymapjs\/f406194e08b12f353ef8072ea0a25108\/escasez\/index.html\" width=\"100%\" height=\"800\" frameborder=\"0\"><\/iframe><\/p>\n<p style=\"text-align: left; padding-left: 40px;\"><span style=\"color: #993300;\"><em>De coraz\u00f3n <\/em><\/span><br \/>\n<span style=\"color: #993300;\"><em>Que sepan que importantes son<\/em><\/span><br \/>\n<span style=\"color: #993300;\"><em>Que su pesar sentimos todos tambi\u00e9n <\/em><\/span><br \/>\n<span style=\"color: #993300;\"><em>Y que no est\u00e1n solos queremos ayudar <\/em><\/span><br \/>\n<span style=\"color: #993300;\"><em>Con compasi\u00f3n firmeza y hermandad<\/em><\/span><\/p>\n<p>Para Elizabeth Calizaya, Coordinadora Nacional del Programa de Adultos Mayores de Caritas Bolivia, prim\u00f3 la solidaridad, esa palabra que envuelve grandes acciones de humanidad.<\/p>\n<p><iframe loading=\"lazy\" title=\"191216_0931 by sentidom\u00fasical\" width=\"910\" height=\"400\" scrolling=\"no\" frameborder=\"no\" src=\"https:\/\/w.soundcloud.com\/player\/?visual=true&#038;url=https%3A%2F%2Fapi.soundcloud.com%2Ftracks%2F731470546&#038;show_artwork=true&#038;maxwidth=910&#038;maxheight=1000&#038;dnt=1\"><\/iframe><\/p>\n<p><strong>3. La prevenci\u00f3n<\/strong><br \/>\nComo un buen padre que no permite que le falte nada a sus hijos, as\u00ed actu\u00f3 el Servicio Departamental de Gesti\u00f3n Social (Sedeges) con sus 14 centros de acogida de atenci\u00f3n adultos mayores, ni\u00f1os y adolescentes, mujeres en situaci\u00f3n de violencia, personas con discapacidad y j\u00f3venes con responsabilidad penal, que dependen se esta instancia.<\/p>\n<p>La encargada de administrar estos centros de acogida, Victoria Alarc\u00f3n, relata que los v\u00edveres se adquieren dos veces al a\u00f1o y no hubo ning\u00fan problema de escasez de alimentos en el trance de los conflictos. Reemplazaron los alimentos frescos con secos. Y aclara que no pidieron ayuda.<\/p>\n<p><iframe loading=\"lazy\" title=\"191216_1506 by sentidom\u00fasical\" width=\"910\" height=\"400\" scrolling=\"no\" frameborder=\"no\" src=\"https:\/\/w.soundcloud.com\/player\/?visual=true&#038;url=https%3A%2F%2Fapi.soundcloud.com%2Ftracks%2F731492515&#038;show_artwork=true&#038;maxwidth=910&#038;maxheight=1000&#038;dnt=1\"><\/iframe><\/p>\n<p dir=\"ltr\">Democracia. Respeto al voto popular. Dar paso a la alternancia. No aceptar un nuevo\u00a0 Gobierno. Fueron la t\u00f3nica de este conflicto.<br \/>\nTensi\u00f3n que se vivi\u00f3 en medio de calles cerradas, desoladas y vigiladas que, por nueve d\u00edas fueron de escasez, a los que sobrevivieron unos como dir\u00eda Paulina la cocinera de <em>Awichas<\/em> \u00abestirando lo poco que ten\u00edamos\u00bb y otros con la solidaridad de buenas personas, porque en situaciones como est\u00e1 son la esperanza de un mejor ama<u>ne<\/u>cer.<\/p>\n<p style=\"padding-left: 40px;\"><em><span style=\"color: #993300;\">Somos amor, somos el mundo <\/span><\/em><br \/>\n<em><span style=\"color: #993300;\">Somos la luz que alumbra con ardor lo m\u00e1s oscuro <\/span><\/em><br \/>\n<em><span style=\"color: #993300;\">Llenos de esperanza <\/span><\/em><br \/>\n<em><span style=\"color: #993300;\">Podemos rescatar<\/span><\/em><br \/>\n<em><span style=\"color: #993300;\">La fe que nos puede salvar <\/span><\/em><br \/>\n<em><span style=\"color: #993300;\">Juntos t\u00fa y yo<\/span><\/em><\/p>\n<p style=\"padding-left: 40px;\"><a href=\"https:\/\/www.youtube.com\/watch?v=rD4g1x6EIdg&amp;list=PLtBtZ-9hgIIDuxUVPObHxcp-8s1FFg6zg\" target=\"_blank\" rel=\"noopener noreferrer\"><span style=\"color: #993300;\">(Somos\u00a0 el Mundo, canci\u00f3n varios artistas 2010)<\/span><\/a><\/p>\n<figure id=\"attachment_1263\" aria-describedby=\"caption-attachment-1263\" style=\"width: 4000px\" class=\"wp-caption alignnone\"><img loading=\"lazy\" decoding=\"async\" class=\"size-full wp-image-1263\" src=\"https:\/\/fundacionperiodismo.org\/formacion-dual-2019\/wp-content\/uploads\/2019\/12\/awichitos.jpeg\" alt=\"\" width=\"4000\" height=\"3000\" srcset=\"https:\/\/fundacionperiodismo.org\/formacion-dual-2019\/wp-content\/uploads\/2019\/12\/awichitos.jpeg 4000w, https:\/\/fundacionperiodismo.org\/formacion-dual-2019\/wp-content\/uploads\/2019\/12\/awichitos-300x225.jpeg 300w, https:\/\/fundacionperiodismo.org\/formacion-dual-2019\/wp-content\/uploads\/2019\/12\/awichitos-768x576.jpeg 768w, https:\/\/fundacionperiodismo.org\/formacion-dual-2019\/wp-content\/uploads\/2019\/12\/awichitos-1024x768.jpeg 1024w, https:\/\/fundacionperiodismo.org\/formacion-dual-2019\/wp-content\/uploads\/2019\/12\/awichitos-600x450.jpeg 600w\" sizes=\"auto, (max-width: 4000px) 100vw, 4000px\" \/><figcaption id=\"caption-attachment-1263\" class=\"wp-caption-text\">En el centro est\u00e1n Carlos Guti\u00e9rrez, Gustavo Kama y Petronila Guti\u00e9rrez<\/figcaption><\/figure>\n<p>&nbsp;<\/p>\n","protected":false},"excerpt":{"rendered":"<p>&nbsp; Dar sin esperar nada a cambio, es el acto m\u00e1s altruista que el ser humano puede hacer en un panorama conflictivo. Pero, no todos corren con la suerte de contar con ello.<\/p>\n","protected":false},"author":8,"featured_media":1265,"comment_status":"open","ping_status":"open","sticky":false,"template":"","format":"standard","meta":{"footnotes":""},"categories":[75],"tags":[],"class_list":["post-1176","post","type-post","status-publish","format-standard","has-post-thumbnail","hentry","category-modulo-10-trabajos-finales"],"_links":{"self":[{"href":"https:\/\/fundacionperiodismo.org\/formacion-dual-2019\/wp-json\/wp\/v2\/posts\/1176","targetHints":{"allow":["GET"]}}],"collection":[{"href":"https:\/\/fundacionperiodismo.org\/formacion-dual-2019\/wp-json\/wp\/v2\/posts"}],"about":[{"href":"https:\/\/fundacionperiodismo.org\/formacion-dual-2019\/wp-json\/wp\/v2\/types\/post"}],"author":[{"embeddable":true,"href":"https:\/\/fundacionperiodismo.org\/formacion-dual-2019\/wp-json\/wp\/v2\/users\/8"}],"replies":[{"embeddable":true,"href":"https:\/\/fundacionperiodismo.org\/formacion-dual-2019\/wp-json\/wp\/v2\/comments?post=1176"}],"version-history":[{"count":5,"href":"https:\/\/fundacionperiodismo.org\/formacion-dual-2019\/wp-json\/wp\/v2\/posts\/1176\/revisions"}],"predecessor-version":[{"id":1269,"href":"https:\/\/fundacionperiodismo.org\/formacion-dual-2019\/wp-json\/wp\/v2\/posts\/1176\/revisions\/1269"}],"wp:featuredmedia":[{"embeddable":true,"href":"https:\/\/fundacionperiodismo.org\/formacion-dual-2019\/wp-json\/wp\/v2\/media\/1265"}],"wp:attachment":[{"href":"https:\/\/fundacionperiodismo.org\/formacion-dual-2019\/wp-json\/wp\/v2\/media?parent=1176"}],"wp:term":[{"taxonomy":"category","embeddable":true,"href":"https:\/\/fundacionperiodismo.org\/formacion-dual-2019\/wp-json\/wp\/v2\/categories?post=1176"},{"taxonomy":"post_tag","embeddable":true,"href":"https:\/\/fundacionperiodismo.org\/formacion-dual-2019\/wp-json\/wp\/v2\/tags?post=1176"}],"curies":[{"name":"wp","href":"https:\/\/api.w.org\/{rel}","templated":true}]}}