{"id":1209,"date":"2019-12-20T14:09:19","date_gmt":"2019-12-20T18:09:19","guid":{"rendered":"https:\/\/fundacionperiodismo.org\/formacion-dual-2019\/?p=1209"},"modified":"2020-01-09T13:54:11","modified_gmt":"2020-01-09T17:54:11","slug":"habia-una-vez-un-lustra-palomas-y-una-lustra-infiltrado","status":"publish","type":"post","link":"https:\/\/fundacionperiodismo.org\/formacion-dual-2019\/2019\/12\/20\/habia-una-vez-un-lustra-palomas-y-una-lustra-infiltrado\/","title":{"rendered":"Hab\u00eda una vez un lustra palomas y un lustra infiltrado"},"content":{"rendered":"<p>El 11 de noviembre, un d\u00eda despu\u00e9s de la renuncia de Evo Morales,\u00a0 los festejos de la ciudadan\u00eda que defend\u00eda su voto hab\u00edan acabado y el ambiente en las calles era desolador: el miedo se ve\u00eda reflejado en los rostros de las personas.<!--more--><\/p>\n<p>En medio de los conflictos surgen estos protagonistas, dos \u201clustras\u201d, dos historias, dos miradas que recrean los hechos desde el coraz\u00f3n de los conflictos. Ambos trabajaron en plaza Murillo el d\u00eda que se gener\u00f3 el caos en la ciudad, luego de la renuncia de Evo Morales.<\/p>\n<p><script id=\"asp-embed-script\" data-zindex=\"1000000\" type=\"text\/javascript\" charset=\"utf-8\" src=\"https:\/\/spark.adobe.com\/page-embed.js\"><\/script><a class=\"asp-embed-link\" href=\"https:\/\/spark.adobe.com\/page\/amAqQ18s4thXD\/\" target=\"_blank\" rel=\"noopener noreferrer\"><img decoding=\"async\" style=\"width: 100%;\" src=\"https:\/\/spark.adobe.com\/page\/amAqQ18s4thXD\/embed.jpg?buster=1576870020808\" alt=\"HAB\u00cdA UNA VEZ UN LUSTRA INFILTRADO Y UN LUSTRA PALOMAS\" border=\"0\" \/><\/a><\/p>\n","protected":false},"excerpt":{"rendered":"<p>El 11 de noviembre, un d\u00eda despu\u00e9s de la renuncia de Evo Morales,\u00a0 los festejos de la ciudadan\u00eda que defend\u00eda su voto hab\u00edan acabado y el ambiente en las calles era desolador: el miedo se ve\u00eda reflejado en los rostros de las personas.<\/p>\n","protected":false},"author":7,"featured_media":1327,"comment_status":"open","ping_status":"open","sticky":false,"template":"","format":"standard","meta":{"footnotes":""},"categories":[75],"tags":[],"class_list":["post-1209","post","type-post","status-publish","format-standard","has-post-thumbnail","hentry","category-modulo-10-trabajos-finales"],"_links":{"self":[{"href":"https:\/\/fundacionperiodismo.org\/formacion-dual-2019\/wp-json\/wp\/v2\/posts\/1209","targetHints":{"allow":["GET"]}}],"collection":[{"href":"https:\/\/fundacionperiodismo.org\/formacion-dual-2019\/wp-json\/wp\/v2\/posts"}],"about":[{"href":"https:\/\/fundacionperiodismo.org\/formacion-dual-2019\/wp-json\/wp\/v2\/types\/post"}],"author":[{"embeddable":true,"href":"https:\/\/fundacionperiodismo.org\/formacion-dual-2019\/wp-json\/wp\/v2\/users\/7"}],"replies":[{"embeddable":true,"href":"https:\/\/fundacionperiodismo.org\/formacion-dual-2019\/wp-json\/wp\/v2\/comments?post=1209"}],"version-history":[{"count":5,"href":"https:\/\/fundacionperiodismo.org\/formacion-dual-2019\/wp-json\/wp\/v2\/posts\/1209\/revisions"}],"predecessor-version":[{"id":1328,"href":"https:\/\/fundacionperiodismo.org\/formacion-dual-2019\/wp-json\/wp\/v2\/posts\/1209\/revisions\/1328"}],"wp:featuredmedia":[{"embeddable":true,"href":"https:\/\/fundacionperiodismo.org\/formacion-dual-2019\/wp-json\/wp\/v2\/media\/1327"}],"wp:attachment":[{"href":"https:\/\/fundacionperiodismo.org\/formacion-dual-2019\/wp-json\/wp\/v2\/media?parent=1209"}],"wp:term":[{"taxonomy":"category","embeddable":true,"href":"https:\/\/fundacionperiodismo.org\/formacion-dual-2019\/wp-json\/wp\/v2\/categories?post=1209"},{"taxonomy":"post_tag","embeddable":true,"href":"https:\/\/fundacionperiodismo.org\/formacion-dual-2019\/wp-json\/wp\/v2\/tags?post=1209"}],"curies":[{"name":"wp","href":"https:\/\/api.w.org\/{rel}","templated":true}]}}