{"id":1229,"date":"2019-12-20T14:05:12","date_gmt":"2019-12-20T18:05:12","guid":{"rendered":"https:\/\/fundacionperiodismo.org\/formacion-dual-2019\/?p=1229"},"modified":"2020-01-09T14:08:53","modified_gmt":"2020-01-09T18:08:53","slug":"alerta-roja-bolivia-un-pais-inseguro-para-los-turistas-por-los-conflictos","status":"publish","type":"post","link":"https:\/\/fundacionperiodismo.org\/formacion-dual-2019\/2019\/12\/20\/alerta-roja-bolivia-un-pais-inseguro-para-los-turistas-por-los-conflictos\/","title":{"rendered":"Alerta roja: Bolivia un pa\u00eds inseguro para los turistas por los conflictos"},"content":{"rendered":"<p>A consecuencia de la convulsi\u00f3n social en el pa\u00eds por los resultados de las elecciones, se redujo el ingreso de turistas extranjeros al pa\u00eds. Actividades tur\u00edsticas quedaron canceladas por un mes.<!--more--><\/p>\n<p><script id=\"asp-embed-script\" data-zindex=\"1000000\" type=\"text\/javascript\" charset=\"utf-8\" src=\"https:\/\/spark.adobe.com\/page-embed.js\"><\/script><a class=\"asp-embed-link\" href=\"https:\/\/spark.adobe.com\/page\/uqMAqTAw6GveT\/\" target=\"_blank\" rel=\"noopener noreferrer\"><img decoding=\"async\" style=\"width: 100%;\" src=\"https:\/\/spark.adobe.com\/page\/uqMAqTAw6GveT\/embed.jpg?buster=1576869006534\" alt=\"Alerta roja: Bolivia un pa\u00eds inseguro para los turistas\" border=\"0\" \/><\/a><\/p>\n","protected":false},"excerpt":{"rendered":"<p>A consecuencia de la convulsi\u00f3n social en el pa\u00eds por los resultados de las elecciones, se redujo el ingreso de turistas extranjeros al pa\u00eds. Actividades tur\u00edsticas quedaron canceladas por un mes.<\/p>\n","protected":false},"author":14,"featured_media":1332,"comment_status":"open","ping_status":"open","sticky":false,"template":"","format":"standard","meta":{"footnotes":""},"categories":[75],"tags":[],"class_list":["post-1229","post","type-post","status-publish","format-standard","has-post-thumbnail","hentry","category-modulo-10-trabajos-finales"],"_links":{"self":[{"href":"https:\/\/fundacionperiodismo.org\/formacion-dual-2019\/wp-json\/wp\/v2\/posts\/1229","targetHints":{"allow":["GET"]}}],"collection":[{"href":"https:\/\/fundacionperiodismo.org\/formacion-dual-2019\/wp-json\/wp\/v2\/posts"}],"about":[{"href":"https:\/\/fundacionperiodismo.org\/formacion-dual-2019\/wp-json\/wp\/v2\/types\/post"}],"author":[{"embeddable":true,"href":"https:\/\/fundacionperiodismo.org\/formacion-dual-2019\/wp-json\/wp\/v2\/users\/14"}],"replies":[{"embeddable":true,"href":"https:\/\/fundacionperiodismo.org\/formacion-dual-2019\/wp-json\/wp\/v2\/comments?post=1229"}],"version-history":[{"count":4,"href":"https:\/\/fundacionperiodismo.org\/formacion-dual-2019\/wp-json\/wp\/v2\/posts\/1229\/revisions"}],"predecessor-version":[{"id":1333,"href":"https:\/\/fundacionperiodismo.org\/formacion-dual-2019\/wp-json\/wp\/v2\/posts\/1229\/revisions\/1333"}],"wp:featuredmedia":[{"embeddable":true,"href":"https:\/\/fundacionperiodismo.org\/formacion-dual-2019\/wp-json\/wp\/v2\/media\/1332"}],"wp:attachment":[{"href":"https:\/\/fundacionperiodismo.org\/formacion-dual-2019\/wp-json\/wp\/v2\/media?parent=1229"}],"wp:term":[{"taxonomy":"category","embeddable":true,"href":"https:\/\/fundacionperiodismo.org\/formacion-dual-2019\/wp-json\/wp\/v2\/categories?post=1229"},{"taxonomy":"post_tag","embeddable":true,"href":"https:\/\/fundacionperiodismo.org\/formacion-dual-2019\/wp-json\/wp\/v2\/tags?post=1229"}],"curies":[{"name":"wp","href":"https:\/\/api.w.org\/{rel}","templated":true}]}}