{"id":1304,"date":"2019-12-20T14:10:53","date_gmt":"2019-12-20T18:10:53","guid":{"rendered":"https:\/\/fundacionperiodismo.org\/formacion-dual-2019\/?p=1304"},"modified":"2020-01-09T13:54:03","modified_gmt":"2020-01-09T17:54:03","slug":"detras-del-uniforme-la-familia-policial-en-los-conflictos","status":"publish","type":"post","link":"https:\/\/fundacionperiodismo.org\/formacion-dual-2019\/2019\/12\/20\/detras-del-uniforme-la-familia-policial-en-los-conflictos\/","title":{"rendered":"Detr\u00e1s del uniforme: la familia policial en los conflictos"},"content":{"rendered":"<p>La Polic\u00eda fue protagonista de los conflictos que acabaron con el mandato de Evo Morales. En sus familias y en la intimidad, nos cuentan c\u00f3mo vivieron estos dram\u00e1ticos d\u00edas. Los nombres de los personajes de esta cr\u00f3nica son ficticios para proteger su seguridad.<!--more--><\/p>\n<p><script id=\"asp-embed-script\" data-zindex=\"1000000\" type=\"text\/javascript\" charset=\"utf-8\" src=\"https:\/\/spark.adobe.com\/page-embed.js\"><\/script><a class=\"asp-embed-link\" href=\"https:\/\/spark.adobe.com\/page\/uxyVGcqJiLeNn\/\" target=\"_blank\" rel=\"noopener noreferrer\"><img decoding=\"async\" src=\"https:\/\/spark.adobe.com\/page\/uxyVGcqJiLeNn\/embed.jpg?buster=1578175036900\" alt=\"DETR\u00c1S DEL UNIFORME: LA FAMILIA POLICIAL EN LOS CONFLICTOS\" style=\"width:100%\" border=\"0\" \/><\/a><\/p>\n","protected":false},"excerpt":{"rendered":"<p>La Polic\u00eda fue protagonista de los conflictos que acabaron con el mandato de Evo Morales. En sus familias y en la intimidad, nos cuentan c\u00f3mo vivieron estos dram\u00e1ticos d\u00edas. Los nombres de los personajes de esta cr\u00f3nica son ficticios para proteger su seguridad.<\/p>\n","protected":false},"author":15,"featured_media":1319,"comment_status":"open","ping_status":"open","sticky":false,"template":"","format":"standard","meta":{"footnotes":""},"categories":[75],"tags":[],"class_list":["post-1304","post","type-post","status-publish","format-standard","has-post-thumbnail","hentry","category-modulo-10-trabajos-finales"],"_links":{"self":[{"href":"https:\/\/fundacionperiodismo.org\/formacion-dual-2019\/wp-json\/wp\/v2\/posts\/1304","targetHints":{"allow":["GET"]}}],"collection":[{"href":"https:\/\/fundacionperiodismo.org\/formacion-dual-2019\/wp-json\/wp\/v2\/posts"}],"about":[{"href":"https:\/\/fundacionperiodismo.org\/formacion-dual-2019\/wp-json\/wp\/v2\/types\/post"}],"author":[{"embeddable":true,"href":"https:\/\/fundacionperiodismo.org\/formacion-dual-2019\/wp-json\/wp\/v2\/users\/15"}],"replies":[{"embeddable":true,"href":"https:\/\/fundacionperiodismo.org\/formacion-dual-2019\/wp-json\/wp\/v2\/comments?post=1304"}],"version-history":[{"count":5,"href":"https:\/\/fundacionperiodismo.org\/formacion-dual-2019\/wp-json\/wp\/v2\/posts\/1304\/revisions"}],"predecessor-version":[{"id":1317,"href":"https:\/\/fundacionperiodismo.org\/formacion-dual-2019\/wp-json\/wp\/v2\/posts\/1304\/revisions\/1317"}],"wp:featuredmedia":[{"embeddable":true,"href":"https:\/\/fundacionperiodismo.org\/formacion-dual-2019\/wp-json\/wp\/v2\/media\/1319"}],"wp:attachment":[{"href":"https:\/\/fundacionperiodismo.org\/formacion-dual-2019\/wp-json\/wp\/v2\/media?parent=1304"}],"wp:term":[{"taxonomy":"category","embeddable":true,"href":"https:\/\/fundacionperiodismo.org\/formacion-dual-2019\/wp-json\/wp\/v2\/categories?post=1304"},{"taxonomy":"post_tag","embeddable":true,"href":"https:\/\/fundacionperiodismo.org\/formacion-dual-2019\/wp-json\/wp\/v2\/tags?post=1304"}],"curies":[{"name":"wp","href":"https:\/\/api.w.org\/{rel}","templated":true}]}}