{"id":170,"date":"2019-02-27T17:06:28","date_gmt":"2019-02-27T17:06:28","guid":{"rendered":"https:\/\/fundacionperiodismo.org\/formacion-dual-2019\/?p=170"},"modified":"2019-04-04T11:56:50","modified_gmt":"2019-04-04T15:56:50","slug":"datos-sobre-asesinatos-a-trabajadoras-sexuales-trans-en-bolivia","status":"publish","type":"post","link":"https:\/\/fundacionperiodismo.org\/formacion-dual-2019\/2019\/02\/27\/datos-sobre-asesinatos-a-trabajadoras-sexuales-trans-en-bolivia\/","title":{"rendered":"Cr\u00edmenes de odio: 8 historias de mujeres transexuales asesinadas"},"content":{"rendered":"<p>Alcatraz fue una de las c\u00e1rceles de m\u00e1xima seguridad en Estados Unidos. En Bolivia es el nombre que le dieron a una mujer que naci\u00f3 hombre. Hace 17 a\u00f1os se arm\u00f3 de valor y \u201csali\u00f3 del closet\u201d\u00a0 para cambiar su orientaci\u00f3n sexual y apariencia f\u00edsica, convirti\u00e9ndose en una mujer transexual.<\/p>\n<p><!--more--><\/p>\n<p>La decisi\u00f3n tuvo consecuencias: sali\u00f3 de casa por el rechazo de su familia, varias puertas se\u00a0 cerraron por su nueva apariencia. Las opciones de empleo eran escasas \u201cme ofrecieron 600 bolivianos pero no me alcanzaba para nada\u201d.\u00a0 En su intento por sobrevivir decidi\u00f3 vender su cuerpo, exponi\u00e9ndose a muchos riesgos&#8230;<\/p>\n<p>Seg\u00fan un estudio\u00a0 de Capacitaci\u00f3n de Derechos Humanos, el 41% de la poblaci\u00f3n trans<a href=\"https:\/\/view.genial.ly\/5c7940f07d15495764f6a9bb\/genially-sin-titulo\" target=\"_blank\" rel=\"noopener\"> (tr\u00e1nsgenero, travestis y transexuales)<\/a> se suicida, por el rechazo de la familia, falta de vivienda y un trabajo digno.<\/p>\n<p>Ante esta situaci\u00f3n\u00a0 el 80% de las mujeres transexuales son trabajadoras sexuales, inform\u00f3 Tamara N\u00fa\u00f1ez del Prado, ex Adjunta de la Defensor\u00eda del Pueblo y activista de los derechos humanos del colectivo de Trans, Lesbianas, Gays, Bisexuales e Intersexuales (LGBTI).<\/p>\n<p>La intolerancia de algunos sectores de la sociedad al colectivo LGBTI, se refleja en el informe de la Defensor\u00eda. En los \u00faltimos doce a\u00f1os se registraron 66 casos de asesinato por homofobia y transfobia, de los cuales s\u00f3lo uno fue penalizado.<\/p>\n<p>A continuaci\u00f3n podr\u00e1 ver los <strong>8 casos<\/strong> que se hicieron p\u00fablicos en las ciudades de El Alto y Santa Cruz.<\/p>\n<p><iframe loading=\"lazy\" src=\"https:\/\/uploads.knightlab.com\/storymapjs\/a488e0f7acd1baabdec656137788d911\/casos-de-asesinatos\/index.html\" width=\"100%\" height=\"800\" frameborder=\"0\"><\/iframe><\/p>\n<p>Entre los a\u00f1os: 2009 y 2011, se reportaron 7 asesinatos en las ciudades de Santa Cruz, Yacuiba y Trinidad, pero las victimas no fueron identificadas.<\/p>\n<p>Del 2011 al 2018, 5 asesinatos sucedieron en Santa Cruz, y 3 en la ciudad de El Alto.<\/p>\n<p>La Unidad de Estad\u00edstica del Comando Departamental de\u00a0 la Polic\u00eda en La Paz,\u00a0 informa que cuando se registra un homicidio s\u00f3lo se limitan a identificar si el cuerpo es femenino o masculino, no existe una categoria para las\u00a0 personas trans asesinadas.<\/p>\n<p>Y si hablamos del acceso de justicia, los activistas y representantes del colectivo trans, coinciden que existe un vac\u00edo jur\u00eddico para penalizar los cr\u00edmenes de odio. Si bien el 2017 se logr\u00f3 incorporar un cap\u00edtulo para la <a href=\"http:\/\/la-razon.com\/sociedad\/Defensoria-crimen-odio-Codigo-Penal-Bolivia_0_2534746585.html\" target=\"_blank\" rel=\"noopener\">tipificaci\u00f3n de delitos y sanciones<\/a> en el Nuevo C\u00f3digo Penal, est\u00e9 fue\u00a0 abrogado por la presi\u00f3n de los m\u00e9dicos y otros sectores sociales.<\/p>\n<p>Al respecto el diputado del Movimiento Al Socialismo, Lino C\u00e1rdenas lament\u00f3 que \u00abmuchos cr\u00edmenes queden en la impunidad\u00bb ante la ausencia de una normativa.<\/p>\n","protected":false},"excerpt":{"rendered":"<p>Alcatraz fue una de las c\u00e1rceles de m\u00e1xima seguridad en Estados Unidos. En Bolivia es el nombre que le dieron a una mujer que naci\u00f3 hombre. Hace 17 a\u00f1os se arm\u00f3 de valor y \u201csali\u00f3 del closet\u201d\u00a0 para cambiar su orientaci\u00f3n sexual y apariencia f\u00edsica, convirti\u00e9ndose en una mujer transexual.<\/p>\n","protected":false},"author":13,"featured_media":290,"comment_status":"open","ping_status":"open","sticky":false,"template":"templates\/template-fullwidth.php","format":"standard","meta":{"footnotes":""},"categories":[58],"tags":[],"class_list":["post-170","post","type-post","status-publish","format-standard","has-post-thumbnail","hentry","category-semana-2-trabajos-finales-reportaje-crossmedia"],"_links":{"self":[{"href":"https:\/\/fundacionperiodismo.org\/formacion-dual-2019\/wp-json\/wp\/v2\/posts\/170","targetHints":{"allow":["GET"]}}],"collection":[{"href":"https:\/\/fundacionperiodismo.org\/formacion-dual-2019\/wp-json\/wp\/v2\/posts"}],"about":[{"href":"https:\/\/fundacionperiodismo.org\/formacion-dual-2019\/wp-json\/wp\/v2\/types\/post"}],"author":[{"embeddable":true,"href":"https:\/\/fundacionperiodismo.org\/formacion-dual-2019\/wp-json\/wp\/v2\/users\/13"}],"replies":[{"embeddable":true,"href":"https:\/\/fundacionperiodismo.org\/formacion-dual-2019\/wp-json\/wp\/v2\/comments?post=170"}],"version-history":[{"count":38,"href":"https:\/\/fundacionperiodismo.org\/formacion-dual-2019\/wp-json\/wp\/v2\/posts\/170\/revisions"}],"predecessor-version":[{"id":732,"href":"https:\/\/fundacionperiodismo.org\/formacion-dual-2019\/wp-json\/wp\/v2\/posts\/170\/revisions\/732"}],"wp:featuredmedia":[{"embeddable":true,"href":"https:\/\/fundacionperiodismo.org\/formacion-dual-2019\/wp-json\/wp\/v2\/media\/290"}],"wp:attachment":[{"href":"https:\/\/fundacionperiodismo.org\/formacion-dual-2019\/wp-json\/wp\/v2\/media?parent=170"}],"wp:term":[{"taxonomy":"category","embeddable":true,"href":"https:\/\/fundacionperiodismo.org\/formacion-dual-2019\/wp-json\/wp\/v2\/categories?post=170"},{"taxonomy":"post_tag","embeddable":true,"href":"https:\/\/fundacionperiodismo.org\/formacion-dual-2019\/wp-json\/wp\/v2\/tags?post=170"}],"curies":[{"name":"wp","href":"https:\/\/api.w.org\/{rel}","templated":true}]}}