{"id":212,"date":"2019-03-01T12:09:35","date_gmt":"2019-03-01T16:09:35","guid":{"rendered":"https:\/\/fundacionperiodismo.org\/formacion-dual-2019\/?p=212"},"modified":"2019-03-02T11:45:19","modified_gmt":"2019-03-02T15:45:19","slug":"riqueza-natural-y-derechos-en-riesgo","status":"publish","type":"post","link":"https:\/\/fundacionperiodismo.org\/formacion-dual-2019\/2019\/03\/01\/riqueza-natural-y-derechos-en-riesgo\/","title":{"rendered":"Cuatro megaproyectos ponen en riesgo riqueza natural y derechos"},"content":{"rendered":"<p>Cientos de pace\u00f1os recibieron como h\u00e9roes a m\u00e1s de 400 ind\u00edgenas del <a href=\"http:\/\/www.lostiempos.com\/actualidad\/economia\/20120628\/marcha-del-tipnis-llega-paz-medio-tension\" target=\"_blank\" rel=\"noopener\">Tipnis<\/a> que marcharon desde Beni a La Paz durante 65 d\u00edas en 2011. Las heridas en sus pies, los rostros quemados y el cansancio no mermaron las fuerzas para reclamar su derecho a un medio ambiente sano, ante la amenaza de una carretera en medio del \u00e1rea protegida.<\/p>\n<p><!--more--><\/p>\n<p>Lograron detener el proyecto parcialmente, aunque el Gobierno construy\u00f3 tres <a href=\"http:\/\/www.lostiempos.com\/actualidad\/economia\/20180812\/empresas-ya-concluyeron-tres-puentes-poligono-7-del-tipnis\" target=\"_blank\" rel=\"noopener\">puentes<\/a> de forma clandestina, seg\u00fan observ\u00f3 Los Tiempos en una inspecci\u00f3n. Sin embargo, luego surgieron otros tres megaproyectos de hidroel\u00e9ctricas; <a href=\"http:\/\/www.lostiempos.com\/actualidad\/economia\/20190107\/afectados-proyecto-rositas-flexibilizan-su-rechazo-hidroelectrica\" target=\"_blank\" rel=\"noopener\">Rositas<\/a>, <a href=\"http:\/\/www.lostiempos.com\/actualidad\/economia\/20190125\/reportan-11-avance-obras-hidroelectrica-ivirizu\" target=\"_blank\" rel=\"noopener\">Ivirizu<\/a>, <a href=\"http:\/\/www.lostiempos.com\/actualidad\/economia\/20180120\/proyecto-chepete-bala-amenaza-vocacion-turistica\" target=\"_blank\" rel=\"noopener\">El Bala\/Chepete<\/a>; que ponen en riesgo a m\u00e1s de 100 comunidades ind\u00edgenas, seis \u00e1reas protegidas y miles de especies de flora y fauna.<\/p>\n<p>&nbsp;<\/p>\n<p><iframe loading=\"lazy\" src=\"https:\/\/uploads.knightlab.com\/storymapjs\/909ce153964cd2113992017b9e462751\/desarrollo-y-medio-ambiente\/index.html\" width=\"100%\" height=\"800\" frameborder=\"0\"><\/iframe><\/p>\n<p>&nbsp;<\/p>\n<h3>Derecho al medio ambiente<\/h3>\n<p>El abogado constitucionalista, C\u00e9sar Cabrera, explica que existen tres grupos de derechos establecidos en la Constituci\u00f3n Pol\u00edtica del Estado. Entre \u00e9stos se encuentran los Derechos Sociales y Econ\u00f3micos que contemplan el Derecho al Medio Ambiente.<\/p>\n<p>Los art\u00edculos 33 y 34 detallan los alcances. Quien considere que esto se estar\u00eda vulnerando puede iniciar las acciones legales que tambi\u00e9n estipula la Constituci\u00f3n.<\/p>\n<blockquote>\n<h4><strong>\u00abLuego de la revoluci\u00f3n francesa y la segunda guerra mundial se vio que tambi\u00e9n se pod\u00eda acabar con la tierra sin usar un arma, s\u00f3lo da\u00f1ando el medio ambiente. Por eso, se establecieron estos derechos\u00bb, manifest\u00f3 Cabrera.<\/strong><\/h4>\n<\/blockquote>\n<p><img loading=\"lazy\" decoding=\"async\" class=\"size-full wp-image-229 aligncenter\" src=\"https:\/\/fundacionperiodismo.org\/formacion-dual-2019\/wp-content\/uploads\/2019\/02\/Constituci\u00f3n-2.jpg\" alt=\"\" width=\"763\" height=\"383\" srcset=\"https:\/\/fundacionperiodismo.org\/formacion-dual-2019\/wp-content\/uploads\/2019\/02\/Constituci\u00f3n-2.jpg 763w, https:\/\/fundacionperiodismo.org\/formacion-dual-2019\/wp-content\/uploads\/2019\/02\/Constituci\u00f3n-2-300x151.jpg 300w\" sizes=\"auto, (max-width: 763px) 100vw, 763px\" \/><\/p>\n<p>Es as\u00ed que los pueblos ind\u00edgenas afectados por el proyecto hidroel\u00e9ctrico Rositas interpusieron una Acci\u00f3n <a href=\"http:\/\/www.lostiempos.com\/actualidad\/economia\/20180404\/juez-cochabamba-remite-santa-cruz-accion-popular-contra-proyecto\" target=\"_blank\" rel=\"noopener\">Popular<\/a>. Incluso se habl\u00f3 de llegar a instancias internacionales. Sin embargo, el abogado Ramiro Or\u00edas, explic\u00f3 que la Comisi\u00f3n Interamericana de Derechos Humanos (CIDH) no tiene contemplado este derecho dentro de su marco normativo. Los casos que llegaron son por la vulneraci\u00f3n al derecho a la salud.<\/p>\n<p>&nbsp;<\/p>\n<h3>Afectaci\u00f3n<\/h3>\n<p>La implementaci\u00f3n de un proyecto dentro de un \u00e1rea protegida siempre trae consigo una fuerte afectaci\u00f3n al medio ambiente. La carretera por el <a href=\"https:\/\/www.bbc.com\/mundo\/noticias-america-latina-40942121\" target=\"_blank\" rel=\"noopener\">Tipnis<\/a>, la hidroel\u00e9ctricas <a href=\"http:\/\/www.lostiempos.com\/actualidad\/economia\/20180523\/ficha-ambiental-rositas-eleva-impacto-ecologico\" target=\"_blank\" rel=\"noopener\">Rositas<\/a> e <a href=\"http:\/\/www.lostiempos.com\/actualidad\/economia\/20190204\/hidroelectrica-obras-obligan-trasladar-6-mil-animales-ivirizu\" target=\"_blank\" rel=\"noopener\">Ivirizu<\/a> generar\u00e1 la p\u00e9rdida de h\u00e1bitat de miles de especies de flora y fauna. A\u00fan no se contabiliz\u00f3 el da\u00f1o el El Bala y el Chepete, pero se presume que ser\u00e1 el doble.<\/p>\n<div class=\"infogram-embed\" data-id=\"e774b3a9-d450-4537-b3d9-99842584d531\" data-type=\"interactive\" data-title=\"\u00c1reas protegidas en riesgo\"><\/div>\n<p><script>!function(e,t,s,i){var n=\"InfogramEmbeds\",o=e.getElementsByTagName(\"script\")[0],d=\/^http:\/.test(e.location)?\"http:\":\"https:\";if(\/^\\\/{2}\/.test(i)&&(i=d+i),window[n]&&window[n].initialized)window[n].process&&window[n].process();else if(!e.getElementById(s)){var r=e.createElement(\"script\");r.async=1,r.id=s,r.src=i,o.parentNode.insertBefore(r,o)}}(document,0,\"infogram-async\",\"https:\/\/e.infogram.com\/js\/dist\/embed-loader-min.js\");<\/script><\/p>\n<div style=\"padding: 8px 0; font-family: Arial!important; font-size: 13px!important; line-height: 15px!important; text-align: center; border-top: 1px solid #dadada; margin: 0 30px;\"><a style=\"color: #989898!important; text-decoration: none!important;\" href=\"https:\/\/infogram.com\/e774b3a9-d450-4537-b3d9-99842584d531\" target=\"_blank\" rel=\"noopener\">\u00c1reas protegidas en riesgo<\/a><br \/>\n<a style=\"color: #989898!important; text-decoration: none!important;\" href=\"https:\/\/infogram.com\" target=\"_blank\" rel=\"nofollow noopener\">Infogram<\/a><\/div>\n<div><\/div>\n<div><\/div>\n<h3>Alternativas<\/h3>\n<div>El senador Dem\u00f3crata Yerko N\u00fa\u00f1ez insta al Gobierno a utilizar otro tipo de proyectos de generaci\u00f3n de energ\u00eda, como la solar y la e\u00f3lica, cuya afectaci\u00f3n al medio ambiente ser\u00eda menor. Adem\u00e1s, permitir\u00eda a los pueblos ind\u00edgenas seguir viviendo en su h\u00e1bitat.<\/div>\n<blockquote>\n<h4><strong>\u00abEl objetivo del Gobierno es beneficiar a los cocaleros (&#8230;) Es contradictorio. Habla de protecci\u00f3n al medio ambiente, pero luego busca implementar este tipo de proyectos\u00bb, dijo N\u00fa\u00f1ez.<\/strong><\/h4>\n<\/blockquote>\n<div><\/div>\n<h3>En defensa<\/h3>\n<div>Por su parte, el presidente del Estado Evo Morales siempre se\u00f1al\u00f3 que su gobierno ser\u00eda defensor de los derechos de la madre tierra. Incluso impuls\u00f3 iniciativas a nivel internacional y llam\u00f3 a la conciencia <a href=\"http:\/\/www.lostiempos.com\/tendencias\/medio-ambiente\/20170422\/evo-llama-cuidar-tierra-erradicar-capitalismo\" target=\"_blank\" rel=\"noopener\">nacional<\/a>.<\/div>\n<blockquote>\n<h4><strong>\u00abEsta Madre Tierra es para los pueblos. No para el sistema capitalista\u00bb, manifest\u00f3 Morales en un acto por el D\u00eda Internacional de la Tierra en 2017.<\/strong><\/h4>\n<p>&nbsp;<\/p><\/blockquote>\n","protected":false},"excerpt":{"rendered":"<p>Cientos de pace\u00f1os recibieron como h\u00e9roes a m\u00e1s de 400 ind\u00edgenas del Tipnis que marcharon desde Beni a La Paz durante 65 d\u00edas en 2011. Las heridas en sus pies, los rostros quemados y el cansancio no mermaron las fuerzas para reclamar su derecho a un medio ambiente sano, ante la amenaza de una carretera en medio del \u00e1rea protegida.<\/p>\n","protected":false},"author":12,"featured_media":332,"comment_status":"open","ping_status":"open","sticky":false,"template":"templates\/template-fullwidth.php","format":"standard","meta":{"footnotes":""},"categories":[58],"tags":[54,48,52,53,51,47,50,49],"class_list":["post-212","post","type-post","status-publish","format-standard","has-post-thumbnail","hentry","category-semana-2-trabajos-finales-reportaje-crossmedia","tag-constitucion-politica-del-estado","tag-derechos","tag-el-bala","tag-el-chepete","tag-ivirizu","tag-medio-ambiente","tag-rositas","tag-tipnis"],"_links":{"self":[{"href":"https:\/\/fundacionperiodismo.org\/formacion-dual-2019\/wp-json\/wp\/v2\/posts\/212","targetHints":{"allow":["GET"]}}],"collection":[{"href":"https:\/\/fundacionperiodismo.org\/formacion-dual-2019\/wp-json\/wp\/v2\/posts"}],"about":[{"href":"https:\/\/fundacionperiodismo.org\/formacion-dual-2019\/wp-json\/wp\/v2\/types\/post"}],"author":[{"embeddable":true,"href":"https:\/\/fundacionperiodismo.org\/formacion-dual-2019\/wp-json\/wp\/v2\/users\/12"}],"replies":[{"embeddable":true,"href":"https:\/\/fundacionperiodismo.org\/formacion-dual-2019\/wp-json\/wp\/v2\/comments?post=212"}],"version-history":[{"count":19,"href":"https:\/\/fundacionperiodismo.org\/formacion-dual-2019\/wp-json\/wp\/v2\/posts\/212\/revisions"}],"predecessor-version":[{"id":614,"href":"https:\/\/fundacionperiodismo.org\/formacion-dual-2019\/wp-json\/wp\/v2\/posts\/212\/revisions\/614"}],"wp:featuredmedia":[{"embeddable":true,"href":"https:\/\/fundacionperiodismo.org\/formacion-dual-2019\/wp-json\/wp\/v2\/media\/332"}],"wp:attachment":[{"href":"https:\/\/fundacionperiodismo.org\/formacion-dual-2019\/wp-json\/wp\/v2\/media?parent=212"}],"wp:term":[{"taxonomy":"category","embeddable":true,"href":"https:\/\/fundacionperiodismo.org\/formacion-dual-2019\/wp-json\/wp\/v2\/categories?post=212"},{"taxonomy":"post_tag","embeddable":true,"href":"https:\/\/fundacionperiodismo.org\/formacion-dual-2019\/wp-json\/wp\/v2\/tags?post=212"}],"curies":[{"name":"wp","href":"https:\/\/api.w.org\/{rel}","templated":true}]}}