{"id":217,"date":"2019-03-01T13:04:12","date_gmt":"2019-03-01T17:04:12","guid":{"rendered":"https:\/\/fundacionperiodismo.org\/formacion-dual-2019\/?p=217"},"modified":"2019-03-01T16:59:44","modified_gmt":"2019-03-01T20:59:44","slug":"la-violencia-provoca-sacudon-en-la-sociedad-y-la-politica","status":"publish","type":"post","link":"https:\/\/fundacionperiodismo.org\/formacion-dual-2019\/2019\/03\/01\/la-violencia-provoca-sacudon-en-la-sociedad-y-la-politica\/","title":{"rendered":"La violencia provoca sacud\u00f3n en la sociedad y la pol\u00edtica"},"content":{"rendered":"<blockquote><p><em>En los \u00faltimos cinco a\u00f1os, en Bolivia asesinaron a\u00a0574 mujeres. Los \u00edndices de denuncias por este delito van en aumento. La sociedad exige un freno y los pol\u00edticos proponen un proceso de prevenci\u00f3n.\u00a0<\/em><\/p><\/blockquote>\n<p><iframe loading=\"lazy\" src=\"https:\/\/www.youtube.com\/embed\/A_hFyM6_SY0\" width=\"560\" height=\"315\" frameborder=\"0\" allowfullscreen=\"allowfullscreen\"><\/iframe><\/p>\n<p>Dar\u00edo, hermano de Rosmeri M. Q. cuenta el sufrimiento al que fue sometida su familiar, hasta finalmente ser asesinada por su pareja Gustavo M. P.<\/p>\n<p>Mientras discut\u00edan la madrugada del martes 27 de febrero, en su vivienda ubicada en la zona Tupac Amaru de La Paz, \u00e9l le asest\u00f3 dos pu\u00f1aladas en el pecho con un \u00abfiloso cuchillo\u00bb delante de su hija de 15 a\u00f1os.<\/p>\n<p>El presunto autor fue\u00a0imputado por el delito de feminicidio y enviado al penal de Chonchocoro, con detenci\u00f3n preventiva. Con Rosmeri se contabilizaban 19 asesinatos de mujeres en el pa\u00eds en los dos primeros meses de 2019.<!--more--><\/p>\n<p>Desde la promulgaci\u00f3n de la <a href=\"https:\/\/oig.cepal.org\/sites\/default\/files\/2013_bol_ley348.pdf\" target=\"_blank\" rel=\"noopener\">Ley 348<\/a>, para garantizar a las mujeres una vida libre de violencia, el 9 de marzo de 2013 hasta diciembre de 2018 hubo 555 feminicidios, 220 obtuvieron sentencia. Otros 324 contin\u00faan en proceso y 11 fueron recalificados o extinguidos, seg\u00fan un informe brindado el 27 de febrero por el Fiscal General Juan Lanchipa. Se presentaron 129.628 denuncias. M\u00e1s datos en los siguientes cuadros:<\/p>\n<div class=\"infogram-embed\" data-id=\"a1b12654-ea39-490b-9fbf-421def6c77f1\" data-type=\"interactive\" data-title=\"Mar\u00eda\"><\/div>\n<p><script>!function(e,t,s,i){var n=\"InfogramEmbeds\",o=e.getElementsByTagName(\"script\")[0],d=\/^http:\/.test(e.location)?\"http:\":\"https:\";if(\/^\\\/{2}\/.test(i)&&(i=d+i),window[n]&&window[n].initialized)window[n].process&&window[n].process();else if(!e.getElementById(s)){var r=e.createElement(\"script\");r.async=1,r.id=s,r.src=i,o.parentNode.insertBefore(r,o)}}(document,0,\"infogram-async\",\"https:\/\/e.infogram.com\/js\/dist\/embed-loader-min.js\");<\/script><\/p>\n<div style=\"padding: 8px 0; font-family: Arial!important; font-size: 13px!important; line-height: 15px!important; text-align: center; border-top: 1px solid #dadada; margin: 0 30px;\"><a style=\"color: #989898!important; text-decoration: none!important;\" href=\"https:\/\/infogram.com\/a1b12654-ea39-490b-9fbf-421def6c77f1\" target=\"_blank\" rel=\"noopener\">Mar\u00eda<\/a><br \/>\n<a style=\"color: #989898!important; text-decoration: none!important;\" href=\"https:\/\/infogram.com\" target=\"_blank\" rel=\"nofollow noopener\">Infogram<\/a><\/div>\n<p>La Ley 348 sanciona el feminicidio con 30 a\u00f1os de reclusi\u00f3n y sin derecho a indulto. Adem\u00e1s establece las mejores formas de dar una respuesta r\u00e1pida y efectiva que garantice a v\u00edctimas un acceso a la justicia para una pronta persecuci\u00f3n, sanci\u00f3n y reparaci\u00f3n por delitos de violencia. \u00bfAs\u00ed lo entienden los administradores de justicia?.<\/p>\n<p><iframe loading=\"lazy\" src=\"https:\/\/www.youtube.com\/embed\/Z3Gv4Jo3KF8\" width=\"560\" height=\"315\" frameborder=\"0\" allowfullscreen=\"allowfullscreen\"><\/iframe><\/p>\n<p><strong>La apuesta de los pol\u00edticos es la prevenci\u00f3n\u00a0<\/strong><\/p>\n<p>Ante indicadores que reportan los m\u00e1s altos \u00edndices de violencia de los \u00faltimos cinco a\u00f1os, los pol\u00edticos consideran que la erradicaci\u00f3n de este delito es la deuda m\u00e1s alta del estado con la sociedad. Las propuestas rumbo a las elecciones generales de octubre van enfocadas a garantizar a las mujeres una vida libre de violencia.<\/p>\n<p>\u201cLas leyes no han podido disminuir estos delitos; necesitamos un cambio real, dr\u00e1stico y profundo en educaci\u00f3n, justicia y prevenci\u00f3n\u201d, reclam\u00f3 en su cuenta de Tittwer el candidato de Comunidad Ciudadana, <a href=\"https:\/\/twitter.com\/carlosdmesag\/status\/1100741507529752576\" target=\"_blank\" rel=\"noopener\">Carlos Mesa<\/a>.<\/p>\n<p>Mientras que el senador y aspirante presidencial de la alianza Bolivia Dice No, \u00d3scar Ortiz, exhort\u00f3 al Gobierno a declarar \u00abalerta nacional\u00bb por la cantidad de feminicidios registrados.<\/p>\n<p><iframe loading=\"lazy\" src=\"https:\/\/www.youtube.com\/embed\/GSY0RTcbpYc\" width=\"560\" height=\"315\" frameborder=\"0\" allowfullscreen=\"allowfullscreen\"><\/iframe><\/p>\n<p>Asimismo, el\u00a0Gobernador de La Paz y candidato presidencial por el Movimiento Tercer Sistema, F\u00e9lix Patzi, asegura que la\u00a0prevenci\u00f3n es lo m\u00e1s importante \u201cHablar, y no solamente a la mujer, sino al var\u00f3n sobre todo\u201d propone.<\/p>\n<p>Finalmente, para la postulante a la vicepresidencia por el Partido Dem\u00f3crata Cristiano, Paola Barriga, la capacidad t\u00e9cnica de los operadores de justicia debe mejorar. Plantea una reforma plena de la Ley 348, tambi\u00e9n adaptar buenas pr\u00e1cticas y protocolos.<\/p>\n<p><iframe loading=\"lazy\" src=\"https:\/\/w.soundcloud.com\/player\/?url=https%3A\/\/api.soundcloud.com\/tracks\/583325964&amp;color=%23ff5500&amp;auto_play=false&amp;hide_related=false&amp;show_comments=true&amp;show_user=true&amp;show_reposts=false&amp;show_teaser=true&amp;visual=true\" width=\"100%\" height=\"300\" frameborder=\"no\" scrolling=\"no\"><\/iframe><\/p>\n<p>El Gobierno, a trav\u00e9s del <a href=\"http:\/\/www.gacetaoficialdebolivia.gob.bo\/index.php\/normas\/lista\/11\/page:3\/ayuda:La%20b%C3%BAsqueda%20se%20realizar%C3%A1%20en%20el%20LISTADO%20DE%20DECRETOS\" target=\"_blank\" rel=\"noopener\">Decreto Supremo 3774<\/a>, cre\u00f3 el Servicio Plurinacional de la Mujer y de la Despatriarcalizaci\u00f3n \u201cAna Mar\u00eda Romero\u201d. Establece su estructura, organizaci\u00f3n y funciones, y conforma el Gabinete Especial de Lucha contra la Violencia hacia la Mujer y la Ni\u00f1ez. Operar\u00e1 desde este 8 de marzo.<\/p>\n<p><iframe loading=\"lazy\" src=\"https:\/\/www.youtube.com\/embed\/flJZvXCByqM\" width=\"560\" height=\"315\" frameborder=\"0\" allowfullscreen=\"allowfullscreen\"><\/iframe><\/p>\n<p><strong>16 formas de violencia\u00a0<\/strong><\/p>\n<p>\u00bfSab\u00eda que, seg\u00fan la Ley 348, se debe sancionar las acciones que da\u00f1en la dignidad, integridad, libertad o que viole los derechos de las mujeres?. Haga clik en los marcadores para conocer m\u00e1s informaci\u00f3n:<\/p>\n<div style=\"width: 100%;\">\n<div style=\"position: relative; padding-bottom: 61.11%; padding-top: 0; height: 0;\"><iframe loading=\"lazy\" style=\"position: absolute; top: 0; left: 0; width: 100%; height: 100%;\" src=\"https:\/\/view.genial.ly\/5c786017a159c776290d1d5e\" width=\"900px\" height=\"550px\" frameborder=\"0\" scrolling=\"yes\" allowfullscreen=\"allowfullscreen\"><\/iframe><\/div>\n<div><\/div>\n<\/div>\n<blockquote><p><strong>Si usted es v\u00edctima de violencia o conoce alg\u00fan caso denuncie a la l\u00ednea 800140348<\/strong><\/p>\n<p><strong>Si usted fue a denunciar y no la atendieron correctamente denuncie al 61000571<\/strong><\/p><\/blockquote>\n","protected":false},"excerpt":{"rendered":"<p>En los \u00faltimos cinco a\u00f1os, en Bolivia asesinaron a\u00a0574 mujeres. Los \u00edndices de denuncias por este delito van en aumento. La sociedad exige un freno y los pol\u00edticos proponen un proceso de prevenci\u00f3n.\u00a0 Dar\u00edo, hermano de Rosmeri M. Q. cuenta el sufrimiento al que fue sometida su familiar, hasta finalmente ser asesinada por su pareja Gustavo M. P. Mientras discut\u00edan<\/p>\n","protected":false},"author":10,"featured_media":451,"comment_status":"open","ping_status":"open","sticky":false,"template":"","format":"standard","meta":{"footnotes":""},"categories":[58],"tags":[],"class_list":["post-217","post","type-post","status-publish","format-standard","has-post-thumbnail","hentry","category-semana-2-trabajos-finales-reportaje-crossmedia"],"_links":{"self":[{"href":"https:\/\/fundacionperiodismo.org\/formacion-dual-2019\/wp-json\/wp\/v2\/posts\/217","targetHints":{"allow":["GET"]}}],"collection":[{"href":"https:\/\/fundacionperiodismo.org\/formacion-dual-2019\/wp-json\/wp\/v2\/posts"}],"about":[{"href":"https:\/\/fundacionperiodismo.org\/formacion-dual-2019\/wp-json\/wp\/v2\/types\/post"}],"author":[{"embeddable":true,"href":"https:\/\/fundacionperiodismo.org\/formacion-dual-2019\/wp-json\/wp\/v2\/users\/10"}],"replies":[{"embeddable":true,"href":"https:\/\/fundacionperiodismo.org\/formacion-dual-2019\/wp-json\/wp\/v2\/comments?post=217"}],"version-history":[{"count":85,"href":"https:\/\/fundacionperiodismo.org\/formacion-dual-2019\/wp-json\/wp\/v2\/posts\/217\/revisions"}],"predecessor-version":[{"id":612,"href":"https:\/\/fundacionperiodismo.org\/formacion-dual-2019\/wp-json\/wp\/v2\/posts\/217\/revisions\/612"}],"wp:featuredmedia":[{"embeddable":true,"href":"https:\/\/fundacionperiodismo.org\/formacion-dual-2019\/wp-json\/wp\/v2\/media\/451"}],"wp:attachment":[{"href":"https:\/\/fundacionperiodismo.org\/formacion-dual-2019\/wp-json\/wp\/v2\/media?parent=217"}],"wp:term":[{"taxonomy":"category","embeddable":true,"href":"https:\/\/fundacionperiodismo.org\/formacion-dual-2019\/wp-json\/wp\/v2\/categories?post=217"},{"taxonomy":"post_tag","embeddable":true,"href":"https:\/\/fundacionperiodismo.org\/formacion-dual-2019\/wp-json\/wp\/v2\/tags?post=217"}],"curies":[{"name":"wp","href":"https:\/\/api.w.org\/{rel}","templated":true}]}}