{"id":227,"date":"2019-03-01T13:16:43","date_gmt":"2019-03-01T17:16:43","guid":{"rendered":"https:\/\/fundacionperiodismo.org\/formacion-dual-2019\/?p=227"},"modified":"2019-03-06T21:53:17","modified_gmt":"2019-03-07T01:53:17","slug":"revictimizacion-asi-se-ve-la-violencia-contra-la-mujer-en-las-noticias-de-tv","status":"publish","type":"post","link":"https:\/\/fundacionperiodismo.org\/formacion-dual-2019\/2019\/03\/01\/revictimizacion-asi-se-ve-la-violencia-contra-la-mujer-en-las-noticias-de-tv\/","title":{"rendered":"\u00bfViolencia medi\u00e1tica en las noticias de televisi\u00f3n?"},"content":{"rendered":"<p>Frases como \u00abcrimen pasional\u201d, \u201cla mato por celos\u201d, \u201cestaba borracho\u201d son algunos de los estereotipos que se utilizan para el enfoque de noticias relacionadas a la violencia contra la mujer que muchas veces naturaliza estos actos, as\u00ed lo afirmaron periodistas y especialistas en defensa de g\u00e9nero, en Bolivia.<\/p>\n<p><strong>Lo que se ve en los noticieros <\/strong><\/p>\n<p>En el \u00faltimo tiempo, los noticieros \u00a0de televisi\u00f3n han apostado por otorgarle mayor espacio a noticias que tiene como tem\u00e1tica central la violencia contra la mujer\u00a0 y sin duda es una buena noticia. Sin embargo,\u00a0 Algunos medios\u00a0 y las noticias que recogemos a continuaci\u00f3n trabajan dando m\u00e1s \u00e9nfasis a el drama, dolor, l\u00e1grimas e incluir descripciones detalladas sobre como sucedieron los hechos,\u00a0 enfocando a las v\u00edctimas en primeros planos situaci\u00f3n que solo provoca el morbo de los televidentes, que muchas veces puede llegar a da\u00f1ar aun m\u00e1s a la v\u00edctima.<\/p>\n<div style=\"width: 100%;\">\n<div style=\"position: relative; padding-bottom: 56.25%; padding-top: 0; height: 0;\"><iframe loading=\"lazy\" style=\"position: absolute; top: 0; left: 0; width: 100%; height: 100%;\" src=\"https:\/\/view.genial.ly\/5c7dda495d0e4e575e26610b\" width=\"1200px\" height=\"675px\" frameborder=\"0\" scrolling=\"yes\" allowfullscreen=\"allowfullscreen\"><\/iframe><\/div>\n<\/div>\n<p>&nbsp;<\/p>\n<p>Los medios de comunicaci\u00f3n\u00a0 y los noticieros, construyen significado a trav\u00e9s de los relatos y las palabras que utilizan para: el cuerpo de las noticias, los titulares, el lead con el\u00a0 contexto en el que se sit\u00faa la informaci\u00f3n.<\/p>\n<p><strong>Los efectos de los enfoques de las noticias <\/strong><\/p>\n<p>Para las especialistas\u00a0 en defensa de las mujeres Jilka Irusta, Teofila Guarachi y Sandra Aliaga coinciden en se\u00f1alar \u00a0 que existe una inclinaci\u00f3n sensacionalista en la cobertura informativa televisiva, cuando se abordan temas como el feminicidio o la violencia contra las mujeres, poniendo a la persona\u00a0 y su familia en un plano de doble vulnerabilidad. La mayor\u00eda de las noticias son tratadas informativamente y son muy pocos los que a\u00f1aden reflexi\u00f3n, seguimiento e informaci\u00f3n que sirva de aclaraci\u00f3n.<\/p>\n<div style=\"width: 100%;\">\n<div style=\"position: relative; padding-bottom: 50.00%; padding-top: 0; height: 0;\"><iframe loading=\"lazy\" style=\"position: absolute; top: 0; left: 0; width: 100%; height: 100%;\" src=\"https:\/\/view.genial.ly\/5c7f526308403f026137d9d2\" width=\"800px\" height=\"400px\" frameborder=\"0\" scrolling=\"yes\" allowfullscreen=\"allowfullscreen\"><\/iframe><\/div>\n<\/div>\n<p>&nbsp;<\/p>\n<p>Los medios de comunicaci\u00f3n social\u00a0 juegan un papel importante en la visibilizaci\u00f3n de la problem\u00e1tica de la violencia de g\u00e9nero o violencia contra la mujer.\u00a0 En ese sentido, algunos\u00a0 profesionales\u00a0 sugieren tener en cuenta el enfoque de g\u00e9nero aplicando\u00a0 las normas de <a href=\"https:\/\/es.scribd.com\/document\/400823507\/Codigo-Nacional-de-Etica-Periodistica-de-Bolivia\" target=\"_blank\" rel=\"noopener\"> \u00e9ticas<\/a> y aportar con informaci\u00f3n que ayude a comprender el fen\u00f3meno de la violencia masculina contra la mujer.<\/p>\n<p>Juan Carlos Arana, Eddy Luis Franco,\u00a0 dos periodistas y presentadores de noticias reconocidos en Bolivia se\u00f1alan que\u00a0 para la informaci\u00f3n period\u00edstica se debe valoral la informaci\u00f3n en su dimensi\u00f3n real, contextualizar la noticia y acudir a\u00a0 voces\u00a0 de expertos y expertas\u00a0 respetando la\u00a0 dignidad de la v\u00edctima y su dolor.<\/p>\n<div style=\"width: 100%;\">\n<div style=\"position: relative; padding-bottom: 56.25%; padding-top: 0; height: 0;\"><iframe loading=\"lazy\" style=\"position: absolute; top: 0; left: 0; width: 100%; height: 100%;\" src=\"https:\/\/view.genial.ly\/5c7f515908403f026137d8ca\" width=\"700px\" height=\"393.75px\" frameborder=\"0\" scrolling=\"yes\" allowfullscreen=\"allowfullscreen\"><\/iframe><\/div>\n<\/div>\n<p><strong>Ley 348 y los medios de Comunicaci\u00f3n<\/strong><\/p>\n<p>La norma que garantiza a las mujeres una vida libre de violencia establece mecanismos, medidas que tambi\u00e9n hacen referencia a los medios de comunicaci\u00f3n pero no lo reconoce como un delito\u00a0 s\u00ed no como faltas\u00a0\u00a0 que puede\u00a0 sancionarse a trav\u00e9s de multas, llamadas de atenci\u00f3n a todas aquellas personas, instituciones p\u00fablicas o privadas que reproduzcan, \u00a0que promuevan este tipo de mensajes e im\u00e1genes estereotipados que vayan en contra de la dignidad de las mujeres.<\/p>\n<p>En el 2015,\u00a0 el Ministerio de Comunicaci\u00f3n sancion\u00f3 a tres medios por la emisi\u00f3n de mensajes e im\u00e1genes estereotipadas\u00a0 enmarcados en la violencia medi\u00e1tica, una de las 16 formas de violencia que sanciona la Ley Integral. <a href=\"https:\/\/www.elpaisonline.com\/index.php\/noticiastarija\/item\/175384-sancionan-a-tres-medios-por-violencia-mediatica-a-la-mujer\" target=\"_blank\" rel=\"noopener\">M\u00e1s detalles<\/a><\/p>\n<div style=\"width: 100%;\">\n<div style=\"position: relative; padding-bottom: 50.00%; padding-top: 0; height: 0;\"><iframe loading=\"lazy\" style=\"position: absolute; top: 0; left: 0; width: 100%; height: 100%;\" src=\"https:\/\/view.genial.ly\/5c7f2ae0a159c77629148bf4\" width=\"1600px\" height=\"800px\" frameborder=\"0\" scrolling=\"yes\" allowfullscreen=\"allowfullscreen\"><\/iframe><\/div>\n<\/div>\n<p>En Bolivia el a\u00f1o 2017, la ONU pidi\u00f3 al gobierno decretar \u00abalerta nacional\u00bb por los \u00edndices de violencia sexual, psicol\u00f3gica, f\u00edsica, un a\u00f1o despues la situaci\u00f3n no ha cambiado\u00a0 las mujeres\u00a0 siguen perdiendo la vida a manos de sus parejas y otros agresores de su entorno familiar.<\/p>\n<div class=\"infogram-embed\" data-id=\"261056e9-8d2b-4b6b-8e12-25b656adcf3e\" data-type=\"interactive\" data-title=\"datos\"><\/div>\n<p><script>!function(e,t,s,i){var n=\"InfogramEmbeds\",o=e.getElementsByTagName(\"script\")[0],d=\/^http:\/.test(e.location)?\"http:\":\"https:\";if(\/^\\\/{2}\/.test(i)&&(i=d+i),window[n]&&window[n].initialized)window[n].process&&window[n].process();else if(!e.getElementById(s)){var r=e.createElement(\"script\");r.async=1,r.id=s,r.src=i,o.parentNode.insertBefore(r,o)}}(document,0,\"infogram-async\",\"https:\/\/e.infogram.com\/js\/dist\/embed-loader-min.js\");<\/script><\/p>\n<div style=\"padding: 8px 0; font-family: Arial!important; font-size: 13px!important; line-height: 15px!important; text-align: center; border-top: 1px solid #dadada; margin: 0 30px;\"><a style=\"color: #989898!important; text-decoration: none!important;\" href=\"https:\/\/infogram.com\/261056e9-8d2b-4b6b-8e12-25b656adcf3e\" target=\"_blank\" rel=\"noopener\">datos<\/a><br \/>\n<a style=\"color: #989898!important; text-decoration: none!important;\" href=\"https:\/\/infogram.com\" target=\"_blank\" rel=\"nofollow noopener\">Infogram<\/a><\/div>\n<p>Los noticieros, deben presentar las noticias no como un asunto privado o personal como los asesinatos por celos o m\u00f3viles pasionales, sino como un asunto social y pol\u00edtico que tiene que ver con todos y cada uno de nosotros se\u00f1alaron los entrevistados. Reafirmaron que se debe poner mas \u00e9nfasis en la prevensi\u00f3n\u00a0 para que la\u00a0 sociedad en su conjunto pueda\u00a0 apoyar en la eliminaci\u00f3n de estas acciones\u00a0 y evitar\u00a0 la naturalizaci\u00f3n de la violencia.<\/p>\n","protected":false},"excerpt":{"rendered":"<p>Frases como \u00abcrimen pasional\u201d, \u201cla mato por celos\u201d, \u201cestaba borracho\u201d son algunos de los estereotipos que se utilizan para el enfoque de noticias relacionadas a la violencia contra la mujer que muchas veces naturaliza estos actos, as\u00ed lo afirmaron periodistas y especialistas en defensa de g\u00e9nero, en Bolivia. Lo que se ve en los noticieros En el \u00faltimo tiempo, los<\/p>\n","protected":false},"author":14,"featured_media":623,"comment_status":"open","ping_status":"open","sticky":false,"template":"","format":"standard","meta":{"footnotes":""},"categories":[58,1],"tags":[26,63,60,59,61,62,35],"class_list":["post-227","post","type-post","status-publish","format-standard","has-post-thumbnail","hentry","category-semana-2-trabajos-finales-reportaje-crossmedia","category-uncategorized","tag-bolivia","tag-feminicidio","tag-genero","tag-mediatica","tag-mujeres","tag-noticia","tag-violencia"],"_links":{"self":[{"href":"https:\/\/fundacionperiodismo.org\/formacion-dual-2019\/wp-json\/wp\/v2\/posts\/227","targetHints":{"allow":["GET"]}}],"collection":[{"href":"https:\/\/fundacionperiodismo.org\/formacion-dual-2019\/wp-json\/wp\/v2\/posts"}],"about":[{"href":"https:\/\/fundacionperiodismo.org\/formacion-dual-2019\/wp-json\/wp\/v2\/types\/post"}],"author":[{"embeddable":true,"href":"https:\/\/fundacionperiodismo.org\/formacion-dual-2019\/wp-json\/wp\/v2\/users\/14"}],"replies":[{"embeddable":true,"href":"https:\/\/fundacionperiodismo.org\/formacion-dual-2019\/wp-json\/wp\/v2\/comments?post=227"}],"version-history":[{"count":39,"href":"https:\/\/fundacionperiodismo.org\/formacion-dual-2019\/wp-json\/wp\/v2\/posts\/227\/revisions"}],"predecessor-version":[{"id":668,"href":"https:\/\/fundacionperiodismo.org\/formacion-dual-2019\/wp-json\/wp\/v2\/posts\/227\/revisions\/668"}],"wp:featuredmedia":[{"embeddable":true,"href":"https:\/\/fundacionperiodismo.org\/formacion-dual-2019\/wp-json\/wp\/v2\/media\/623"}],"wp:attachment":[{"href":"https:\/\/fundacionperiodismo.org\/formacion-dual-2019\/wp-json\/wp\/v2\/media?parent=227"}],"wp:term":[{"taxonomy":"category","embeddable":true,"href":"https:\/\/fundacionperiodismo.org\/formacion-dual-2019\/wp-json\/wp\/v2\/categories?post=227"},{"taxonomy":"post_tag","embeddable":true,"href":"https:\/\/fundacionperiodismo.org\/formacion-dual-2019\/wp-json\/wp\/v2\/tags?post=227"}],"curies":[{"name":"wp","href":"https:\/\/api.w.org\/{rel}","templated":true}]}}