{"id":25,"date":"2019-02-26T13:53:09","date_gmt":"2019-02-26T17:53:09","guid":{"rendered":"https:\/\/fundacionperiodismo.org\/formacion-dual-2019\/?p=25"},"modified":"2019-03-02T12:28:04","modified_gmt":"2019-03-02T16:28:04","slug":"el-poder-amenaza-a-la-libertad-de-expresion-segun-el-ex-premio-nacional-de-periodismo","status":"publish","type":"post","link":"https:\/\/fundacionperiodismo.org\/formacion-dual-2019\/2019\/02\/26\/el-poder-amenaza-a-la-libertad-de-expresion-segun-el-ex-premio-nacional-de-periodismo\/","title":{"rendered":"El poder amenaza a la libertad de expresi\u00f3n, seg\u00fan el ex Premio Nacional de Periodismo"},"content":{"rendered":"<p>26 de febrero de 2019<\/p>\n<p>La libertad de prensa siempre ha sido amenazada\u00a0 por el poder gubernamental, pol\u00edtico y empresarial asegur\u00f3 el pasado 19 de febrero, Juan Carlos Salazar, Presidente de la <a href=\"https:\/\/fundacionperiodismo.org\/\" target=\"_blank\" rel=\"noopener\">Fundaci\u00f3n para el Periodismo<\/a> (FPP).<\/p>\n<p><!--more--><\/p>\n<p>La propaganda estatal es uno de los mecanismo de presi\u00f3n contra los medios pues \u201cEl gobierno utiliza la publicidad estatal para premiar a medios afines y para castigar a los medios que son cr\u00edticos\u201d, afirm\u00f3.<\/p>\n<p>En conferencia de prensa admiti\u00f3 que bajo la presi\u00f3n del poder la libertad est\u00e1 siempre\u00a0 amenazada. Cont\u00f3 que en 1964 le toc\u00f3 vivir el control directo de los medios de comunicaci\u00f3n pues el gobierno del MNR ejerci\u00f3 presi\u00f3n a trav\u00e9s de censores que controlaban las salas de redacci\u00f3n de los medios\u00a0 y revisaban los textos de los periodistas antes de su publicaci\u00f3n.<\/p>\n<p>En la actualidad el gobierno favorece a los medios que considera afines y castiga los contestatarios se\u00f1al\u00f3 Salazar y dijo que en su gesti\u00f3n como Director de Pagina Siete \u201cno solo se elimin\u00f3 la publicidad estatal sino que el gobierno presion\u00f3 para que las empresas privadas no anuncien en este Diario\u201d.<\/p>\n<p>A estas amenazas directas se suman las denominadas noticas falsas que se propagan en las redes sociales y con ellas \u201cmuchas mentiras\u201d.<\/p>\n<p>Frente a las amenazas contra la libertad de expresi\u00f3n, el premio Nacional de Periodismo 2016 convoco a \u201cno renunciar nunca al papel fiscalizador de los medios\u201d, especialmente en esta \u00e9poca de grandes desaf\u00edos para\u00a0 el periodismo que se encamina a la era multimedia y\u00a0 debe adaptarse a los nuevos formatos y contenidos de las nuevas tecnolog\u00edas.<\/p>\n","protected":false},"excerpt":{"rendered":"<p>26 de febrero de 2019 La libertad de prensa siempre ha sido amenazada\u00a0 por el poder gubernamental, pol\u00edtico y empresarial asegur\u00f3 el pasado 19 de febrero, Juan Carlos Salazar, Presidente de la Fundaci\u00f3n para el Periodismo (FPP).<\/p>\n","protected":false},"author":6,"featured_media":90,"comment_status":"open","ping_status":"open","sticky":false,"template":"","format":"standard","meta":{"footnotes":""},"categories":[57],"tags":[3,21,17],"class_list":["post-25","post","type-post","status-publish","format-standard","has-post-thumbnail","hentry","category-semana-1-trabajos-finales-redaccion","tag-libertad-de-expresion","tag-poder","tag-poder-y-libertad-de-expresion"],"_links":{"self":[{"href":"https:\/\/fundacionperiodismo.org\/formacion-dual-2019\/wp-json\/wp\/v2\/posts\/25","targetHints":{"allow":["GET"]}}],"collection":[{"href":"https:\/\/fundacionperiodismo.org\/formacion-dual-2019\/wp-json\/wp\/v2\/posts"}],"about":[{"href":"https:\/\/fundacionperiodismo.org\/formacion-dual-2019\/wp-json\/wp\/v2\/types\/post"}],"author":[{"embeddable":true,"href":"https:\/\/fundacionperiodismo.org\/formacion-dual-2019\/wp-json\/wp\/v2\/users\/6"}],"replies":[{"embeddable":true,"href":"https:\/\/fundacionperiodismo.org\/formacion-dual-2019\/wp-json\/wp\/v2\/comments?post=25"}],"version-history":[{"count":4,"href":"https:\/\/fundacionperiodismo.org\/formacion-dual-2019\/wp-json\/wp\/v2\/posts\/25\/revisions"}],"predecessor-version":[{"id":97,"href":"https:\/\/fundacionperiodismo.org\/formacion-dual-2019\/wp-json\/wp\/v2\/posts\/25\/revisions\/97"}],"wp:featuredmedia":[{"embeddable":true,"href":"https:\/\/fundacionperiodismo.org\/formacion-dual-2019\/wp-json\/wp\/v2\/media\/90"}],"wp:attachment":[{"href":"https:\/\/fundacionperiodismo.org\/formacion-dual-2019\/wp-json\/wp\/v2\/media?parent=25"}],"wp:term":[{"taxonomy":"category","embeddable":true,"href":"https:\/\/fundacionperiodismo.org\/formacion-dual-2019\/wp-json\/wp\/v2\/categories?post=25"},{"taxonomy":"post_tag","embeddable":true,"href":"https:\/\/fundacionperiodismo.org\/formacion-dual-2019\/wp-json\/wp\/v2\/tags?post=25"}],"curies":[{"name":"wp","href":"https:\/\/api.w.org\/{rel}","templated":true}]}}