{"id":26,"date":"2019-02-26T13:43:28","date_gmt":"2019-02-26T17:43:28","guid":{"rendered":"https:\/\/fundacionperiodismo.org\/formacion-dual-2019\/?p=26"},"modified":"2019-03-02T12:27:47","modified_gmt":"2019-03-02T16:27:47","slug":"noticias-falsas-se-retuitean-un-70-por-ciento-mas","status":"publish","type":"post","link":"https:\/\/fundacionperiodismo.org\/formacion-dual-2019\/2019\/02\/26\/noticias-falsas-se-retuitean-un-70-por-ciento-mas\/","title":{"rendered":"Las noticias falsas se retuitean un 70 por ciento m\u00e1s"},"content":{"rendered":"<div style=\"text-align: justify;\">El sensacionalismo y el enga\u00f1o son lo que m\u00e1s llaman la atenci\u00f3n de los lectores, explic\u00f3 el director de la <a href=\"http:\/\/fundacionperiodismo.org\/\" target=\"_blank\" rel=\"noopener\">Fundaci\u00f3n para el Periodismo (FPP),<\/a> <a href=\"https:\/\/es.wikipedia.org\/wiki\/Juan_Carlos_Salazar_del_Barrio\" target=\"_blank\" rel=\"noopener\">Juan Carlos Salazar<\/a>, citando a un estudio del Instituto de Tecnolog\u00eda de Massachussetts. Es por esto que una <a href=\"https:\/\/cepymenews.es\/noticias-falsas-como-se-propagan-como-te-afectan-como-se-distinguen-y-como-evitarlas\/\" target=\"_blank\" rel=\"noopener\">noticia falsa<\/a> se retuitea un 70 por ciento m\u00e1s veces que una verdadera.<br \/>\n<!--more--><br \/>\nDurante una conferencia que se llev\u00f3 a cabo el martes 19 de febrero en el programa Formaci\u00f3n Dual de Periodismo de la FPP Salazar indic\u00f3 que el estudio tambi\u00e9n dijo el que el documento al que hace referencia basa su resultado en el an\u00e1lisis de 226.000 art\u00edculos publicados entre 2006 y 2017.<\/div>\n<div style=\"text-align: justify;\">Las noticias falsas son aparentes art\u00edculos de prensa que basan sus datos en mentiras o hechos inventados, difundidos por las redes sociales.<\/div>\n<div style=\"text-align: justify;\">\n<p>\u201cSon la mayor amenaza (\u2026) Condicionaron el Brexit y la victoria de Donald Trump como presidente de los Estados Unidos\u201d, asever\u00f3 el periodista. A esto se suma la existencia de \u201cpost verdades\u201d, que consisten en relatos aparentemente verdaderos.<\/p>\n<p>Muchas de estas mentiras surgen desde las propias autoridades gubernamentales, indic\u00f3 Salazar.<\/p>\n<p>\u201cS\u00f3lo el buen periodismo va a salvar al periodismo\u201d, asever\u00f3.<\/p>\n<p>Puso de ejemplo las mil mentiras que dijo el presidente Trump en los primeros 240 d\u00edas de mandato, un promedio de cuatro al d\u00eda, seg\u00fan constat\u00f3 una investigaci\u00f3n\u00a0 del peri\u00f3dico estadounidense The Washington Post.<\/p>\n<\/div>\n<p>&nbsp;<\/p>\n","protected":false},"excerpt":{"rendered":"<p>El sensacionalismo y el enga\u00f1o son lo que m\u00e1s llaman la atenci\u00f3n de los lectores, explic\u00f3 el director de la Fundaci\u00f3n para el Periodismo (FPP), Juan Carlos Salazar, citando a un estudio del Instituto de Tecnolog\u00eda de Massachussetts. Es por esto que una noticia falsa se retuitea un 70 por ciento m\u00e1s veces que una verdadera.<\/p>\n","protected":false},"author":12,"featured_media":70,"comment_status":"open","ping_status":"open","sticky":false,"template":"","format":"standard","meta":{"footnotes":""},"categories":[57],"tags":[5,2,6],"class_list":["post-26","post","type-post","status-publish","format-standard","has-post-thumbnail","hentry","category-semana-1-trabajos-finales-redaccion","tag-fundacion-para-el-periodismo","tag-juan-carlos-salazar","tag-noticias-falsas"],"_links":{"self":[{"href":"https:\/\/fundacionperiodismo.org\/formacion-dual-2019\/wp-json\/wp\/v2\/posts\/26","targetHints":{"allow":["GET"]}}],"collection":[{"href":"https:\/\/fundacionperiodismo.org\/formacion-dual-2019\/wp-json\/wp\/v2\/posts"}],"about":[{"href":"https:\/\/fundacionperiodismo.org\/formacion-dual-2019\/wp-json\/wp\/v2\/types\/post"}],"author":[{"embeddable":true,"href":"https:\/\/fundacionperiodismo.org\/formacion-dual-2019\/wp-json\/wp\/v2\/users\/12"}],"replies":[{"embeddable":true,"href":"https:\/\/fundacionperiodismo.org\/formacion-dual-2019\/wp-json\/wp\/v2\/comments?post=26"}],"version-history":[{"count":6,"href":"https:\/\/fundacionperiodismo.org\/formacion-dual-2019\/wp-json\/wp\/v2\/posts\/26\/revisions"}],"predecessor-version":[{"id":88,"href":"https:\/\/fundacionperiodismo.org\/formacion-dual-2019\/wp-json\/wp\/v2\/posts\/26\/revisions\/88"}],"wp:featuredmedia":[{"embeddable":true,"href":"https:\/\/fundacionperiodismo.org\/formacion-dual-2019\/wp-json\/wp\/v2\/media\/70"}],"wp:attachment":[{"href":"https:\/\/fundacionperiodismo.org\/formacion-dual-2019\/wp-json\/wp\/v2\/media?parent=26"}],"wp:term":[{"taxonomy":"category","embeddable":true,"href":"https:\/\/fundacionperiodismo.org\/formacion-dual-2019\/wp-json\/wp\/v2\/categories?post=26"},{"taxonomy":"post_tag","embeddable":true,"href":"https:\/\/fundacionperiodismo.org\/formacion-dual-2019\/wp-json\/wp\/v2\/tags?post=26"}],"curies":[{"name":"wp","href":"https:\/\/api.w.org\/{rel}","templated":true}]}}