{"id":27,"date":"2019-02-26T13:55:24","date_gmt":"2019-02-26T17:55:24","guid":{"rendered":"https:\/\/fundacionperiodismo.org\/formacion-dual-2019\/?p=27"},"modified":"2019-03-02T12:28:15","modified_gmt":"2019-03-02T16:28:15","slug":"fake-news-una-red-de-mentiras","status":"publish","type":"post","link":"https:\/\/fundacionperiodismo.org\/formacion-dual-2019\/2019\/02\/26\/fake-news-una-red-de-mentiras\/","title":{"rendered":"Fake news : una red de mentiras"},"content":{"rendered":"<p><span style=\"color: #0000ff;\"><em>Las fake news (noticias falsas) es un fen\u00f3meno en constante aumento una de sus mayores entradas son en las redes sociales, la m\u00e1s com\u00fan es\u00a0 Facebook y mayormente su presencia es en los periodos electorales.<\/em><\/span><!--more--><\/p>\n<p>El 18 de febrero Juan Carlos Salazar Presidente de la <a href=\"https:\/\/fundacionperiodismo.org\/\" target=\"_blank\" rel=\"noopener\">Fundaci\u00f3n para el Periodismo<\/a> (FPP) presento una conferencia de prensa a la fundaci\u00f3n del Periodismo en donde hablo sobre diversos temas y uno de los mas relevantes fueron las fake news.<\/p>\n<figure id=\"attachment_70\" aria-describedby=\"caption-attachment-70\" style=\"width: 300px\" class=\"wp-caption alignnone\"><img loading=\"lazy\" decoding=\"async\" class=\"size-medium wp-image-70\" src=\"https:\/\/fundacionperiodismo.org\/formacion-dual-2019\/wp-content\/uploads\/2019\/02\/20190219_110904-300x169.jpg\" alt=\"\" width=\"300\" height=\"169\" srcset=\"https:\/\/fundacionperiodismo.org\/formacion-dual-2019\/wp-content\/uploads\/2019\/02\/20190219_110904-300x169.jpg 300w, https:\/\/fundacionperiodismo.org\/formacion-dual-2019\/wp-content\/uploads\/2019\/02\/20190219_110904-768x432.jpg 768w, https:\/\/fundacionperiodismo.org\/formacion-dual-2019\/wp-content\/uploads\/2019\/02\/20190219_110904-1024x576.jpg 1024w, https:\/\/fundacionperiodismo.org\/formacion-dual-2019\/wp-content\/uploads\/2019\/02\/20190219_110904-1568x882.jpg 1568w, https:\/\/fundacionperiodismo.org\/formacion-dual-2019\/wp-content\/uploads\/2019\/02\/20190219_110904.jpg 2048w\" sizes=\"auto, (max-width: 300px) 100vw, 300px\" \/><figcaption id=\"caption-attachment-70\" class=\"wp-caption-text\">\u00a0\u00a0\u00a0\u00a0\u00a0  Juan Carlos Salazar<\/figcaption><\/figure>\n<p>Las fake news , esta invadiendo a toda la poblaci\u00f3n y logra construir una extensa red de mentiras que podemos hacerla realidad. -menciono Salazar.<\/p>\n<p><strong>\u00bfC\u00f2mo protegernos de las Noticias Falsas?<\/strong><\/p>\n<p>Al observar una noticia se debe informar por otras fuentes como ser los peri\u00f3dicos, televisi\u00f3n etc. Antes de compartirla puede evitar que las noticias falsas crezcan y confundan a toda la poblaci\u00f3n \u2013 mencion\u00f3 Salazar.<\/p>\n","protected":false},"excerpt":{"rendered":"<p>Las fake news (noticias falsas) es un fen\u00f3meno en constante aumento una de sus mayores entradas son en las redes sociales, la m\u00e1s com\u00fan es\u00a0 Facebook y mayormente su presencia es en los periodos electorales.<\/p>\n","protected":false},"author":9,"featured_media":50,"comment_status":"open","ping_status":"open","sticky":false,"template":"","format":"standard","meta":{"footnotes":""},"categories":[57],"tags":[14,2],"class_list":["post-27","post","type-post","status-publish","format-standard","has-post-thumbnail","hentry","category-semana-1-trabajos-finales-redaccion","tag-fake-news","tag-juan-carlos-salazar"],"_links":{"self":[{"href":"https:\/\/fundacionperiodismo.org\/formacion-dual-2019\/wp-json\/wp\/v2\/posts\/27","targetHints":{"allow":["GET"]}}],"collection":[{"href":"https:\/\/fundacionperiodismo.org\/formacion-dual-2019\/wp-json\/wp\/v2\/posts"}],"about":[{"href":"https:\/\/fundacionperiodismo.org\/formacion-dual-2019\/wp-json\/wp\/v2\/types\/post"}],"author":[{"embeddable":true,"href":"https:\/\/fundacionperiodismo.org\/formacion-dual-2019\/wp-json\/wp\/v2\/users\/9"}],"replies":[{"embeddable":true,"href":"https:\/\/fundacionperiodismo.org\/formacion-dual-2019\/wp-json\/wp\/v2\/comments?post=27"}],"version-history":[{"count":5,"href":"https:\/\/fundacionperiodismo.org\/formacion-dual-2019\/wp-json\/wp\/v2\/posts\/27\/revisions"}],"predecessor-version":[{"id":104,"href":"https:\/\/fundacionperiodismo.org\/formacion-dual-2019\/wp-json\/wp\/v2\/posts\/27\/revisions\/104"}],"wp:featuredmedia":[{"embeddable":true,"href":"https:\/\/fundacionperiodismo.org\/formacion-dual-2019\/wp-json\/wp\/v2\/media\/50"}],"wp:attachment":[{"href":"https:\/\/fundacionperiodismo.org\/formacion-dual-2019\/wp-json\/wp\/v2\/media?parent=27"}],"wp:term":[{"taxonomy":"category","embeddable":true,"href":"https:\/\/fundacionperiodismo.org\/formacion-dual-2019\/wp-json\/wp\/v2\/categories?post=27"},{"taxonomy":"post_tag","embeddable":true,"href":"https:\/\/fundacionperiodismo.org\/formacion-dual-2019\/wp-json\/wp\/v2\/tags?post=27"}],"curies":[{"name":"wp","href":"https:\/\/api.w.org\/{rel}","templated":true}]}}