{"id":29,"date":"2019-02-26T14:01:50","date_gmt":"2019-02-26T18:01:50","guid":{"rendered":"https:\/\/fundacionperiodismo.org\/formacion-dual-2019\/?p=29"},"modified":"2019-03-02T12:28:32","modified_gmt":"2019-03-02T16:28:32","slug":"poder-contra-poder","status":"publish","type":"post","link":"https:\/\/fundacionperiodismo.org\/formacion-dual-2019\/2019\/02\/26\/poder-contra-poder\/","title":{"rendered":"PODER CONTRA PODER"},"content":{"rendered":"<p>La Paz, 26 de Febrero de 2019<\/p>\n<p>Libertad de expresi\u00f3n y \u00e9tica period\u00edstica. <a href=\"https:\/\/es.wikipedia.org\/wiki\/Juan_Carlos_Salazar_del_Barrio\" target=\"_blank\" rel=\"noopener\">Juan Carlos Salazar<\/a>, Premio Nacional de Periodismo 2016 ahora Presidente del Directorio de la Fundaci\u00f3n para el Periodismo (<a href=\"https:\/\/fundacionperiodismo.org\" target=\"_blank\" rel=\"noopener\">FPP<\/a>), en una entrevista comparte sus experiencias a los participantes de programa <a href=\"https:\/\/fundacionperiodismo.org\/programa-formacion-dual-2018\/\" target=\"_blank\" rel=\"noopener\">Formaci\u00f3n Dual<\/a> en periodismo.<!--more--><\/p>\n<p>Salazar afirma que en tiempos de dictadura el trabajo period\u00edstico ten\u00eda que pasar por \u201ccensores\u201d, \u00a0que era personal contratado por el gobierno de turno para revisar los titulares de los medios de prensa. En apreciaci\u00f3n de \u00e9l era \u201clo m\u00e1s doloroso\u201d porque eran los mismos colegas del rubro period\u00edstico.<\/p>\n<p>&nbsp;<\/p>\n","protected":false},"excerpt":{"rendered":"<p>La Paz, 26 de Febrero de 2019 Libertad de expresi\u00f3n y \u00e9tica period\u00edstica. Juan Carlos Salazar, Premio Nacional de Periodismo 2016 ahora Presidente del Directorio de la Fundaci\u00f3n para el Periodismo (FPP), en una entrevista comparte sus experiencias a los participantes de programa Formaci\u00f3n Dual en periodismo.<\/p>\n","protected":false},"author":4,"featured_media":70,"comment_status":"open","ping_status":"open","sticky":false,"template":"","format":"standard","meta":{"footnotes":""},"categories":[57],"tags":[],"class_list":["post-29","post","type-post","status-publish","format-standard","has-post-thumbnail","hentry","category-semana-1-trabajos-finales-redaccion"],"_links":{"self":[{"href":"https:\/\/fundacionperiodismo.org\/formacion-dual-2019\/wp-json\/wp\/v2\/posts\/29","targetHints":{"allow":["GET"]}}],"collection":[{"href":"https:\/\/fundacionperiodismo.org\/formacion-dual-2019\/wp-json\/wp\/v2\/posts"}],"about":[{"href":"https:\/\/fundacionperiodismo.org\/formacion-dual-2019\/wp-json\/wp\/v2\/types\/post"}],"author":[{"embeddable":true,"href":"https:\/\/fundacionperiodismo.org\/formacion-dual-2019\/wp-json\/wp\/v2\/users\/4"}],"replies":[{"embeddable":true,"href":"https:\/\/fundacionperiodismo.org\/formacion-dual-2019\/wp-json\/wp\/v2\/comments?post=29"}],"version-history":[{"count":6,"href":"https:\/\/fundacionperiodismo.org\/formacion-dual-2019\/wp-json\/wp\/v2\/posts\/29\/revisions"}],"predecessor-version":[{"id":108,"href":"https:\/\/fundacionperiodismo.org\/formacion-dual-2019\/wp-json\/wp\/v2\/posts\/29\/revisions\/108"}],"wp:featuredmedia":[{"embeddable":true,"href":"https:\/\/fundacionperiodismo.org\/formacion-dual-2019\/wp-json\/wp\/v2\/media\/70"}],"wp:attachment":[{"href":"https:\/\/fundacionperiodismo.org\/formacion-dual-2019\/wp-json\/wp\/v2\/media?parent=29"}],"wp:term":[{"taxonomy":"category","embeddable":true,"href":"https:\/\/fundacionperiodismo.org\/formacion-dual-2019\/wp-json\/wp\/v2\/categories?post=29"},{"taxonomy":"post_tag","embeddable":true,"href":"https:\/\/fundacionperiodismo.org\/formacion-dual-2019\/wp-json\/wp\/v2\/tags?post=29"}],"curies":[{"name":"wp","href":"https:\/\/api.w.org\/{rel}","templated":true}]}}