{"id":299,"date":"2019-03-01T13:00:50","date_gmt":"2019-03-01T17:00:50","guid":{"rendered":"https:\/\/fundacionperiodismo.org\/formacion-dual-2019\/?p=299"},"modified":"2019-03-06T18:56:17","modified_gmt":"2019-03-06T22:56:17","slug":"derechos-humanos-prohiben-campana-politica-en-el-carnaval-de-oruro","status":"publish","type":"post","link":"https:\/\/fundacionperiodismo.org\/formacion-dual-2019\/2019\/03\/01\/derechos-humanos-prohiben-campana-politica-en-el-carnaval-de-oruro\/","title":{"rendered":"Carnaval de Oruro sin manifestaciones pol\u00edticas"},"content":{"rendered":"<p>Luego de una reuni\u00f3n interinstitucional con entidades organizadoras de la entrada del <a href=\"https:\/\/ich.unesco.org\/es\/RL\/el-carnaval-de-oruro-00003\" target=\"_blank\" rel=\"noopener\">Carnaval de Oruro<\/a>, el pasado 16 de enero, el gobernador de este departamento, Victor Hugo V\u00e1squez, anunci\u00f3 que se prohibir\u00e1n las\u00a0 manifestaciones pol\u00edticas tanto al oficialismo como a la oposici\u00f3n durante esta festividad.<\/p>\n<p><!--more--><br \/>\nPara el experto en Derecho Internacional y Derechos Humanos, Ramiro Orias, se est\u00e1 vulnerando un derecho humano en el Carnaval de Oruro y se incumplir\u00eda el art\u00edculo 13 de la Convenci\u00f3n Americana de Derechos Humanos que se\u00f1ala en qu\u00e9 situaciones se puede restringir la libertad de expresi\u00f3n.<\/p>\n<p style=\"text-align: center;\">\n<iframe loading=\"lazy\" src=\"https:\/\/www.youtube.com\/embed\/Soe1LK_7XqA\" width=\"560\" height=\"315\" frameborder=\"0\" allowfullscreen=\"allowfullscreen\"><\/iframe>\n<\/p>\n<p>A lo largo de estos a\u00f1os, la Polic\u00eda reprimi\u00f3 en varias ocasiones manifestaciones p\u00fablicas en diferentes puntos del pa\u00eds. La mayor\u00eda de \u00e9stas fueron protagonizadas por activistas contrarios al Gobierno del presidente Evo Morales, rechazando su repostulaci\u00f3n y exigiendo el respeto al voto del referendo del 21 de febrero de 2016 \u00ab21 F\u00bb.<\/p>\n<p>&nbsp;<\/p>\n<p><iframe loading=\"lazy\" src=\"https:\/\/cdn.knightlab.com\/libs\/timeline3\/latest\/embed\/index.html?source=1BPL8szwnoGWBYB5VQLR-g1y5rA0r1-dO-JGV-sL7YRc&amp;font=Default&amp;lang=en&amp;initial_zoom=2&amp;height=650\" width=\"100%\" height=\"650\" frameborder=\"0\" allowfullscreen=\"allowfullscreen\"><\/iframe><\/p>\n<p>De acuerdo al art\u00edculo 13 de la\u00a0Convenci\u00f3n Americana de Derechos Humanos, la Constituci\u00f3n Pol\u00edtica del Estado de Bolivia y la Declaraci\u00f3n Universal de Derechos Humanos, se garantiza la plena libertad de expresi\u00f3n como un derecho.<\/p>\n<div style=\"width: 100%;\">\n<div style=\"position: relative; padding-bottom: 34.025717111770525%; padding-top: 0; height: 0;\"><iframe loading=\"lazy\" frameborder=\"0\" width=\"1011px\" height=\"344px\" style=\"position: absolute; top: 0; left: 0; width: 100%; height: 100%;\" src=\"https:\/\/view.genial.ly\/5c785f53a159c776290d1cad\" type=\"text\/html\" allowscriptaccess=\"always\" allowfullscreen=\"true\" scrolling=\"yes\" allownetworking=\"all\"><\/iframe> <\/div>\n<\/p><\/div>\n<p>El 27 de febrero, el activista por el \u00ab21 F\u00bb, Guillermo Paz, se\u00f1al\u00f3 estar en contra de la prohibici\u00f3n de protestas en Oruro. Paz enfatiz\u00f3 en el respeto pleno a esta festividad, pero dijo que la poblaci\u00f3n seguir\u00e1 manifest\u00e1ndose donde est\u00e9 aunque al Gobierno le incomode.<\/p>\n<p><iframe loading=\"lazy\" src=\"https:\/\/w.soundcloud.com\/player\/?url=https%3A\/\/api.soundcloud.com\/tracks\/583349391&amp;color=%23ff5500&amp;auto_play=false&amp;hide_related=false&amp;show_comments=true&amp;show_user=true&amp;show_reposts=false&amp;show_teaser=true&amp;visual=true\" width=\"100%\" height=\"300\" frameborder=\"no\" scrolling=\"no\"><\/iframe><\/p>\n<p>El s\u00e1bado 16 de febrero, tras una reuni\u00f3n sostenida entre la gobernaci\u00f3n e instituciones de Oruro con el presidente Morales, se determin\u00f3 de manera oficial, la prohibici\u00f3n de hacer campa\u00f1a pol\u00edtica considerando el car\u00e1cter religioso de esta fiesta.<\/p>\n<p>Victor Hugo V\u00e1squez, gobernador de Oruro, se\u00f1al\u00f3\u00a0\u201cel s\u00e1bado de Carnaval es un d\u00eda de peregrinaci\u00f3n para reafirmar la fe de los miles de bailarines y otros actores que participan de la festividad, por tanto, no puede mezclarse con actividades pol\u00edticas\u201d.<\/p>\n<p>Ma\u00f1ana 2 de marzo, se llevar\u00e1 a cabo la Peregrinaci\u00f3n al Socav\u00f3n, en la Capital del Folklore. Miles de personas llegar\u00e1n hasta este lugar para presenciar el Carnaval de Oruro, declarado por la Unesco el 2001 como \u00abObra Maestra del Patrimonio Oral e Intangible de la Humanidad\u00bb.<\/p>\n<p>Si bien, existe la prohibici\u00f3n de \u00abmanchar\u00bb este evento con tinte pol\u00edtico, los asistentes tendr\u00e1n la \u00faltima palabra y se escribir\u00e1 una nueva historia.<\/p>\n","protected":false},"excerpt":{"rendered":"<p>Luego de una reuni\u00f3n interinstitucional con entidades organizadoras de la entrada del Carnaval de Oruro, el pasado 16 de enero, el gobernador de este departamento, Victor Hugo V\u00e1squez, anunci\u00f3 que se prohibir\u00e1n las\u00a0 manifestaciones pol\u00edticas tanto al oficialismo como a la oposici\u00f3n durante esta festividad.<\/p>\n","protected":false},"author":15,"featured_media":530,"comment_status":"open","ping_status":"open","sticky":false,"template":"","format":"standard","meta":{"footnotes":""},"categories":[58],"tags":[72],"class_list":["post-299","post","type-post","status-publish","format-standard","has-post-thumbnail","hentry","category-semana-2-trabajos-finales-reportaje-crossmedia","tag-carnaval-de-oruro"],"_links":{"self":[{"href":"https:\/\/fundacionperiodismo.org\/formacion-dual-2019\/wp-json\/wp\/v2\/posts\/299","targetHints":{"allow":["GET"]}}],"collection":[{"href":"https:\/\/fundacionperiodismo.org\/formacion-dual-2019\/wp-json\/wp\/v2\/posts"}],"about":[{"href":"https:\/\/fundacionperiodismo.org\/formacion-dual-2019\/wp-json\/wp\/v2\/types\/post"}],"author":[{"embeddable":true,"href":"https:\/\/fundacionperiodismo.org\/formacion-dual-2019\/wp-json\/wp\/v2\/users\/15"}],"replies":[{"embeddable":true,"href":"https:\/\/fundacionperiodismo.org\/formacion-dual-2019\/wp-json\/wp\/v2\/comments?post=299"}],"version-history":[{"count":17,"href":"https:\/\/fundacionperiodismo.org\/formacion-dual-2019\/wp-json\/wp\/v2\/posts\/299\/revisions"}],"predecessor-version":[{"id":666,"href":"https:\/\/fundacionperiodismo.org\/formacion-dual-2019\/wp-json\/wp\/v2\/posts\/299\/revisions\/666"}],"wp:featuredmedia":[{"embeddable":true,"href":"https:\/\/fundacionperiodismo.org\/formacion-dual-2019\/wp-json\/wp\/v2\/media\/530"}],"wp:attachment":[{"href":"https:\/\/fundacionperiodismo.org\/formacion-dual-2019\/wp-json\/wp\/v2\/media?parent=299"}],"wp:term":[{"taxonomy":"category","embeddable":true,"href":"https:\/\/fundacionperiodismo.org\/formacion-dual-2019\/wp-json\/wp\/v2\/categories?post=299"},{"taxonomy":"post_tag","embeddable":true,"href":"https:\/\/fundacionperiodismo.org\/formacion-dual-2019\/wp-json\/wp\/v2\/tags?post=299"}],"curies":[{"name":"wp","href":"https:\/\/api.w.org\/{rel}","templated":true}]}}