{"id":30,"date":"2019-02-26T13:57:31","date_gmt":"2019-02-26T17:57:31","guid":{"rendered":"https:\/\/fundacionperiodismo.org\/formacion-dual-2019\/?p=30"},"modified":"2019-03-02T12:28:19","modified_gmt":"2019-03-02T16:28:19","slug":"salazar-la-posverdad-amenaza-la-libertad-de-prensa","status":"publish","type":"post","link":"https:\/\/fundacionperiodismo.org\/formacion-dual-2019\/2019\/02\/26\/salazar-la-posverdad-amenaza-la-libertad-de-prensa\/","title":{"rendered":"Salazar: \u201cLa posverdad amenaza la libertad de prensa\u201d"},"content":{"rendered":"<p>La posverdad amenaza la libertad de prensa, afirm\u00f3, Juan Carlos Salazar, presidente de la Fundaci\u00f3n Para el Periodismo (FPP). El 19 de febrero, en un conversatorio que brind\u00f3 en el auditorio de la Fundaci\u00f3n para el Periodismo.<!--more--><\/p>\n<p>La posverdad a partir de mentiras crea verdades que tienen como consecuencia una sociedad mal informada, dijo Salazar.<\/p>\n<p>Mencion\u00f3 que el <a href=\"https:\/\/www.zonamovilidad.es\/un-estudio-del-mit-prueba-que-las-noticias-falsas-se-difunden-mas-rapido\" target=\"_blank\" rel=\"noopener\">Instituto de Tecnolog\u00eda de Massachusetts (MIT)<\/a> analiz\u00f3 226 mil noticias de entre 2006 al 2017 y concluyo que las informaciones falsas se difunden m\u00e1s r\u00e1pido las verdaderas.<\/p>\n<p>Para Salazar, el MIT muestra que una gran cantidad de mentiras se propagan en las redes sin ninguna constataci\u00f3n.<\/p>\n<p>Indic\u00f3 que para contrarrestar las noticias falsas, la funci\u00f3n del periodista es corroborar la informaci\u00f3n, \u201cesa es la garant\u00eda que tiene el p\u00fablico de saber que se le est\u00e1 contando la verdad\u201d.<\/p>\n<p>&nbsp;<\/p>\n<p>&nbsp;<\/p>\n<p>&nbsp;<\/p>\n<p>&nbsp;<\/p>\n<p>&nbsp;<\/p>\n<p>&nbsp;<\/p>\n<p>&nbsp;<\/p>\n<p>&nbsp;<\/p>\n","protected":false},"excerpt":{"rendered":"<p>La posverdad amenaza la libertad de prensa, afirm\u00f3, Juan Carlos Salazar, presidente de la Fundaci\u00f3n Para el Periodismo (FPP). El 19 de febrero, en un conversatorio que brind\u00f3 en el auditorio de la Fundaci\u00f3n para el Periodismo.<\/p>\n","protected":false},"author":8,"featured_media":66,"comment_status":"open","ping_status":"open","sticky":false,"template":"","format":"standard","meta":{"footnotes":""},"categories":[57],"tags":[],"class_list":["post-30","post","type-post","status-publish","format-standard","has-post-thumbnail","hentry","category-semana-1-trabajos-finales-redaccion"],"_links":{"self":[{"href":"https:\/\/fundacionperiodismo.org\/formacion-dual-2019\/wp-json\/wp\/v2\/posts\/30","targetHints":{"allow":["GET"]}}],"collection":[{"href":"https:\/\/fundacionperiodismo.org\/formacion-dual-2019\/wp-json\/wp\/v2\/posts"}],"about":[{"href":"https:\/\/fundacionperiodismo.org\/formacion-dual-2019\/wp-json\/wp\/v2\/types\/post"}],"author":[{"embeddable":true,"href":"https:\/\/fundacionperiodismo.org\/formacion-dual-2019\/wp-json\/wp\/v2\/users\/8"}],"replies":[{"embeddable":true,"href":"https:\/\/fundacionperiodismo.org\/formacion-dual-2019\/wp-json\/wp\/v2\/comments?post=30"}],"version-history":[{"count":5,"href":"https:\/\/fundacionperiodismo.org\/formacion-dual-2019\/wp-json\/wp\/v2\/posts\/30\/revisions"}],"predecessor-version":[{"id":101,"href":"https:\/\/fundacionperiodismo.org\/formacion-dual-2019\/wp-json\/wp\/v2\/posts\/30\/revisions\/101"}],"wp:featuredmedia":[{"embeddable":true,"href":"https:\/\/fundacionperiodismo.org\/formacion-dual-2019\/wp-json\/wp\/v2\/media\/66"}],"wp:attachment":[{"href":"https:\/\/fundacionperiodismo.org\/formacion-dual-2019\/wp-json\/wp\/v2\/media?parent=30"}],"wp:term":[{"taxonomy":"category","embeddable":true,"href":"https:\/\/fundacionperiodismo.org\/formacion-dual-2019\/wp-json\/wp\/v2\/categories?post=30"},{"taxonomy":"post_tag","embeddable":true,"href":"https:\/\/fundacionperiodismo.org\/formacion-dual-2019\/wp-json\/wp\/v2\/tags?post=30"}],"curies":[{"name":"wp","href":"https:\/\/api.w.org\/{rel}","templated":true}]}}