{"id":307,"date":"2019-03-01T15:33:14","date_gmt":"2019-03-01T19:33:14","guid":{"rendered":"https:\/\/fundacionperiodismo.org\/formacion-dual-2019\/?p=307"},"modified":"2019-03-06T23:08:29","modified_gmt":"2019-03-07T03:08:29","slug":"susana-zuazo-no-tenemos-tiempo","status":"publish","type":"post","link":"https:\/\/fundacionperiodismo.org\/formacion-dual-2019\/2019\/03\/01\/susana-zuazo-no-tenemos-tiempo\/","title":{"rendered":"El C\u00e1ncer y el Sistema \u00danico de Salud."},"content":{"rendered":"<p>La Paz, 1 de marzo. La secretaria de fiscalizaci\u00f3n de la Asociaci\u00f3n de Pacientes con C\u00e1ncer y Familiares, Susana Zuazo,\u00a0con voz firme indica que es fundamental los tratamientos de radioterapia y braquiterapia para los pacientes con c\u00e1ncer. Estos procedimientos cuestan entre 28.000 y 35.000 bolivianos. En la actualidad los enfermos reciben estos tratamientos de forma gratuita gracias al decreto supremo 3405 en noviembre del 2018. Pero la cobertura es solo por un a\u00f1o.<\/p>\n<div class=\"infogram-embed\" data-id=\"4255100e-c2d4-4b36-a701-b5c62faf72e7\" data-type=\"interactive\" data-title=\"cancer2\"><\/div>\n<p><script>!function(e,t,s,i){var n=\"InfogramEmbeds\",o=e.getElementsByTagName(\"script\")[0],d=\/^http:\/.test(e.location)?\"http:\":\"https:\";if(\/^\\\/{2}\/.test(i)&&(i=d+i),window[n]&&window[n].initialized)window[n].process&&window[n].process();else if(!e.getElementById(s)){var r=e.createElement(\"script\");r.async=1,r.id=s,r.src=i,o.parentNode.insertBefore(r,o)}}(document,0,\"infogram-async\",\"https:\/\/e.infogram.com\/js\/dist\/embed-loader-min.js\");<\/script><\/p>\n<div style=\"padding: 8px 0; font-family: Arial!important; font-size: 13px!important; line-height: 15px!important; text-align: center; border-top: 1px solid #dadada; margin: 0 30px;\"><a style=\"color: #989898!important; text-decoration: none!important;\" href=\"https:\/\/infogram.com\/4255100e-c2d4-4b36-a701-b5c62faf72e7\" target=\"_blank\" rel=\"noopener\">cancer2<\/a><br \/>\n<a style=\"color: #989898!important; text-decoration: none!important;\" href=\"https:\/\/infogram.com\" target=\"_blank\" rel=\"nofollow noopener\">Infogram<\/a><\/div>\n<p>&nbsp;<\/p>\n<p><!--more--><\/p>\n<p>El Sistema \u00danico de Salud (<a href=\"https:\/\/www.minsalud.gob.bo\/programas-de-salud\/sistema-unico-de-salud\" target=\"_blank\" rel=\"noopener\">SUS<\/a>) entra en vigencia en seis departamentos hoy. El senador del MAS Efrain Chambi asegura que la atenci\u00f3n de enfermedades como diabetes y \u00abenfermedades de alto costo\u201d como c\u00e1ncer y tratamientos renales, ser\u00e1n atendidos en los hospitales este primer d\u00eda de mes.<\/p>\n<p>Chambi menciona que estas atenciones son parte de 1200 prestaciones gratuitas que brindar\u00e1 el SUS y se implementar\u00e1n progresivamente. Aclara que el sistema gratuito de atenci\u00f3n en salud es para personas no asalariadas, la edad de cobertura es desde los 5 a 59 a\u00f1os.<\/p>\n<p><iframe loading=\"lazy\" src=\"https:\/\/cdn.knightlab.com\/libs\/timeline3\/latest\/embed\/index.html?source=1jGjlOaZt1iu0KhUuxBABJVJ-lIAU_0hEd-0Ru7fZArw&amp;font=Default&amp;lang=en&amp;initial_zoom=2&amp;height=650\" width=\"100%\" height=\"650\" frameborder=\"0\" allowfullscreen=\"allowfullscreen\"><\/iframe><\/p>\n<p>Bladimir Pe\u00f1a, secretario del <a href=\"http:\/\/www.santacruz.gob.bo\/\" target=\"_blank\" rel=\"noopener\">Gobierno Aut\u00f3nomo de de Santa Cruz<\/a>, respecto al SUS y el c\u00e1ncer, asegura que solo brindar\u00e1n un nivel de cobertura de diagn\u00f3stico. \u201cEl \u00fanico departamento que tiene un acelerador lineal para hacer radioterapias es Santa Cruz\u201d y lo tiene hace dos a\u00f1os.<\/p>\n<p>\u00c9l habla sobre las protestas que hac\u00edan los familiares de pacientes con c\u00e1ncer en <a href=\"https:\/\/www.lapaz.bo\/\" target=\"_blank\" rel=\"noopener\">La Paz<\/a> por un acelerador lineal. Un equipo que suministra rayos X de alta energ\u00eda para destruir c\u00e9lulas cancerosas. Menciona que en los pa\u00edses vecinos, refiri\u00e9ndose al equipo: \u00abesto se utiliza hace 30 a\u00f1os, eso demuestra como esta olvidada la salud en nuestro departamento\u00bb.<\/p>\n<div class=\"infogram-embed\" data-id=\"01bce692-d751-4ef2-846c-20b26da08922\" data-type=\"interactive\" data-title=\"CANCER 1\"><\/div>\n<p><script>!function(e,t,s,i){var n=\"InfogramEmbeds\",o=e.getElementsByTagName(\"script\")[0],d=\/^http:\/.test(e.location)?\"http:\":\"https:\";if(\/^\\\/{2}\/.test(i)&&(i=d+i),window[n]&&window[n].initialized)window[n].process&&window[n].process();else if(!e.getElementById(s)){var r=e.createElement(\"script\");r.async=1,r.id=s,r.src=i,o.parentNode.insertBefore(r,o)}}(document,0,\"infogram-async\",\"https:\/\/e.infogram.com\/js\/dist\/embed-loader-min.js\");<\/script><\/p>\n<div style=\"padding: 8px 0; font-family: Arial!important; font-size: 13px!important; line-height: 15px!important; text-align: center; border-top: 1px solid #dadada; margin: 0 30px;\"><a style=\"color: #989898!important; text-decoration: none!important;\" href=\"https:\/\/infogram.com\/01bce692-d751-4ef2-846c-20b26da08922\" target=\"_blank\" rel=\"noopener\">CANCER 1<\/a><br \/>\n<a style=\"color: #989898!important; text-decoration: none!important;\" href=\"https:\/\/infogram.com\" target=\"_blank\" rel=\"nofollow noopener\">Infogram<\/a><\/div>\n<p>\u201cLos pacientes con c\u00e1ncer necesitan tener atenci\u00f3n de calidad, con infraestructura adecuada y con profesionales capacitados\u201d Indica Zuazo. Actualmente los pacientes con c\u00e1ncer de La Paz son atendidos en dos centros privados. Uno de ellos es el Instituto Boliviano de Radioterapia y Oncolog\u00eda (<a href=\"http:\/\/www.ibro.com.bo\/es\/inicio\/index.html\" target=\"_blank\" rel=\"noopener\">IBRO<\/a>) en El Alto. El otro es OncoService S.R.L. en la zona sur de la ciudad pace\u00f1a. Los pacientes del hospital de cl\u00ednicas est\u00e1n siendo atendidos en el Instituto Gastroenterol\u00f3gico boliviano &#8211; japones, con los servicios de tomograf\u00eda.<\/p>\n<div class=\"container-wrapper-genially\" style=\"position: relative; min-height: 400px; max-width: 100%;\">\n<p><img decoding=\"async\" class=\"loader-genially\" style=\"position: absolute; top: 0; right: 0; bottom: 0; left: 0; z-index: 1; width: 80px; height: 80px; margin: auto;\" src=\"https:\/\/genially.blob.core.windows.net\/genially\/version3.0\/loader.gif\" \/><\/p>\n<div id=\"5c793c47a159c776290e0e50\" class=\"genially-embed\" style=\"margin: 0px auto; position: relative; height: auto; width: 100%;\"><\/div>\n<\/div>\n<p><script>(function (d) { var js, id = \"genially-embed-js\", ref = d.getElementsByTagName(\"script\")[0]; if (d.getElementById(id)) { return; } js = d.createElement(\"script\"); js.id = id; js.async = true; js.src = \"https:\/\/view.genial.ly\/static\/embed\/embed.js\"; ref.parentNode.insertBefore(js, ref); }(document));<\/script><\/p>\n<p>&nbsp;<\/p>\n","protected":false},"excerpt":{"rendered":"<p>La Paz, 1 de marzo. La secretaria de fiscalizaci\u00f3n de la Asociaci\u00f3n de Pacientes con C\u00e1ncer y Familiares, Susana Zuazo,\u00a0con voz firme indica que es fundamental los tratamientos de radioterapia y braquiterapia para los pacientes con c\u00e1ncer. Estos procedimientos cuestan entre 28.000 y 35.000 bolivianos. En la actualidad los enfermos reciben estos tratamientos de forma gratuita gracias al decreto supremo<\/p>\n","protected":false},"author":4,"featured_media":499,"comment_status":"open","ping_status":"open","sticky":false,"template":"","format":"standard","meta":{"footnotes":""},"categories":[58,45],"tags":[],"class_list":["post-307","post","type-post","status-publish","format-standard","has-post-thumbnail","hentry","category-semana-2-trabajos-finales-reportaje-crossmedia","category-trabajos"],"_links":{"self":[{"href":"https:\/\/fundacionperiodismo.org\/formacion-dual-2019\/wp-json\/wp\/v2\/posts\/307","targetHints":{"allow":["GET"]}}],"collection":[{"href":"https:\/\/fundacionperiodismo.org\/formacion-dual-2019\/wp-json\/wp\/v2\/posts"}],"about":[{"href":"https:\/\/fundacionperiodismo.org\/formacion-dual-2019\/wp-json\/wp\/v2\/types\/post"}],"author":[{"embeddable":true,"href":"https:\/\/fundacionperiodismo.org\/formacion-dual-2019\/wp-json\/wp\/v2\/users\/4"}],"replies":[{"embeddable":true,"href":"https:\/\/fundacionperiodismo.org\/formacion-dual-2019\/wp-json\/wp\/v2\/comments?post=307"}],"version-history":[{"count":14,"href":"https:\/\/fundacionperiodismo.org\/formacion-dual-2019\/wp-json\/wp\/v2\/posts\/307\/revisions"}],"predecessor-version":[{"id":676,"href":"https:\/\/fundacionperiodismo.org\/formacion-dual-2019\/wp-json\/wp\/v2\/posts\/307\/revisions\/676"}],"wp:featuredmedia":[{"embeddable":true,"href":"https:\/\/fundacionperiodismo.org\/formacion-dual-2019\/wp-json\/wp\/v2\/media\/499"}],"wp:attachment":[{"href":"https:\/\/fundacionperiodismo.org\/formacion-dual-2019\/wp-json\/wp\/v2\/media?parent=307"}],"wp:term":[{"taxonomy":"category","embeddable":true,"href":"https:\/\/fundacionperiodismo.org\/formacion-dual-2019\/wp-json\/wp\/v2\/categories?post=307"},{"taxonomy":"post_tag","embeddable":true,"href":"https:\/\/fundacionperiodismo.org\/formacion-dual-2019\/wp-json\/wp\/v2\/tags?post=307"}],"curies":[{"name":"wp","href":"https:\/\/api.w.org\/{rel}","templated":true}]}}