{"id":308,"date":"2019-03-01T13:06:07","date_gmt":"2019-03-01T17:06:07","guid":{"rendered":"https:\/\/fundacionperiodismo.org\/formacion-dual-2019\/?p=308"},"modified":"2019-03-01T16:48:57","modified_gmt":"2019-03-01T20:48:57","slug":"el-deporte-bajo-las-llaves-del-candado","status":"publish","type":"post","link":"https:\/\/fundacionperiodismo.org\/formacion-dual-2019\/2019\/03\/01\/el-deporte-bajo-las-llaves-del-candado\/","title":{"rendered":"EL DEPORTE BAJO LAS LLAVES DEL CANDADO"},"content":{"rendered":"<p><strong>\u00a0La Paz, 28 de Febrero 2019.-<\/strong> Con gesto de tristeza y pelota en manos dos ni\u00f1os de once a\u00f1os hablaron este jueves con la Fundaci\u00f3n Para el Periodismo, manifestando que el acceso a la cancha de c\u00e9sped sint\u00e9tico del complejo deportivo de Ciudad Sat\u00e9lite es imposible por el precio del alquiler.<\/p>\n<p>Alan y Joel, ambos de once a\u00f1os de edad asisten d\u00eda por medio al complejo deportivo de Ciudad Sat\u00e9lite (plan 328) del distrito uno de la urbe alte\u00f1a, con la ilusi\u00f3n de ingresar al campo de juego, entrenar y convertirse en grandes jugadores llegando a ser protagonistas en la selecci\u00f3n boliviana f\u00fatbol.<!--more--><\/p>\n<p>\u201cPero el dinero no alcanza\u201d dijo uno de ellos haciendo referencia al pago de alquiler para tener acceso. Futuras generaciones y amantes del balompi\u00e9 ven como obst\u00e1culo el factor econ\u00f3mico, piden al gobierno otorgar el libre ingreso a todos los ni\u00f1os que est\u00e9n con las ganas de seguir adelante en este deporte y no desviar los sue\u00f1os.<\/p>\n<p><strong>Todos los ni\u00f1os son amparados por<\/strong> <strong>la Ley Nacional del Deporte N\u00ba 804 promulgado el 11 de mayo de 2016.<\/strong><\/p>\n<p><strong>\u00a0Art\u00edculo 9\u00b0.- (Acceso libre y preferente) <\/strong>Los niveles de gobierno, en el marco de sus competencias, facilitar\u00e1n el acceso libre y preferente de todas las ni\u00f1as, ni\u00f1os, adolescentes, adultos mayores y personas con discapacidad, a todas las canchas, espacios e infraestructura de pr\u00e1ctica deportiva en general, bajo criterios que favorezcan.<\/p>\n<div style=\"width: 100%;\">\n<div style=\"position: relative; padding-bottom: 56.25%; padding-top: 0; height: 0;\"><iframe loading=\"lazy\" style=\"position: absolute; top: 0; left: 0; width: 100%; height: 100%;\" src=\"https:\/\/view.genial.ly\/5c79434ba159c776290e1358\" width=\"1280px\" height=\"720px\" frameborder=\"0\" scrolling=\"yes\" allowfullscreen=\"allowfullscreen\"><\/iframe><\/div>\n<\/div>\n<p>Jos\u00e9 Esteban Roca presidente vecinal, afirm\u00f3 que el 80% del complejo esta inhabilitada por falta de administraci\u00f3n, el precio para la renta del terreno oscila entre bs. 200 a 250 por hora, \u201ces lamentable ver que todo est\u00e9 cerrado y depender de un solo ingreso financiero como el alquiler de la cancha, es lo \u00fanico que funciona continuamente\u201d finaliz\u00f3 el representativo.<\/p>\n<p>Por su parte Ra\u00fal Gonzales, responsable y encargado del centro deportivo mencion\u00f3 que la mayor\u00eda desconoce sobre el procedimiento administrativo que debe realizar cada persona para entrar al gramado de ciudad sat\u00e9lite, \u201cestos ambientes est\u00e1n disponibles para todo \u00e9l public\u00f3\u201d termin\u00f3.<\/p>\n<p>&nbsp;<\/p>\n<div style=\"width: 100%;\">\n<div style=\"position: relative; padding-bottom: 88.55%; padding-top: 0; height: 0;\"><iframe loading=\"lazy\" style=\"position: absolute; top: 0; left: 0; width: 100%; height: 100%;\" src=\"https:\/\/view.genial.ly\/5c7946187d15495764f6acc2\" width=\"996px\" height=\"882px\" frameborder=\"0\" scrolling=\"yes\" allowfullscreen=\"allowfullscreen\"><\/iframe><\/div>\n<\/div>\n<p>&nbsp;<\/p>\n<p><strong>\u00a0<\/strong><strong>Antecedentes<\/strong><\/p>\n<p>El proyecto se inaugur\u00f3 el mes de abril del 2017 y fue edificado por la Unidad de Proyectos Especiales (UPRE) con una inversi\u00f3n de m\u00e1s de 24,7 millones de bolivianos, y cuenta con cinco espacios adecuados para la pr\u00e1ctica de las diferentes disciplinas deportivas, como ser:<\/p>\n<p>Cancha de f\u00fatbol con c\u00e9sped sint\u00e9tico, con grader\u00edas para m\u00e1s de 2.000 espectadores, reflectores instalados en cuatro torres. La energ\u00eda el\u00e9ctrica es de 320 voltios, para el uso de los reflectores y de todos los ambientes.<\/p>\n<p>Pista Atl\u00e9tica de 100 metro de largo con cinco carriles para pruebas de velocidad.<\/p>\n<p>13 canchas de r\u00e1quet, 12 construidas y alineadas en forma de \u201cU\u201d y la cancha 13, que es totalmente de cristal.<\/p>\n<p>Polideportivo con cinco niveles de grader\u00edas que cubre todo el campo de juego, escenario techado para las disciplinas de voleibol, b\u00e1squetbol y f\u00fatsal.<\/p>\n<p>Adem\u00e1s, cuenta con un gimnasio, vestidores, ba\u00f1os y duchas para la comodidad de los deportistas. (Datos extra\u00eddos de p\u00e1gina siete)<\/p>\n<p>&nbsp;<\/p>\n<p><iframe loading=\"lazy\" src=\"https:\/\/uploads.knightlab.com\/storymapjs\/c4bba316adc1a73bc5e991ac3b4706d9\/localizaciones\/index.html\" width=\"100%\" height=\"800\" frameborder=\"0\"><\/iframe><\/p>\n<p>&nbsp;<\/p>\n<p>Entre 2007 y 2016 el programa \u00a0Bolivia Cambia, Evo Cumple financi\u00f3 7.240 proyectos por un monto de 12.446 millones de bolivianos, establece la Memoria de la Econom\u00eda Boliviana 2016, del Ministerio de Econom\u00eda. La mayor parte de estos recursos fueron destinados a educaci\u00f3n (44,9%), deporte (22,8%), proyectos productivos (6,9%) e infraestructura social (9,4%). \u00a0Menos fondos se invirtieron en salud (5,5%), infraestructura vial (2,4%), saneamiento b\u00e1sico (5%) y riego (3,5%).<\/p>\n<p>Uno de los \u00faltimos megaproyectos en este rubro es el Estadio Municipal de El Alto, ubicado en Villa Ingenio, que fue estrenado -con cl\u00e1sico y fiesta- el 16 de julio. La obra de c\u00e9sped sint\u00e9tico y con capacidad para 25.000 espectadores \u00a0tuvo una \u00a0inversi\u00f3n de 55,8 millones de bolivianos del \u00a0Evo Cumple. (Datos extra\u00eddos de p\u00e1gina siete)<\/p>\n<p>&nbsp;<\/p>\n<p><script>!function(e,t,s,i){var n=\"InfogramEmbeds\",o=e.getElementsByTagName(\"script\")[0],d=\/^http:\/.test(e.location)?\"http:\":\"https:\";if(\/^\\\/{2}\/.test(i)&&(i=d+i),window[n]&&window[n].initialized)window[n].process&&window[n].process();else if(!e.getElementById(s)){var r=e.createElement(\"script\");r.async=1,r.id=s,r.src=i,o.parentNode.insertBefore(r,o)}}(document,0,\"infogram-async\",\"https:\/\/e.infogram.com\/js\/dist\/embed-loader-min.js\");<\/script><\/p>\n<div style=\"padding: 8px 0; font-family: Arial!important; font-size: 13px!important; line-height: 15px!important; text-align: center; border-top: 1px solid #dadada; margin: 0 30px;\"><a style=\"color: #989898!important; text-decoration: none!important;\" href=\"https:\/\/infogram.com\/081d14bd-ce6a-4d16-a4cf-c6d687d5eed3\" target=\"_blank\" rel=\"noopener\">Estad\u00edsticas <\/a><br \/>\n<a style=\"color: #989898!important; text-decoration: none!important;\" href=\"https:\/\/infogram.com\" target=\"_blank\" rel=\"nofollow noopener\">Infogram<\/a><\/div>\n","protected":false},"excerpt":{"rendered":"<p>\u00a0La Paz, 28 de Febrero 2019.- Con gesto de tristeza y pelota en manos dos ni\u00f1os de once a\u00f1os hablaron este jueves con la Fundaci\u00f3n Para el Periodismo, manifestando que el acceso a la cancha de c\u00e9sped sint\u00e9tico del complejo deportivo de Ciudad Sat\u00e9lite es imposible por el precio del alquiler. Alan y Joel, ambos de once a\u00f1os de edad<\/p>\n","protected":false},"author":5,"featured_media":349,"comment_status":"open","ping_status":"open","sticky":false,"template":"","format":"standard","meta":{"footnotes":""},"categories":[58],"tags":[],"class_list":["post-308","post","type-post","status-publish","format-standard","has-post-thumbnail","hentry","category-semana-2-trabajos-finales-reportaje-crossmedia"],"_links":{"self":[{"href":"https:\/\/fundacionperiodismo.org\/formacion-dual-2019\/wp-json\/wp\/v2\/posts\/308","targetHints":{"allow":["GET"]}}],"collection":[{"href":"https:\/\/fundacionperiodismo.org\/formacion-dual-2019\/wp-json\/wp\/v2\/posts"}],"about":[{"href":"https:\/\/fundacionperiodismo.org\/formacion-dual-2019\/wp-json\/wp\/v2\/types\/post"}],"author":[{"embeddable":true,"href":"https:\/\/fundacionperiodismo.org\/formacion-dual-2019\/wp-json\/wp\/v2\/users\/5"}],"replies":[{"embeddable":true,"href":"https:\/\/fundacionperiodismo.org\/formacion-dual-2019\/wp-json\/wp\/v2\/comments?post=308"}],"version-history":[{"count":5,"href":"https:\/\/fundacionperiodismo.org\/formacion-dual-2019\/wp-json\/wp\/v2\/posts\/308\/revisions"}],"predecessor-version":[{"id":531,"href":"https:\/\/fundacionperiodismo.org\/formacion-dual-2019\/wp-json\/wp\/v2\/posts\/308\/revisions\/531"}],"wp:featuredmedia":[{"embeddable":true,"href":"https:\/\/fundacionperiodismo.org\/formacion-dual-2019\/wp-json\/wp\/v2\/media\/349"}],"wp:attachment":[{"href":"https:\/\/fundacionperiodismo.org\/formacion-dual-2019\/wp-json\/wp\/v2\/media?parent=308"}],"wp:term":[{"taxonomy":"category","embeddable":true,"href":"https:\/\/fundacionperiodismo.org\/formacion-dual-2019\/wp-json\/wp\/v2\/categories?post=308"},{"taxonomy":"post_tag","embeddable":true,"href":"https:\/\/fundacionperiodismo.org\/formacion-dual-2019\/wp-json\/wp\/v2\/tags?post=308"}],"curies":[{"name":"wp","href":"https:\/\/api.w.org\/{rel}","templated":true}]}}