{"id":31,"date":"2019-02-26T13:49:41","date_gmt":"2019-02-26T17:49:41","guid":{"rendered":"https:\/\/fundacionperiodismo.org\/formacion-dual-2019\/?p=31"},"modified":"2019-03-02T12:27:55","modified_gmt":"2019-03-02T16:27:55","slug":"asfixia-economica-una-nueva-forma-de-censurar-a-los-medios","status":"publish","type":"post","link":"https:\/\/fundacionperiodismo.org\/formacion-dual-2019\/2019\/02\/26\/asfixia-economica-una-nueva-forma-de-censurar-a-los-medios\/","title":{"rendered":"Asfixia econ\u00f3mica: una nueva forma de censurar a los medios"},"content":{"rendered":"<p><span style=\"color: #800080;\"><a href=\"https:\/\/es.wikipedia.org\/wiki\/Juan_Carlos_Salazar_del_Barrio\" target=\"_blank\" rel=\"noopener\">Juan Carlos Salazar<\/a>, Presidente de la Fundaci\u00f3n Para el Periodismo (FPP), asegur\u00f3 que el gobierno utiliza la publicidad estatal \u201cpara premiar a los medios que le son afines y para castigar a los medios que son cr\u00edticos y fiscalizadores\u201d y advirti\u00f3\u00a0 que el bloqueo econ\u00f3mico puede derivar en que muchos medios de comunicaci\u00f3n\u00a0 eviten cumplir su labor de investigar y denunciar.<\/span><\/p>\n<p><!--more--><\/p>\n<p><span style=\"color: #800080;\">Durante una charla a los becarios del curso de <a href=\"http:\/\/fundacionperiodismo.org\/fundacion\/clases-detalle\/76\/\" target=\"_blank\" rel=\"noopener\">Formaci\u00f3n dual<\/a>, Salazar tambi\u00e9n indico que otro de los factores que inciden en la censura y coartan la libertad de expresi\u00f3n de los periodistas son el temor a\u00a0 represalias, a perder la fuente laboral, a arriesgar\u00a0 la vida, o la de los familiares.<\/span><\/p>\n<p><span style=\"color: #800080;\">Salazar revel\u00f3\u00a0 que cuando era director del peri\u00f3dico P\u00e1gina Siete tuvo que soportar no s\u00f3lo el bloqueo econ\u00f3mico del gobierno, sino tambi\u00e9n el de las empresas privadas que eran presionadas por el poder ejecutivo para no\u00a0 publicitar en ese\u00a0 medio.<\/span><\/p>\n<p><span style=\"color: #800080;\">Finalmente recalc\u00f3 que \u201cEl periodista no puede renunciar a su papel fiscalizador\u201d\u00a0 y se\u00f1al\u00f3 que las asociaciones y federaciones\u00a0 deben asumir la defensa de la libertad de expresi\u00f3n y proteger a sus afiliados.<\/span><\/p>\n<p>&nbsp;<\/p>\n<p>&nbsp;<\/p>\n<p>&nbsp;<\/p>\n<p>&nbsp;<\/p>\n","protected":false},"excerpt":{"rendered":"<p>Juan Carlos Salazar, Presidente de la Fundaci\u00f3n Para el Periodismo (FPP), asegur\u00f3 que el gobierno utiliza la publicidad estatal \u201cpara premiar a los medios que le son afines y para castigar a los medios que son cr\u00edticos y fiscalizadores\u201d y advirti\u00f3\u00a0 que el bloqueo econ\u00f3mico puede derivar en que muchos medios de comunicaci\u00f3n\u00a0 eviten cumplir su labor de investigar y<\/p>\n","protected":false},"author":13,"featured_media":68,"comment_status":"open","ping_status":"open","sticky":false,"template":"","format":"standard","meta":{"footnotes":""},"categories":[57],"tags":[4,2,3],"class_list":["post-31","post","type-post","status-publish","format-standard","has-post-thumbnail","hentry","category-semana-1-trabajos-finales-redaccion","tag-censura","tag-juan-carlos-salazar","tag-libertad-de-expresion"],"_links":{"self":[{"href":"https:\/\/fundacionperiodismo.org\/formacion-dual-2019\/wp-json\/wp\/v2\/posts\/31","targetHints":{"allow":["GET"]}}],"collection":[{"href":"https:\/\/fundacionperiodismo.org\/formacion-dual-2019\/wp-json\/wp\/v2\/posts"}],"about":[{"href":"https:\/\/fundacionperiodismo.org\/formacion-dual-2019\/wp-json\/wp\/v2\/types\/post"}],"author":[{"embeddable":true,"href":"https:\/\/fundacionperiodismo.org\/formacion-dual-2019\/wp-json\/wp\/v2\/users\/13"}],"replies":[{"embeddable":true,"href":"https:\/\/fundacionperiodismo.org\/formacion-dual-2019\/wp-json\/wp\/v2\/comments?post=31"}],"version-history":[{"count":4,"href":"https:\/\/fundacionperiodismo.org\/formacion-dual-2019\/wp-json\/wp\/v2\/posts\/31\/revisions"}],"predecessor-version":[{"id":82,"href":"https:\/\/fundacionperiodismo.org\/formacion-dual-2019\/wp-json\/wp\/v2\/posts\/31\/revisions\/82"}],"wp:featuredmedia":[{"embeddable":true,"href":"https:\/\/fundacionperiodismo.org\/formacion-dual-2019\/wp-json\/wp\/v2\/media\/68"}],"wp:attachment":[{"href":"https:\/\/fundacionperiodismo.org\/formacion-dual-2019\/wp-json\/wp\/v2\/media?parent=31"}],"wp:term":[{"taxonomy":"category","embeddable":true,"href":"https:\/\/fundacionperiodismo.org\/formacion-dual-2019\/wp-json\/wp\/v2\/categories?post=31"},{"taxonomy":"post_tag","embeddable":true,"href":"https:\/\/fundacionperiodismo.org\/formacion-dual-2019\/wp-json\/wp\/v2\/tags?post=31"}],"curies":[{"name":"wp","href":"https:\/\/api.w.org\/{rel}","templated":true}]}}