{"id":316,"date":"2019-03-01T11:17:57","date_gmt":"2019-03-01T15:17:57","guid":{"rendered":"https:\/\/fundacionperiodismo.org\/formacion-dual-2019\/?p=316"},"modified":"2019-03-07T07:03:34","modified_gmt":"2019-03-07T11:03:34","slug":"lectura-un-derecho-no-aprovechado","status":"publish","type":"post","link":"https:\/\/fundacionperiodismo.org\/formacion-dual-2019\/2019\/03\/01\/lectura-un-derecho-no-aprovechado\/","title":{"rendered":"Lectura: Un derecho no aprovechado"},"content":{"rendered":"<h3><img loading=\"lazy\" decoding=\"async\" class=\"aligncenter wp-image-678\" src=\"https:\/\/fundacionperiodismo.org\/formacion-dual-2019\/wp-content\/uploads\/2019\/03\/LIBRO5-300x200.jpg\" alt=\"\" width=\"404\" height=\"269\" srcset=\"https:\/\/fundacionperiodismo.org\/formacion-dual-2019\/wp-content\/uploads\/2019\/03\/LIBRO5-300x200.jpg 300w, https:\/\/fundacionperiodismo.org\/formacion-dual-2019\/wp-content\/uploads\/2019\/03\/LIBRO5-768x512.jpg 768w, https:\/\/fundacionperiodismo.org\/formacion-dual-2019\/wp-content\/uploads\/2019\/03\/LIBRO5.jpg 960w\" sizes=\"auto, (max-width: 404px) 100vw, 404px\" \/><\/h3>\n<h3><\/h3>\n<h3><strong><em>La falta de costumbre, el querer adquirir informaci\u00f3n \u201cflash\u201d y sin indagar, son algunas de las causas para no interesarse por leer.<\/em><\/strong><\/h3>\n<p><!--more--><\/p>\n<p style=\"text-align: left;\">(La Paz, 1 de marzo de 2019). &#8211; \u201cNo leo porque trabajo y no tengo tiempo\u201d, \u201cprefiero ver v\u00eddeos o pel\u00edculas\u201d, fueron algunas de las respuestas de ciudadanos consultados sobre si tienen el h\u00e1bito de la lectura. Siendo que es un derecho establecido en la ley 366 y que solo 5 de cada 100 personas lo ejercen en el pa\u00eds, seg\u00fan datos oficiales.<\/p>\n<p style=\"text-align: left;\">Las personas no est\u00e1n acostumbradas a tomarse un tiempo y poder disfrutar de alg\u00fan verso, cuento o poes\u00eda, seg\u00fan la encargada del proyecto FocoArte de la Secretaria Municipal de Culturas, Cristina Garr\u00f3n.<\/p>\n<p style=\"text-align: left;\">Otro aspecto para Garr\u00f3n es que \u201cla sociedad cuenta con muchos dispositivos a la vez ya la mayor\u00eda de las generaciones j\u00f3venes les cuesta mantener la concentraci\u00f3n en algunas cosas, entonces buscan informaci\u00f3n \u201cflahs\u201d, no indagan, piensan que se informan, pero se desinforman\u201d<\/p>\n<p style=\"text-align: left;\">Seg\u00fan cifras oficiales, solo cinco de cada 100 bolivianos leen, tres de cada 100, dos libros al a\u00f1o, y el 43 % lo hace solo por motivos profesionales o educativos. En comparaci\u00f3n con otros pa\u00edses de Am\u00e9rica Latina, en una escala del 100%, el pa\u00eds ocupa un puesto menor al 50%.<\/p>\n<div class=\"infogram-embed\" style=\"text-align: left;\" data-id=\"be6a0d7f-7451-4ff8-ae9a-531b03e2a1ea\" data-type=\"interactive\" data-title=\"LIBRO\"><\/div>\n<p><script>!function(e,t,s,i){var n=\"InfogramEmbeds\",o=e.getElementsByTagName(\"script\")[0],d=\/^http:\/.test(e.location)?\"http:\":\"https:\";if(\/^\\\/{2}\/.test(i)&&(i=d+i),window[n]&&window[n].initialized)window[n].process&&window[n].process();else if(!e.getElementById(s)){var r=e.createElement(\"script\");r.async=1,r.id=s,r.src=i,o.parentNode.insertBefore(r,o)}}(document,0,\"infogram-async\",\"https:\/\/e.infogram.com\/js\/dist\/embed-loader-min.js\");<\/script><\/p>\n<div style=\"padding: 8px 0; font-family: Arial!important; font-size: 13px!important; line-height: 15px!important; text-align: center; border-top: 1px solid #dadada; margin: 0 30px;\"><a style=\"color: #989898!important; text-decoration: none!important;\" href=\"https:\/\/infogram.com\/be6a0d7f-7451-4ff8-ae9a-531b03e2a1ea\" target=\"_blank\" rel=\"noopener\">LIBRO<\/a><br \/>\n<a style=\"color: #989898!important; text-decoration: none!important;\" href=\"https:\/\/infogram.com\" target=\"_blank\" rel=\"nofollow noopener\">Infogram<\/a><\/div>\n<p><a href=\"http:\/\/casadelalibertad.org.bo\/pWebWP\/wp-content\/uploads\/2017\/08\/1.-Ley-N%C2%B0-366-Libro-y-Lectura-Oscar-Alfaro.pdf\" target=\"_blank\" rel=\"noopener\">La Ley del Libro y la Lectura \u201cOscar Alfaro\u201d\u00a0\u00a0\u00a0<\/a>emitida el 19 de abril de 2013 establece que el derecho a la lectura y escritura deben ser plenamente fomentados. Pero\u00a0 la literata, Claudia Vaca, considera que la norma est\u00e1 ausente de acciones y pol\u00edticas concretas en torno a\u00a0 la difusi\u00f3n de la lectura,\u00bb la falte de un sistema nacional de bibliotecas escolares con presupuesto y proyectos descentralizados y de un plan nacional de lectura.\u00bb<\/p>\n<p><strong>\u00bfD\u00f3nde leer?<\/strong><\/p>\n<p>Un <a href=\"http:\/\/webcache.googleusercontent.com\/search?q=cache:http:\/\/www.scielo.org.bo\/pdf\/rcc\/v20n36\/v20n36_a03.pdf\" target=\"_blank\" rel=\"noopener\">estudio sobre el desarrollo de las bibliotecas en Bolivia<\/a>\u00a0se\u00f1ala que el pa\u00eds cuenta con un aproximado de 669 bibliotecas p\u00fablicas. La Paz, Cochabamba y Santa Cruz con el 71% del total y el resto de los departamentos reportan el 29%. Te mostramos algunas ubicadas\u00a0 La Paz.<\/p>\n<div style=\"width: 100%;\">\n<div style=\"position: relative; padding-bottom: 56.25%; padding-top: 0; height: 0;\"><iframe loading=\"lazy\" style=\"position: absolute; top: 0; left: 0; width: 100%; height: 100%;\" src=\"https:\/\/view.genial.ly\/5c784727a159c776290cff51\" width=\"1200px\" height=\"675px\" frameborder=\"0\" scrolling=\"yes\" allowfullscreen=\"allowfullscreen\"><\/iframe><\/div>\n<\/div>\n<p>\u201c<strong>La cosa es leer\u201d<\/strong><\/p>\n<p>Garr\u00f3n, consultada sobre si el avance de la tecnolog\u00eda influy\u00f3 en la sociedad para que no lea, responde que no importa el medio; si el libro es f\u00edsico o digital, \u201cla cosa es leer\u201d, ambos tienen sus pros y contras pero la idea es que se ingrese al mundo de la lectura sin obligaci\u00f3n.<\/p>\n<p>Asimismo\u00a0 destac\u00f3 la importancia de la lectura,\u00a0 \u201cpara vivir bien, para tener una posici\u00f3n cr\u00edtica ante el mundo, si te gusta leer es muy probable que seas un buen profesional\u201d. En ese sentido\u00a0estos son\u00a0 algunos tips para adquirir el h\u00e1bito de leer.<\/p>\n<div style=\"width: 100%;\">\n<div style=\"position: relative; padding-bottom: 106.25%; padding-top: 0; height: 0;\"><iframe loading=\"lazy\" style=\"position: absolute; top: 0; left: 0; width: 100%; height: 100%;\" src=\"https:\/\/view.genial.ly\/5c78df425d0e4e575e214156\" width=\"1600px\" height=\"1700px\" frameborder=\"0\" scrolling=\"yes\" allowfullscreen=\"allowfullscreen\"><span data-mce-type=\"bookmark\" style=\"display: inline-block; width: 0px; overflow: hidden; line-height: 0;\" class=\"mce_SELRES_start\">\ufeff<\/span><\/iframe><\/div>\n<\/div>\n<p><strong>Abril, mes de la lectura<\/strong><\/p>\n<p>La Secretaria Municipal de Cultura, cada 23 de abril, d\u00eda internacional del libro y mes de la lectura en el pa\u00eds, junto a organizaciones e instituciones realizan talleres, conversatorios, tertulias, promoviendo conocimiento sobre escritores bolivianos con el fin de \u00a0incentivar a la ciudadan\u00eda a leer.<\/p>\n<p>&nbsp;<\/p>\n<div style=\"width: 100%;\">\n<div style=\"position: relative; padding-bottom: 56.25%; padding-top: 0; height: 0;\"><iframe loading=\"lazy\" style=\"position: absolute; top: 0; left: 0; width: 100%; height: 100%;\" src=\"https:\/\/view.genial.ly\/5c78d3875d0e4e575e213b2a\" width=\"1200px\" height=\"675px\" frameborder=\"0\" scrolling=\"yes\" allowfullscreen=\"allowfullscreen\"><\/iframe><\/div>\n<\/div>\n","protected":false},"excerpt":{"rendered":"<p>La falta de costumbre, el querer adquirir informaci\u00f3n \u201cflash\u201d y sin indagar, son algunas de las causas para no interesarse por leer.<\/p>\n","protected":false},"author":8,"featured_media":679,"comment_status":"open","ping_status":"open","sticky":false,"template":"","format":"standard","meta":{"footnotes":""},"categories":[58],"tags":[],"class_list":["post-316","post","type-post","status-publish","format-standard","has-post-thumbnail","hentry","category-semana-2-trabajos-finales-reportaje-crossmedia"],"_links":{"self":[{"href":"https:\/\/fundacionperiodismo.org\/formacion-dual-2019\/wp-json\/wp\/v2\/posts\/316","targetHints":{"allow":["GET"]}}],"collection":[{"href":"https:\/\/fundacionperiodismo.org\/formacion-dual-2019\/wp-json\/wp\/v2\/posts"}],"about":[{"href":"https:\/\/fundacionperiodismo.org\/formacion-dual-2019\/wp-json\/wp\/v2\/types\/post"}],"author":[{"embeddable":true,"href":"https:\/\/fundacionperiodismo.org\/formacion-dual-2019\/wp-json\/wp\/v2\/users\/8"}],"replies":[{"embeddable":true,"href":"https:\/\/fundacionperiodismo.org\/formacion-dual-2019\/wp-json\/wp\/v2\/comments?post=316"}],"version-history":[{"count":8,"href":"https:\/\/fundacionperiodismo.org\/formacion-dual-2019\/wp-json\/wp\/v2\/posts\/316\/revisions"}],"predecessor-version":[{"id":680,"href":"https:\/\/fundacionperiodismo.org\/formacion-dual-2019\/wp-json\/wp\/v2\/posts\/316\/revisions\/680"}],"wp:featuredmedia":[{"embeddable":true,"href":"https:\/\/fundacionperiodismo.org\/formacion-dual-2019\/wp-json\/wp\/v2\/media\/679"}],"wp:attachment":[{"href":"https:\/\/fundacionperiodismo.org\/formacion-dual-2019\/wp-json\/wp\/v2\/media?parent=316"}],"wp:term":[{"taxonomy":"category","embeddable":true,"href":"https:\/\/fundacionperiodismo.org\/formacion-dual-2019\/wp-json\/wp\/v2\/categories?post=316"},{"taxonomy":"post_tag","embeddable":true,"href":"https:\/\/fundacionperiodismo.org\/formacion-dual-2019\/wp-json\/wp\/v2\/tags?post=316"}],"curies":[{"name":"wp","href":"https:\/\/api.w.org\/{rel}","templated":true}]}}