{"id":329,"date":"2019-03-01T13:01:20","date_gmt":"2019-03-01T17:01:20","guid":{"rendered":"https:\/\/fundacionperiodismo.org\/formacion-dual-2019\/?p=329"},"modified":"2019-03-06T21:42:14","modified_gmt":"2019-03-07T01:42:14","slug":"falta-de-acceso-a-los-medicamentos-atenta-contra-la-vida","status":"publish","type":"post","link":"https:\/\/fundacionperiodismo.org\/formacion-dual-2019\/2019\/03\/01\/falta-de-acceso-a-los-medicamentos-atenta-contra-la-vida\/","title":{"rendered":"El acceso oportuno a medicamentos vs inadecuadas pol\u00edticas de salud"},"content":{"rendered":"<p>Enrique M. depende de f\u00e1rmacos costosos y de terapias f\u00edsicas para tener una mejor calidad de vida. Hace tres a\u00f1os padece de Parkinson que afecta a las funciones neurol\u00f3gicas de su\u00a0 cerebro. Su tratamiento consiste en dosis diarias de medicamentos y fisioterapia para detener el avance progresivo de su enfermedad que todav\u00eda no tiene cura. A sus 74 a\u00f1os a\u00fan se siente con las fuerzas necesarias para encarar su enfermedad, sin embargo hay una barrera que se interponen en su lucha diaria, que es el alto costo de sus medicamentos que suspendieron en su Seguro P\u00fablico de Salud donde est\u00e1 afiliado.<\/p>\n<p><!--more--><\/p>\n<p>Hace dos meses don Enrique recibi\u00f3 el comunicado que sus comprimidos de Levodopa Carvidopa, f\u00e1rmaco indicado que puede detener el avance progresivo de su enfermedad, son inexistentes en su Policlinico\u00a0 y debe comprar sus medicamentos\u00a0 de farmacias externas de la Caja Nacional de salud.\u00a0 Esta adquisici\u00f3n puede ser reembolsado mediante un\u00a0 tr\u00e1mite personal, que algunos enfermos no est\u00e1n en condiciones de realizar. \u00abNo puedo salir s\u00f3lo a la calle porque mis pies no responden al caminar e impide que pueda ir a la Caja (de Salud) para pedir que me reembolsen el gasto de mis medicamentos. La insensibilidad con los adultos mayores de parte del gobierno es alarmante\u00bb manifest\u00f3 con un\u00a0 tono disgustado don Enrique quien adem\u00e1s explic\u00f3 que sus familiares a veces no cuentan con tiempo disponible para apoyarlo con su tr\u00e1mite, \u00abmi esposa est\u00e1 delicada de salud y no quiero perjudicar a mis hijas en sus trabajos\u00bb,\u00a0 explic\u00f3 con una notoria dificultad al hablar, caracter\u00edstica de su enfermedad.<\/p>\n<p>Actualmente el <a href=\"https:\/\/cuidateplus.marca.com\/enfermedades\/neurologicas\/parkinson.html\">Parkinson<\/a> es una patolog\u00eda cr\u00f3nica que no tiene cura y\u00a0 \u00a0la dopamina, que es un neurotransmisor encargado de interconectar las neuronas desde un n\u00facleo del cerebro a otras zonas nerviosas, no se puede administrar directamente. Por este motivo, en los enfermos con s\u00edntomas avanzados, el Levodopa es el f\u00e1rmaco m\u00e1s potente hasta el momento para el tratamiento contra el Parkinson, sin embargo tiene un costo es elevado en las farmacias importadoras de este producto.<\/p>\n<p>Se consult\u00f3 en tres droguer\u00edas de la ciudad y se observ\u00f3 que el precio var\u00eda entre 8 y 9 bolivianos por cada pastilla que implica un costo aproximado de de Bs. 270 el recipiente\u00a0 de 30 comprimidos. Este dato aumenta significativamente en pacientes que usan hasta 5 veces al d\u00eda este f\u00e1rmaco como es el caso de Don Enrique. \u00abCada mes debo compararme hasta 5 cajas que me cuesta alrededor de 1400 bolivianos al mes sin contar otros medicamentos que necesito para contrarrestar mi enfermedad\u00a0 que tampoco me dan en mi Seguro y debo comprarlos por mi propia cuenta\u00bb, explic\u00f3.<\/p>\n<p>Este aspecto es m\u00e1s alarmante en casos de adultos mayores que no cuentan con un Seguro P\u00fablico\u00a0 de Salud.\u00a0\u201cConsiderando el par\u00e1metro internacional de un enfermo por cada 100 personas mayores de 60 a\u00f1os, se estima que en Bolivia tenemos unas 2.000 personas afectadas que requieren mayor atenci\u00f3n en cuanto a pol\u00edticas de salud y normativas que favorezcan el mejoramiento de los servicios integrales de salud que esta poblaci\u00f3n requiere\u201d, seg\u00fan una publicaci\u00f3n del 2015 del peri\u00f3dico <a href=\"http:\/\/www.la-razon.com\/sociedad\/Pacientes-Parkinson-avanzan-ayuda-mutua_0_2040995980.html\">La Raz\u00f3n<\/a>.<\/p>\n<p>El tema de<a href=\"https:\/\/elpotosi.net\/nacional\/20171109_los-importadores-de-farmacos-advierten-falta-de-medicamentos.html\"> desabastecimiento de medicamentos<\/a> en los Seguros P\u00fablicos de Salud no es reciente\u00a0\u00a0pues desde el 2017 se identific\u00f3 ya este hecho a ra\u00edz de algunas limitaciones impuestas por la <a href=\"https:\/\/www.eldia.com.bo\/index.php?cat=1&amp;pla=3&amp;id_articulo=238698\">AGEMED<\/a> (Agencia Estatal de Medicamentos y Tecnolog\u00edas en Salud)\u00a0 para la adquisici\u00f3n de los productos. Se consult\u00f3 al respecto a las autoridades encargadas de farmacia del Policl\u00ednico Central a Caja Nacional de Salud, observando un hermetismo pues no se quiso brindar informaci\u00f3n.<\/p>\n<p>Lo contrario ocurri\u00f3 en la Caja Bancaria Estatal de Salud (CBES), donde la Dra. Mireya Huanawni, Jefa de Farmacia, accedi\u00f3 a responder sobre la problem\u00e1tica del acceso de medicamentos desde la perspectiva de su sector apuntado cuatro aspectos que impiden una adecuada atenci\u00f3n farmac\u00e9utica de los pacientes asegurados.<\/p>\n<div style=\"width: 100%;\">\n<div style=\"position: relative; padding-bottom: 100.00%; padding-top: 0; height: 0;\"><iframe loading=\"lazy\" style=\"position: absolute; top: 0; left: 0; width: 100%; height: 100%;\" src=\"https:\/\/view.genial.ly\/5c7935a85d0e4e575e21d3a3\" width=\"3988px\" height=\"3988px\" frameborder=\"0\" scrolling=\"yes\" allowfullscreen=\"allowfullscreen\"><\/iframe><\/div>\n<\/div>\n<p>Respecto a las modificaciones de la Lista de Medicamentos y precios referenciales se puede observar que algunos medicamentos vez de incrementar fueron disminuidos, es decir, las unidades farmac\u00e9uticas de cada ente de seguro social, deben adquirir algunos\u00a0 productos incluso a menor precio del anterior listado nacional, \u201cesto hace que las empresas proponentes no se presenten a las convocatorias de adquisici\u00f3n de medicamentos justamente por el precio referencial que es menor al precio elevado que presentan algunas farmacia.\u00a0 Hay una falta de regulaci\u00f3n de precios que provoca un desabastecimiento de medicamentos\u201d se\u00f1alo la doctora Huanawni.<\/p>\n<h2>\u00a0LINAME refleja la realidad de los precios?<\/h2>\n<p>Seg\u00fan la Lista Nacional de Medicamentos Esenciales (LINAME)\u00a0 de 2018, elaborada por la AGEMED, existen algunos medicamentos que bajaron de precio en comparaci\u00f3n al documento de 2014, lo cual significa para los Centros de Salud del seguro social una disminuci\u00f3n en la adquisici\u00f3n de algunos\u00a0 medicamentos gen\u00e9ricos\u00a0 puesto que para las empresas farmac\u00e9uticas resulta poco atrayente presentarse a contrataciones que impliquen reducir sus ingresos.<\/p>\n<p>A esto se suma el hecho que algunas\u00a0 normas, como el <a href=\"https:\/\/www.minsalud.gob.bo\/images\/Documentacion\/normativa\/DS181.pdf\">Decreto Supremo N\u00ba 0181,\u00a0<\/a>\u00a0 y la Ley del Medicamento, contemplan que la adquisici\u00f3n de medicamentos sea sobre la base del menor precio que implica la elecci\u00f3n de algunos productos de origen chino\u00a0 en los procesos de compra los Seguros P\u00fablicos de Salud. \u00abLa norma nos dice que debemos comprar medicamentos que est\u00e1n legalmente establecidos en Bolivia , que tengan\u00a0 su certificado de control de calidad y registro sanitario adem\u00e1s que\u00a0 el precio no sea mayor al precio referencial de LINAME , la compra de medicamentos es por un m\u00e9todo que es el precio evaluado al m\u00e1s bajo . Es decir, si se presenta Inti, Lafar y una empresa china cuyo precio de su medicamento es el m\u00e1s bajo,\u00a0 debemos comprar ese producto chino\u00bb, admiti\u00f3 la doctora\u00a0Huanawni.<\/p>\n<p><iframe loading=\"lazy\" style=\"border: none;\" title=\"medicamentos\" src=\"https:\/\/e.infogram.com\/18d56e8c-5f3e-49f4-a709-bb3a3f2ea535?src=embed\" width=\"700\" height=\"584\" frameborder=\"0\" scrolling=\"no\" allowfullscreen=\"allowfullscreen\"><\/iframe><\/p>\n<div style=\"padding: 8px 0; font-family: Arial!important; font-size: 13px!important; line-height: 15px!important; text-align: center; border-top: 1px solid #dadada; margin: 0 30px;\"><a style=\"color: #989898!important; text-decoration: none!important;\" href=\"https:\/\/infogram.com\/18d56e8c-5f3e-49f4-a709-bb3a3f2ea535\" target=\"_blank\" rel=\"noopener\">medicamentos<\/a><br \/>\n<a style=\"color: #989898!important; text-decoration: none!important;\" href=\"https:\/\/infogram.com\" target=\"_blank\" rel=\"nofollow noopener\">Infogram<\/a><\/div>\n<p>&nbsp;<\/p>\n<p>Si quieres revisar la Lista completa haz <a href=\"https:\/\/es.scribd.com\/document\/400820886\/Precios-2018\" target=\"_blank\" rel=\"noopener\">click aqu\u00ed\u00a0<\/a><\/p>\n<p>Ante este panorama, se puede advertir que quienes padecen enfermedades en el pa\u00eds se\u00a0debaten entre la carencia de medicamentos y la valent\u00eda mirar hacia adelante con la esperanza de vivir. \u00abHay poco apoyo a la salud de parte del gobierno\u00bb enfatiza la Jefa de Farmacia de la CBES.<\/p>\n<p>Mientras surjan nuevos aportes para mejorar el acceso a los medicamentos a trav\u00e9s de la aplicaci\u00f3n de adecuadas pol\u00edticas de salud p\u00fablica\u00a0 acordes a la realidad del pa\u00eds, algunas luces de esperanzan quedan en las miradas de enfermos que no se rinden en su batalla como don Enrique quien cierto optimismo manifest\u00f3 \u00abHay que seguir adelante hasta que Dios me siga dando\u00a0 las\u00a0 fuerzas que necesito\u00bb.<\/p>\n","protected":false},"excerpt":{"rendered":"<p>Enrique M. depende de f\u00e1rmacos costosos y de terapias f\u00edsicas para tener una mejor calidad de vida. Hace tres a\u00f1os padece de Parkinson que afecta a las funciones neurol\u00f3gicas de su\u00a0 cerebro. Su tratamiento consiste en dosis diarias de medicamentos y fisioterapia para detener el avance progresivo de su enfermedad que todav\u00eda no tiene cura. A sus 74 a\u00f1os a\u00fan<\/p>\n","protected":false},"author":6,"featured_media":538,"comment_status":"open","ping_status":"open","sticky":false,"template":"","format":"standard","meta":{"footnotes":""},"categories":[58,45],"tags":[],"class_list":["post-329","post","type-post","status-publish","format-standard","has-post-thumbnail","hentry","category-semana-2-trabajos-finales-reportaje-crossmedia","category-trabajos"],"_links":{"self":[{"href":"https:\/\/fundacionperiodismo.org\/formacion-dual-2019\/wp-json\/wp\/v2\/posts\/329","targetHints":{"allow":["GET"]}}],"collection":[{"href":"https:\/\/fundacionperiodismo.org\/formacion-dual-2019\/wp-json\/wp\/v2\/posts"}],"about":[{"href":"https:\/\/fundacionperiodismo.org\/formacion-dual-2019\/wp-json\/wp\/v2\/types\/post"}],"author":[{"embeddable":true,"href":"https:\/\/fundacionperiodismo.org\/formacion-dual-2019\/wp-json\/wp\/v2\/users\/6"}],"replies":[{"embeddable":true,"href":"https:\/\/fundacionperiodismo.org\/formacion-dual-2019\/wp-json\/wp\/v2\/comments?post=329"}],"version-history":[{"count":18,"href":"https:\/\/fundacionperiodismo.org\/formacion-dual-2019\/wp-json\/wp\/v2\/posts\/329\/revisions"}],"predecessor-version":[{"id":670,"href":"https:\/\/fundacionperiodismo.org\/formacion-dual-2019\/wp-json\/wp\/v2\/posts\/329\/revisions\/670"}],"wp:featuredmedia":[{"embeddable":true,"href":"https:\/\/fundacionperiodismo.org\/formacion-dual-2019\/wp-json\/wp\/v2\/media\/538"}],"wp:attachment":[{"href":"https:\/\/fundacionperiodismo.org\/formacion-dual-2019\/wp-json\/wp\/v2\/media?parent=329"}],"wp:term":[{"taxonomy":"category","embeddable":true,"href":"https:\/\/fundacionperiodismo.org\/formacion-dual-2019\/wp-json\/wp\/v2\/categories?post=329"},{"taxonomy":"post_tag","embeddable":true,"href":"https:\/\/fundacionperiodismo.org\/formacion-dual-2019\/wp-json\/wp\/v2\/tags?post=329"}],"curies":[{"name":"wp","href":"https:\/\/api.w.org\/{rel}","templated":true}]}}