{"id":33,"date":"2019-02-26T14:00:40","date_gmt":"2019-02-26T18:00:40","guid":{"rendered":"https:\/\/fundacionperiodismo.org\/formacion-dual-2019\/?p=33"},"modified":"2019-03-02T12:28:29","modified_gmt":"2019-03-02T16:28:29","slug":"salazar-al-poder-no-le-interesa-la-libertad-de-expresion","status":"publish","type":"post","link":"https:\/\/fundacionperiodismo.org\/formacion-dual-2019\/2019\/02\/26\/salazar-al-poder-no-le-interesa-la-libertad-de-expresion\/","title":{"rendered":"SALAZAR: \u201cAL PODER NO LE INTERESA LA LIBERTAD DE EXPRESI\u00d3N\u201d"},"content":{"rendered":"<p><strong>La Paz, 19 de febrero de 2019.-<\/strong> Frente a las amenazas del poder, la mejor defensa del periodismo es activar su rol fiscalizador, asegur\u00f3 en conferencia de prensa, Juan Carlos Salazar, director de la Fundaci\u00f3n Para el Periodismo (FPP).<\/p>\n<p><!--more--><\/p>\n<p>El presidente del Estado Plurinacional de Bolivia, Evo Morales, no habla de la asfixia econ\u00f3mica a la que somete a los medios independientes, como castigo a aquellos que pretenden desempe\u00f1ar su rol fiscalizador que les asigna la sociedad, mientras premia a medios afines al gobierno.<\/p>\n<p>Salazar sostiene que, tanto en dictadura como en democracia, se intent\u00f3 controlar a la prensa y cuenta que en 1964 vivi\u00f3 de cerca la ocupaci\u00f3n de las redacciones de prensa por parte de censores pagados por el gobierno del MNR, que revisaban las notas de prensa antes de su publicaci\u00f3n, \u201clamentablemente tambi\u00e9n eran periodistas\u201d.<\/p>\n<blockquote><p>Adem\u00e1s de la asfixia econ\u00f3mica, en la actualidad el periodismo est\u00e1 sujeto a otros desaf\u00edos que derivan de los avances tecnol\u00f3gicos. Las noticias falsas (fake\u00a0 news) constituyen la mayor amenaza a la libertad de expresi\u00f3n, dijo Salazar.<\/p><\/blockquote>\n<p>Las redes sociales tienen una doble cara por la cantidad de mentiras que se difunden sin constataci\u00f3n y la funci\u00f3n del periodista es contrastar la informaci\u00f3n para contar historias verdaderas, dijo Salazar.<\/p>\n<p>Advirti\u00f3 que el fen\u00f3meno de las noticias falsas alcanza su m\u00e1xima expresi\u00f3n en momentos de gran inter\u00e9s informativo, por ejemplo campa\u00f1as electorales.<\/p>\n<p>Detall\u00f3 que despu\u00e9s de analizar 226.000 noticias, entre\u00a02006\u00a0 y 2017, el Instituto de Tecnolog\u00eda de Masachuset\u00a0 concluy\u00f3 que las noticias falsas se difunden m\u00e1s r\u00e1pido y tienen mayor alcance que las verdaderas. Adem\u00e1s, se retuitean 70% m\u00e1s que las\u00a0 verdaderas.<\/p>\n<p>Los j\u00f3venes piensan que seguir el Twitter y Facebook es informarse,\u00a0 pero somos una sociedad mal informada se\u00f1al\u00f3.<\/p>\n<blockquote><p><strong>Para cerrar, Salazar manifest\u00f3 que \u201cal periodismo solo lo va a salvar el buen periodismo\u201d que los periodistas deben capacitarse para enfrentar a las noticias falsas (fake\u00a0 news) apeg\u00e1ndose\u00a0 a la \u00e9tica<\/strong><\/p><\/blockquote>\n<p>Reconoci\u00f3 que para ejercer y tener trabajo hay que ser periodista multimedia y aprende a contar historias\u00a0 usando las nuevas tecnolog\u00edas.<\/p>\n<p>&nbsp;<\/p>\n","protected":false},"excerpt":{"rendered":"<p>La Paz, 19 de febrero de 2019.- Frente a las amenazas del poder, la mejor defensa del periodismo es activar su rol fiscalizador, asegur\u00f3 en conferencia de prensa, Juan Carlos Salazar, director de la Fundaci\u00f3n Para el Periodismo (FPP).<\/p>\n","protected":false},"author":3,"featured_media":68,"comment_status":"open","ping_status":"open","sticky":false,"template":"","format":"standard","meta":{"footnotes":""},"categories":[57],"tags":[22,26,4,25,14,23,5,2,3,6,24,17],"class_list":["post-33","post","type-post","status-publish","format-standard","has-post-thumbnail","hentry","category-semana-1-trabajos-finales-redaccion","tag-asfixia-economica","tag-bolivia","tag-censura","tag-evo-morales","tag-fake-news","tag-formacion-dual-en-periodismo","tag-fundacion-para-el-periodismo","tag-juan-carlos-salazar","tag-libertad-de-expresion","tag-noticias-falsas","tag-periodismo-multimedia","tag-poder-y-libertad-de-expresion"],"_links":{"self":[{"href":"https:\/\/fundacionperiodismo.org\/formacion-dual-2019\/wp-json\/wp\/v2\/posts\/33","targetHints":{"allow":["GET"]}}],"collection":[{"href":"https:\/\/fundacionperiodismo.org\/formacion-dual-2019\/wp-json\/wp\/v2\/posts"}],"about":[{"href":"https:\/\/fundacionperiodismo.org\/formacion-dual-2019\/wp-json\/wp\/v2\/types\/post"}],"author":[{"embeddable":true,"href":"https:\/\/fundacionperiodismo.org\/formacion-dual-2019\/wp-json\/wp\/v2\/users\/3"}],"replies":[{"embeddable":true,"href":"https:\/\/fundacionperiodismo.org\/formacion-dual-2019\/wp-json\/wp\/v2\/comments?post=33"}],"version-history":[{"count":3,"href":"https:\/\/fundacionperiodismo.org\/formacion-dual-2019\/wp-json\/wp\/v2\/posts\/33\/revisions"}],"predecessor-version":[{"id":111,"href":"https:\/\/fundacionperiodismo.org\/formacion-dual-2019\/wp-json\/wp\/v2\/posts\/33\/revisions\/111"}],"wp:featuredmedia":[{"embeddable":true,"href":"https:\/\/fundacionperiodismo.org\/formacion-dual-2019\/wp-json\/wp\/v2\/media\/68"}],"wp:attachment":[{"href":"https:\/\/fundacionperiodismo.org\/formacion-dual-2019\/wp-json\/wp\/v2\/media?parent=33"}],"wp:term":[{"taxonomy":"category","embeddable":true,"href":"https:\/\/fundacionperiodismo.org\/formacion-dual-2019\/wp-json\/wp\/v2\/categories?post=33"},{"taxonomy":"post_tag","embeddable":true,"href":"https:\/\/fundacionperiodismo.org\/formacion-dual-2019\/wp-json\/wp\/v2\/tags?post=33"}],"curies":[{"name":"wp","href":"https:\/\/api.w.org\/{rel}","templated":true}]}}