{"id":34,"date":"2019-02-26T13:58:25","date_gmt":"2019-02-26T17:58:25","guid":{"rendered":"https:\/\/fundacionperiodismo.org\/formacion-dual-2019\/?p=34"},"modified":"2019-03-02T12:28:25","modified_gmt":"2019-03-02T16:28:25","slug":"la-posverdad-amenaza-de-la-libertad-de-expresion","status":"publish","type":"post","link":"https:\/\/fundacionperiodismo.org\/formacion-dual-2019\/2019\/02\/26\/la-posverdad-amenaza-de-la-libertad-de-expresion\/","title":{"rendered":"La posverdad amenaza de la libertad de expresi\u00f3n"},"content":{"rendered":"<p style=\"text-align: center;\">\n<p>Se caracteriza por la profusi\u00f3n de noticias falsas constituyendo una grave amenaza contra la libertad de expresi\u00f3n y la democracia, asegur\u00f3 este martes el premio nacional de periodismo 2016, <a href=\"https:\/\/www.paginasiete.bo\/nacional\/2016\/12\/9\/juan-carlos-salazar-premio-nacional-periodismo-2016-119865.html\" target=\"_blank\" rel=\"noopener\">Juan Carlos Salazar<\/a>, refiri\u00e9ndose a la <a href=\"https:\/\/es.wikipedia.org\/wiki\/Posverdad\" target=\"_blank\" rel=\"noopener\">posverdad<\/a>.<\/p>\n<p><!--more--><\/p>\n<p>Record\u00f3 \u00a0que en Bolivia el <a href=\"https:\/\/es.wikipedia.org\/wiki\/Caso_Zapata\" target=\"_blank\" rel=\"noopener\">caso Zapata<\/a> deriv\u00f3 en una sucesi\u00f3n de mentiras difundidas como verdades por el propio presidente Evo Morales con las que construy\u00f3 un discurso de deslegitimaci\u00f3n del refer\u00e9ndum que se pronunci\u00f3 en contra de su reelecci\u00f3n, en 2016.<\/p>\n<p>\u201cLo terrible es que esta manipulaci\u00f3n de la opini\u00f3n p\u00fablica a trav\u00e9s de la posverdad puede cambiar el sentido democr\u00e1tico de las decisiones del soberano y cuando llegan estos populismos al gobierno, lo hacen con el aval de las urnas y t\u00fa no tienes que decir nada\u201d advirti\u00f3.<\/p>\n<p>Los periodistas est\u00e1n obligados a defender la democracia y no ser neutral ante eso, \u201cno se puede \u00a0hablar de democracia sino hay libertad de expresi\u00f3n, y no hay libertad de expresi\u00f3n sin democracia\u201d advirti\u00f3\u00a0 Salazar.<\/p>\n<p>Estas las palabras fueron recogidas En una conferencia sobre la libertad de expresi\u00f3n en la <a href=\"https:\/\/fundacionperiodismo.org\/\" target=\"_blank\" rel=\"noopener\">Fundaci\u00f3n Para el Periodismo<\/a> (FPP), se\u00f1al\u00f3 que las mentiras se difunden mucho m\u00e1s r\u00e1pido por las redes sociales, son relatos aparentemente verdaderos, porque juegan con una carga emocional, sin ninguna constataci\u00f3n.<\/p>\n<p>Para combatir este peligro asegur\u00f3 que es vital la preparaci\u00f3n y la formaci\u00f3n de los periodistas e insisti\u00f3 que el desaf\u00edo es\u00a0 recuperar la confianza en los medios tradicionales.<\/p>\n","protected":false},"excerpt":{"rendered":"<p>Se caracteriza por la profusi\u00f3n de noticias falsas constituyendo una grave amenaza contra la libertad de expresi\u00f3n y la democracia, asegur\u00f3 este martes el premio nacional de periodismo 2016, Juan Carlos Salazar, refiri\u00e9ndose a la posverdad.<\/p>\n","protected":false},"author":10,"featured_media":66,"comment_status":"open","ping_status":"open","sticky":false,"template":"","format":"standard","meta":{"footnotes":""},"categories":[57],"tags":[5,2,3,8],"class_list":["post-34","post","type-post","status-publish","format-standard","has-post-thumbnail","hentry","category-semana-1-trabajos-finales-redaccion","tag-fundacion-para-el-periodismo","tag-juan-carlos-salazar","tag-libertad-de-expresion","tag-posverdad"],"_links":{"self":[{"href":"https:\/\/fundacionperiodismo.org\/formacion-dual-2019\/wp-json\/wp\/v2\/posts\/34","targetHints":{"allow":["GET"]}}],"collection":[{"href":"https:\/\/fundacionperiodismo.org\/formacion-dual-2019\/wp-json\/wp\/v2\/posts"}],"about":[{"href":"https:\/\/fundacionperiodismo.org\/formacion-dual-2019\/wp-json\/wp\/v2\/types\/post"}],"author":[{"embeddable":true,"href":"https:\/\/fundacionperiodismo.org\/formacion-dual-2019\/wp-json\/wp\/v2\/users\/10"}],"replies":[{"embeddable":true,"href":"https:\/\/fundacionperiodismo.org\/formacion-dual-2019\/wp-json\/wp\/v2\/comments?post=34"}],"version-history":[{"count":6,"href":"https:\/\/fundacionperiodismo.org\/formacion-dual-2019\/wp-json\/wp\/v2\/posts\/34\/revisions"}],"predecessor-version":[{"id":98,"href":"https:\/\/fundacionperiodismo.org\/formacion-dual-2019\/wp-json\/wp\/v2\/posts\/34\/revisions\/98"}],"wp:featuredmedia":[{"embeddable":true,"href":"https:\/\/fundacionperiodismo.org\/formacion-dual-2019\/wp-json\/wp\/v2\/media\/66"}],"wp:attachment":[{"href":"https:\/\/fundacionperiodismo.org\/formacion-dual-2019\/wp-json\/wp\/v2\/media?parent=34"}],"wp:term":[{"taxonomy":"category","embeddable":true,"href":"https:\/\/fundacionperiodismo.org\/formacion-dual-2019\/wp-json\/wp\/v2\/categories?post=34"},{"taxonomy":"post_tag","embeddable":true,"href":"https:\/\/fundacionperiodismo.org\/formacion-dual-2019\/wp-json\/wp\/v2\/tags?post=34"}],"curies":[{"name":"wp","href":"https:\/\/api.w.org\/{rel}","templated":true}]}}