{"id":38,"date":"2019-02-26T13:51:53","date_gmt":"2019-02-26T17:51:53","guid":{"rendered":"https:\/\/fundacionperiodismo.org\/formacion-dual-2019\/?p=38"},"modified":"2019-03-02T12:28:10","modified_gmt":"2019-03-02T16:28:10","slug":"en-bolivia-no-existe-libertad-de-expresion-plena","status":"publish","type":"post","link":"https:\/\/fundacionperiodismo.org\/formacion-dual-2019\/2019\/02\/26\/en-bolivia-no-existe-libertad-de-expresion-plena\/","title":{"rendered":"\u201cEn Bolivia no existe libertad de expresi\u00f3n plena\u201d"},"content":{"rendered":"<p><strong><em>La Paz, 26 de febrero de 2019<\/em>.-<\/strong>\u00a0 As\u00ed lo afirm\u00f3, Juan Carlos Salazar, presidente del Directorio de la Fundaci\u00f3n Para el Periodismo (FPP) el pasado martes. En conferencia de prensa, advirti\u00f3 que diferentes esferas del poder intentan controlar a los medios de comunicaci\u00f3n.<!--more--><\/p>\n<p>Salazar, dijo que el Gobierno del presidente Evo Morales, pretende \u201cahogar\u201d econ\u00f3micamente a medios como P\u00e1gina Siete, utilizando la publicidad estatal para premiar a quienes le son afines y castigar a los medios que lo critican.<\/p>\n<p>El tambi\u00e9n exdirector de P\u00e1gina Siete, record\u00f3 la censura a la prensa instaurada por el gobierno de V\u00edctor Paz Estenssoro y la persecuci\u00f3n y exilio de periodistas en tiempo de dictadura. Dijo que esos mecanismos represivos tienen el objetivo de provocar miedo y autocensura.<\/p>\n<p>Pese a que en la actualidad no se conocen atentados directos contra la libertad de expresi\u00f3n y la integridad f\u00edsica de los periodistas en el pa\u00eds, \u00a0las amenazas son permanentes. Esto debido al control publicitario en medios de comunicaci\u00f3n y \u00a0la presi\u00f3n que ejerce el Gobierno en algunas empresas estatales, concluy\u00f3.\/AAA<\/p>\n","protected":false},"excerpt":{"rendered":"<p>La Paz, 26 de febrero de 2019.-\u00a0 As\u00ed lo afirm\u00f3, Juan Carlos Salazar, presidente del Directorio de la Fundaci\u00f3n Para el Periodismo (FPP) el pasado martes. En conferencia de prensa, advirti\u00f3 que diferentes esferas del poder intentan controlar a los medios de comunicaci\u00f3n.<\/p>\n","protected":false},"author":15,"featured_media":70,"comment_status":"open","ping_status":"open","sticky":false,"template":"","format":"standard","meta":{"footnotes":""},"categories":[57],"tags":[16,3],"class_list":["post-38","post","type-post","status-publish","format-standard","has-post-thumbnail","hentry","category-semana-1-trabajos-finales-redaccion","tag-censura-a-la-prensa","tag-libertad-de-expresion"],"_links":{"self":[{"href":"https:\/\/fundacionperiodismo.org\/formacion-dual-2019\/wp-json\/wp\/v2\/posts\/38","targetHints":{"allow":["GET"]}}],"collection":[{"href":"https:\/\/fundacionperiodismo.org\/formacion-dual-2019\/wp-json\/wp\/v2\/posts"}],"about":[{"href":"https:\/\/fundacionperiodismo.org\/formacion-dual-2019\/wp-json\/wp\/v2\/types\/post"}],"author":[{"embeddable":true,"href":"https:\/\/fundacionperiodismo.org\/formacion-dual-2019\/wp-json\/wp\/v2\/users\/15"}],"replies":[{"embeddable":true,"href":"https:\/\/fundacionperiodismo.org\/formacion-dual-2019\/wp-json\/wp\/v2\/comments?post=38"}],"version-history":[{"count":3,"href":"https:\/\/fundacionperiodismo.org\/formacion-dual-2019\/wp-json\/wp\/v2\/posts\/38\/revisions"}],"predecessor-version":[{"id":93,"href":"https:\/\/fundacionperiodismo.org\/formacion-dual-2019\/wp-json\/wp\/v2\/posts\/38\/revisions\/93"}],"wp:featuredmedia":[{"embeddable":true,"href":"https:\/\/fundacionperiodismo.org\/formacion-dual-2019\/wp-json\/wp\/v2\/media\/70"}],"wp:attachment":[{"href":"https:\/\/fundacionperiodismo.org\/formacion-dual-2019\/wp-json\/wp\/v2\/media?parent=38"}],"wp:term":[{"taxonomy":"category","embeddable":true,"href":"https:\/\/fundacionperiodismo.org\/formacion-dual-2019\/wp-json\/wp\/v2\/categories?post=38"},{"taxonomy":"post_tag","embeddable":true,"href":"https:\/\/fundacionperiodismo.org\/formacion-dual-2019\/wp-json\/wp\/v2\/tags?post=38"}],"curies":[{"name":"wp","href":"https:\/\/api.w.org\/{rel}","templated":true}]}}