{"id":428,"date":"2019-03-01T13:05:26","date_gmt":"2019-03-01T17:05:26","guid":{"rendered":"https:\/\/fundacionperiodismo.org\/formacion-dual-2019\/?p=428"},"modified":"2019-03-01T14:54:28","modified_gmt":"2019-03-01T18:54:28","slug":"acceso-al-trabajo-problematica-juvenil","status":"publish","type":"post","link":"https:\/\/fundacionperiodismo.org\/formacion-dual-2019\/2019\/03\/01\/acceso-al-trabajo-problematica-juvenil\/","title":{"rendered":"Acceso al Trabajo: problem\u00e1tica juvenil"},"content":{"rendered":"<p><em>La falta de empleo es una guerra constante en Bolivia, la universidad no te prepara para la realidad en el pa\u00eds, exigen experiencia aunque no la brindan es una de las mayores observaciones de la juventud.<\/em><!--more--><\/p>\n<p>Este 28 de febrero nuestro medio se reuni\u00f3 con diferentes j\u00f3venes de la ciudad de La paz, la falta de oportunidades, los grandes escasez de experiencia es lo que hace falta para conseguir un empleo estable.<\/p>\n<blockquote><p><span style=\"color: #000000;\">Las fuentes de empleo en la ciudad de la paz es lo que m\u00e1s hace falta, y lo m\u00e1s importante que tiene que tomar en cuenta una persona es el tener experiencia y mayormente la universidad no te lo brinda. Menciono Lizbeth.<\/span><\/p><\/blockquote>\n<p style=\"text-align: center;\"><span style=\"color: #000000;\">Mayormente lo que te ense\u00f1an es m\u00e1s textual y no muy pr\u00e1ctico<\/span>, <span style=\"color: #800080;\">\u201cAl terminar la universidad\u00a0 sales a buscar un empleo es donde realmente llegas a la realidad<span style=\"color: #000000;\">\u201d<\/span><\/span><span style=\"color: #000000;\"> indico Omar de la carrera de contadur\u00eda.<\/span><\/p>\n<p><em><strong>\u00bfLas mayores dificultades que tuvieron al buscar empleo?<\/strong><\/em><\/p>\n<p>El grupo de j\u00f3venes estuvo de acuerdo al mencionar el tema de la experiencia, porque es un requisito fundamental y les dificultaba conseguir el empleo.<\/p>\n<blockquote><p><span style=\"color: #000000;\">Otra de las dificultades de obtener un trabajo estable son las pasant\u00edas, porque el contrato es de 3 a 5 meses y muchas veces es sin salario.<\/span><\/p><\/blockquote>\n<p>Actualmente las carreras t\u00e9cnicas, est\u00e1n teniendo m\u00e1s acceso de trabajo como ser los creadores de p\u00e1ginas web, inform\u00e1tica \u00f3 tambi\u00e9n los trabajos en mano de obra, etc.<\/p>\n<blockquote><p><span style=\"color: #000000;\">El avance de la tecnolog\u00eda dificulta a muchas personas que buscan un trabajo estable \u2013indico clara de la carrera de Econom\u00eda.<\/span><\/p><\/blockquote>\n<h3>Existe cambios?<\/h3>\n<div class=\"infogram-embed\" data-id=\"653cdfa6-0650-4285-af43-ac092698e45f\" data-type=\"interactive\" data-title=\"Untitled infographic\"><\/div>\n<p><script>!function(e,t,s,i){var n=\"InfogramEmbeds\",o=e.getElementsByTagName(\"script\")[0],d=\/^http:\/.test(e.location)?\"http:\":\"https:\";if(\/^\\\/{2}\/.test(i)&&(i=d+i),window[n]&&window[n].initialized)window[n].process&&window[n].process();else if(!e.getElementById(s)){var r=e.createElement(\"script\");r.async=1,r.id=s,r.src=i,o.parentNode.insertBefore(r,o)}}(document,0,\"infogram-async\",\"https:\/\/e.infogram.com\/js\/dist\/embed-loader-min.js\");<\/script><\/p>\n<div style=\"padding: 8px 0; font-family: Arial!important; font-size: 13px!important; line-height: 15px!important; text-align: center; border-top: 1px solid #dadada; margin: 0 30px;\"><a style=\"color: #989898!important; text-decoration: none!important;\" href=\"https:\/\/infogram.com\/653cdfa6-0650-4285-af43-ac092698e45f\" target=\"_blank\" rel=\"noopener\">Untitled infographic<\/a><br \/>\n<a style=\"color: #989898!important; text-decoration: none!important;\" href=\"https:\/\/infogram.com\" target=\"_blank\" rel=\"nofollow noopener\">Infogram<\/a><\/div>\n<p><span data-offset-key=\"5mqus-0-0\">Estudios del CEDLA sobre el empleo juvenil, muestran que la tasa de desempleo en j\u00f3venes de 15 a 24 a\u00f1os en municipios bolivianos, va en crecimiento ,la nueva entrada de empleo son en ramas t\u00e9cnicas o personales.<\/span><\/p>\n<p>&nbsp;<\/p>\n<p>No obstante, existen instituciones que brindan un apoyo a los egresados, como ser el caso de Mi Primer Empleo que viene implementando oportunidades de empleo y para un futuro trabajo.<br \/>\nRealizan convenios con diferentes empresas privadas, realizan entrevistas, tienen un asesoramiento y apoyo por parte del Gobierno, adem\u00e1s de otorgarles un sueldo.<\/p>\n<div style=\"width: 100%;\">\n<div style=\"position: relative; padding-bottom: 56.25%; padding-top: 0; height: 0;\"><iframe loading=\"lazy\" style=\"position: absolute; top: 0; left: 0; width: 100%; height: 100%;\" src=\"https:\/\/view.genial.ly\/5c784b8108403f026130a286\" width=\"1200px\" height=\"675px\" frameborder=\"0\" scrolling=\"yes\" allowfullscreen=\"allowfullscreen\"><\/iframe><\/div>\n<\/div>\n<p>&nbsp;<\/p>\n<p><img loading=\"lazy\" decoding=\"async\" class=\"alignnone size-medium wp-image-259\" src=\"https:\/\/fundacionperiodismo.org\/formacion-dual-2019\/wp-content\/uploads\/2019\/02\/redes-sociales-300x195.jpg\" alt=\"\" width=\"300\" height=\"195\" srcset=\"https:\/\/fundacionperiodismo.org\/formacion-dual-2019\/wp-content\/uploads\/2019\/02\/redes-sociales-300x195.jpg 300w, https:\/\/fundacionperiodismo.org\/formacion-dual-2019\/wp-content\/uploads\/2019\/02\/redes-sociales-768x499.jpg 768w, https:\/\/fundacionperiodismo.org\/formacion-dual-2019\/wp-content\/uploads\/2019\/02\/redes-sociales.jpg 954w\" sizes=\"auto, (max-width: 300px) 100vw, 300px\" \/>\u00a0\u00a0 Las redes sociales , una nueva entrada de ingreso y futuro.<\/p>\n","protected":false},"excerpt":{"rendered":"<p>La falta de empleo es una guerra constante en Bolivia, la universidad no te prepara para la realidad en el pa\u00eds, exigen experiencia aunque no la brindan es una de las mayores observaciones de la juventud.<\/p>\n","protected":false},"author":9,"featured_media":537,"comment_status":"open","ping_status":"open","sticky":false,"template":"","format":"standard","meta":{"footnotes":""},"categories":[58],"tags":[],"class_list":["post-428","post","type-post","status-publish","format-standard","has-post-thumbnail","hentry","category-semana-2-trabajos-finales-reportaje-crossmedia"],"_links":{"self":[{"href":"https:\/\/fundacionperiodismo.org\/formacion-dual-2019\/wp-json\/wp\/v2\/posts\/428","targetHints":{"allow":["GET"]}}],"collection":[{"href":"https:\/\/fundacionperiodismo.org\/formacion-dual-2019\/wp-json\/wp\/v2\/posts"}],"about":[{"href":"https:\/\/fundacionperiodismo.org\/formacion-dual-2019\/wp-json\/wp\/v2\/types\/post"}],"author":[{"embeddable":true,"href":"https:\/\/fundacionperiodismo.org\/formacion-dual-2019\/wp-json\/wp\/v2\/users\/9"}],"replies":[{"embeddable":true,"href":"https:\/\/fundacionperiodismo.org\/formacion-dual-2019\/wp-json\/wp\/v2\/comments?post=428"}],"version-history":[{"count":10,"href":"https:\/\/fundacionperiodismo.org\/formacion-dual-2019\/wp-json\/wp\/v2\/posts\/428\/revisions"}],"predecessor-version":[{"id":541,"href":"https:\/\/fundacionperiodismo.org\/formacion-dual-2019\/wp-json\/wp\/v2\/posts\/428\/revisions\/541"}],"wp:featuredmedia":[{"embeddable":true,"href":"https:\/\/fundacionperiodismo.org\/formacion-dual-2019\/wp-json\/wp\/v2\/media\/537"}],"wp:attachment":[{"href":"https:\/\/fundacionperiodismo.org\/formacion-dual-2019\/wp-json\/wp\/v2\/media?parent=428"}],"wp:term":[{"taxonomy":"category","embeddable":true,"href":"https:\/\/fundacionperiodismo.org\/formacion-dual-2019\/wp-json\/wp\/v2\/categories?post=428"},{"taxonomy":"post_tag","embeddable":true,"href":"https:\/\/fundacionperiodismo.org\/formacion-dual-2019\/wp-json\/wp\/v2\/tags?post=428"}],"curies":[{"name":"wp","href":"https:\/\/api.w.org\/{rel}","templated":true}]}}