{"id":43,"date":"2019-02-26T14:02:49","date_gmt":"2019-02-26T18:02:49","guid":{"rendered":"https:\/\/fundacionperiodismo.org\/formacion-dual-2019\/?p=43"},"modified":"2019-03-02T12:27:26","modified_gmt":"2019-03-02T16:27:26","slug":"alerta-las-mentiras-emotivas-son-una-amenaza","status":"publish","type":"post","link":"https:\/\/fundacionperiodismo.org\/formacion-dual-2019\/2019\/02\/26\/alerta-las-mentiras-emotivas-son-una-amenaza\/","title":{"rendered":"ALERTA: LAS MENTIRAS EMOTIVAS SON UNA AMENAZA"},"content":{"rendered":"<p><strong>\u00a0<\/strong>\u201cLa mayor amenaza para la libertad de expresi\u00f3n es la posverdad\u201d afirm\u00f3\u00a0 Juan Carlos Salazar, presidente del directorio de la Fundaci\u00f3n Para el Periodismo, en conferencia de prensa.<\/p>\n<p>En esta \u00e9poca digital, las redes sociales\u00a0 son herramientas que permiten inmediatez\u00a0\u00a0 y mejor accesibilidad, pero solos los periodistas pueden garantizar que las historias sean verdaderas. El papel de los periodistas es dar los elementos\u00a0 de informaci\u00f3n a la sociedad\u00a0 para que tome sus propias\u00a0 decisiones, puntualizo.<!--more--><\/p>\n<p>El\u00a0 periodista, \u00a0quien fue galardonado con el <a href=\"https:\/\/www.youtube.com\/watch?v=B26MIn3G6Tg\">Premio <\/a>Nacional de Periodismo, sostuvo que este tipo de noticias est\u00e1n condicionando procesos de participaci\u00f3n ciudadana como sucedi\u00f3 con en el Brexit\u00a0 y\u00a0 con la victoria de Donald Trump en Estados Unidos.<\/p>\n<p>\u00abNo somos una sociedad informada, somos una sociedad mal informada\u00bb,\u00a0 dijo Salazar y comparti\u00f3\u00a0 los resultados de una investigaci\u00f3n El Instituto Tecnol\u00f3gico de Massachusetts\u00a0 analiz\u00f3 126.000 historias compartidas\u00a0 el 2018,\u00a0 de las cuales solo el 30 por ciento eran verdaderas y el otro 70 por ciento de mensajes retuiteados fueron mentiras.<\/p>\n<p>Salazar tambi\u00e9n record\u00f3 que las redes sociales como Facebook y YouTube han superado a la televisi\u00f3n como fuente de acceso primario a la informaci\u00f3n entre la poblaci\u00f3n joven, seg\u00fan una investigaci\u00f3n de The Reuters Institute for the Study of Journalism, que muestra que los medios tradicionales\u00a0 est\u00e1n perdiendo audiencia.<\/p>\n<p>Salazar finalmente dijo que el desaf\u00edo de \u00a0los tiempos actuales prepararse como profesionales es la \u00fanica posibilidad de hacer frente\u00a0 a un fen\u00f3meno que va en aumento.<\/p>\n","protected":false},"excerpt":{"rendered":"<p>\u00a0\u201cLa mayor amenaza para la libertad de expresi\u00f3n es la posverdad\u201d afirm\u00f3\u00a0 Juan Carlos Salazar, presidente del directorio de la Fundaci\u00f3n Para el Periodismo, en conferencia de prensa. En esta \u00e9poca digital, las redes sociales\u00a0 son herramientas que permiten inmediatez\u00a0\u00a0 y mejor accesibilidad, pero solos los periodistas pueden garantizar que las historias sean verdaderas. El papel de los periodistas es<\/p>\n","protected":false},"author":14,"featured_media":68,"comment_status":"open","ping_status":"open","sticky":false,"template":"","format":"standard","meta":{"footnotes":""},"categories":[57],"tags":[3,27,29,8,28],"class_list":["post-43","post","type-post","status-publish","format-standard","has-post-thumbnail","hentry","category-semana-1-trabajos-finales-redaccion","tag-libertad-de-expresion","tag-periodismo","tag-periodismo-bolivia","tag-posverdad","tag-verdad"],"_links":{"self":[{"href":"https:\/\/fundacionperiodismo.org\/formacion-dual-2019\/wp-json\/wp\/v2\/posts\/43","targetHints":{"allow":["GET"]}}],"collection":[{"href":"https:\/\/fundacionperiodismo.org\/formacion-dual-2019\/wp-json\/wp\/v2\/posts"}],"about":[{"href":"https:\/\/fundacionperiodismo.org\/formacion-dual-2019\/wp-json\/wp\/v2\/types\/post"}],"author":[{"embeddable":true,"href":"https:\/\/fundacionperiodismo.org\/formacion-dual-2019\/wp-json\/wp\/v2\/users\/14"}],"replies":[{"embeddable":true,"href":"https:\/\/fundacionperiodismo.org\/formacion-dual-2019\/wp-json\/wp\/v2\/comments?post=43"}],"version-history":[{"count":8,"href":"https:\/\/fundacionperiodismo.org\/formacion-dual-2019\/wp-json\/wp\/v2\/posts\/43\/revisions"}],"predecessor-version":[{"id":105,"href":"https:\/\/fundacionperiodismo.org\/formacion-dual-2019\/wp-json\/wp\/v2\/posts\/43\/revisions\/105"}],"wp:featuredmedia":[{"embeddable":true,"href":"https:\/\/fundacionperiodismo.org\/formacion-dual-2019\/wp-json\/wp\/v2\/media\/68"}],"wp:attachment":[{"href":"https:\/\/fundacionperiodismo.org\/formacion-dual-2019\/wp-json\/wp\/v2\/media?parent=43"}],"wp:term":[{"taxonomy":"category","embeddable":true,"href":"https:\/\/fundacionperiodismo.org\/formacion-dual-2019\/wp-json\/wp\/v2\/categories?post=43"},{"taxonomy":"post_tag","embeddable":true,"href":"https:\/\/fundacionperiodismo.org\/formacion-dual-2019\/wp-json\/wp\/v2\/tags?post=43"}],"curies":[{"name":"wp","href":"https:\/\/api.w.org\/{rel}","templated":true}]}}