{"id":498,"date":"2019-03-01T14:15:27","date_gmt":"2019-03-01T18:15:27","guid":{"rendered":"https:\/\/fundacionperiodismo.org\/formacion-dual-2019\/?p=498"},"modified":"2019-03-02T14:28:20","modified_gmt":"2019-03-02T18:28:20","slug":"derecho-a-la-vida-de-ninos-con-cancer","status":"publish","type":"post","link":"https:\/\/fundacionperiodismo.org\/formacion-dual-2019\/2019\/03\/01\/derecho-a-la-vida-de-ninos-con-cancer\/","title":{"rendered":"DERECHO A LA VIDA DE NI\u00d1OS CON C\u00c1NCER"},"content":{"rendered":"<p>Aproximadamente en Bolivia 600 ni\u00f1os padecen distintos tipos de c\u00e1ncer\u00a0 en los departamentos de La Paz, Cochabamba y Santa Cruz seg\u00fan la representante de la Asociaci\u00f3n de Voluntarios Contra el C\u00e0ncer, Ana Torrez.<\/p>\n<p>S\u00f3lo en el tratamiento para un ni\u00f1o con c\u00e1ncer que padece leucemia en Bolivia cuesta 1,8 millones de bolivianos en cinco a\u00f1os. Sin embargo solo en el primer a\u00f1o se necesita un mill\u00f3n para estabilizar al paciente.<\/p>\n<p><strong>PROYECTOS DE LEY DEL C\u00c1NCER EN BOLIVIA<\/strong><\/p>\n<p>El a\u00f1o pasado se presentaron ante la Comisi\u00f3n de Salud y Educaci\u00f3n de la C\u00e1mara de Diputados de la Asamblea Legislativa tres proyectos de ley en beneficio de los pacientes con c\u00e1ncer en Bolivia ante la crisis que vivieron los pacientes con c\u00e1ncer luego del cierre de la Unidad de Radioterapia del Hospital de Cl\u00ednicas.<\/p>\n<p>Las normas proponen la atenci\u00f3n gratuita a los enfermos adultos y ni\u00f1os, la construcci\u00f3n de centros oncol\u00f3gicos, la creaci\u00f3n de un banco de f\u00e1rmacos, entre otros, con recursos del Estado y del sector privado.<\/p>\n<div style=\"width: 100%;\">\n<div style=\"position: relative; padding-bottom: 56.25%; padding-top: 0; height: 0;\"><iframe loading=\"lazy\" style=\"position: absolute; top: 0; left: 0; width: 100%; height: 100%;\" src=\"https:\/\/view.genial.ly\/5c7967f45d0e4e575e22154a\" width=\"1200px\" height=\"675px\" frameborder=\"0\" scrolling=\"yes\" allowfullscreen=\"allowfullscreen\"><\/iframe><\/div>\n<\/div>\n<p>&nbsp;<\/p>\n<p>El 11 de Febrero del presente a\u00f1o se present\u00f3 un nuevo proyecto de ley nacional para el tratamiento contra el c\u00e1ncer, cuenta con la coordinaci\u00f3n de la Asociaci\u00f3n de Familiares de Enfermos con C\u00e1ncer de Santa Cruz, Cochabamba y La Paz, el d\u00eda mi\u00e9rcoles se dio a conocer que fue aprobado para ser analizado y debatido y que tambi\u00e9n el proyecto de ley fue remitido a la ministra de Salud, Gabriela Monta\u00f1o, para que as\u00ed se realice un trabajo conjunto y se haga realidad este proyecto de ley.<\/p>\n<p><strong>\u00abCon SUS o sin SUS queremos la ley del C\u00e1ncer\u201d<\/strong><\/p>\n<p>La ma\u00f1ana del 23 de Octubre de 2018 familiares de ni\u00f1os con c\u00e1ncer realizaron una protesta frente a la \u201cCasa del Pueblo\u201d, en demanda de una ley de tratamiento gratuito de oncolog\u00eda pedi\u00e1trica.<\/p>\n<p>El viceministro de Salud, \u00c1lvaro Terrazas, asegur\u00f3 ese d\u00eda \u00a0que no era necesaria esa norma por que el Sistema \u00danico de Salud (SUS) cubrir\u00eda la atenci\u00f3n de los menores con ese mal.<\/p>\n<p>A la par el presidente Evo Morales\u00a0 anunci\u00f3 tras una reuni\u00f3n con personas con c\u00e1ncer y sus familiares\u00a0 que el estado cubrir\u00eda por un a\u00f1o los costos de radioterapia y que ese beneficio se extender\u00eda\u00a0 de manera autom\u00e1tica\u00a0 cuando entrara en vigencia la nueva pol\u00edtica en materia de salud.<\/p>\n<p>A principios de este a\u00f1o \u00a0cuando a\u00fan se encontraba debatiendo en el parlamento la promulgaci\u00f3n del Sistema \u00danico de Salud, el diputado de Unidad Dem\u00f3crata (UD), Gustavo Serrano, en una entrevista del programa \u201cQue no me pierda\u201d asegur\u00f3 que no estaba contemplado la lucha contra el c\u00e1ncer.<\/p>\n<p>\u201cLos voceros del Gobierno dicen que el SUS, ayudar\u00e1 al c\u00e1ncer, sin embargo leyendo articulo peor art\u00edculo, no est\u00e1 contemplado\u201d, indic\u00f3 el parlamentario.<\/p>\n<p>Hoy\u00a0 que se dio inicio Sistema \u00danico de Salud (SUS) en seis regiones del pa\u00eds y la presidenta de la Asociaci\u00f3n de Padres y Madres de Ni\u00f1os con C\u00e1ncer de La Paz dijo que este seguro no contempla los casos m\u00e1s conocidos de c\u00e1ncer en ni\u00f1os \u201cc\u00e1ncer de todo los tipos que le da a los \u00a0ni\u00f1os: neuroblastoma, rinoblastoma, osteosarcoma, leucemias. Todos esos no est\u00e1n\u201d.<\/p>\n<p>Actualmente los familiares de ni\u00f1os con c\u00e1ncer se encuentran socializando con el programa de Lucha Contra el C\u00e1ncer del Ministerio de Salud, sobre el alcance del Sistema \u00danico de Salud (SUS) pero que de igual manera ven necesaria una ley.<\/p>\n<p>\u201cEstamos socializando que va cumplir, en que \u00e1mbitos nos va beneficiar y todo, pero aun as\u00ed con SUS o sin SUS queremos la ley del C\u00e1ncer\u201d dijo Mendoza.<\/p>\n<p><strong>EL C\u00c1NCER EN AM\u00c9RICA LATINA<\/strong><\/p>\n<p>A nivel Latinoam\u00e9rica\u00a0 el c\u00e1ncer es la segunda causa de mortalidad, seg\u00fan datos de The Economist Intelligence Unit.<\/p>\n<p><strong>Per\u00fa<\/strong><\/p>\n<p>Seg\u00fan la Liga Contra el C\u00e1ncer de Per\u00fa, el 85% de los casos se detectan en estadios avanzados. Esta situaci\u00f3n reduce en grandes proporciones las probabilidades de curaci\u00f3n y eleva el costo de los tratamientos.<\/p>\n<p><strong>Paraguay<\/strong><\/p>\n<p>En Paraguay el c\u00e1ncer de pr\u00f3stata y el de pulm\u00f3n se detectan con mayor frecuencia en los hombres. En el caso de las mujeres, el c\u00e1ncer de mama y el de cuello uterino son los m\u00e1s comunes. En 2017 hubo 3.000 muertos.<\/p>\n<p><strong>Venezuela<\/strong><\/p>\n<p>Seg\u00fan la Sociedad Anticancerosa en este pa\u00eds 26.510 venezolanos perdieron la vida en 2017 por causa de distintos tipos de c\u00e1ncer. Debido a la crisis social que vive este pa\u00eds, hay escasez del 90% de f\u00e1rmacos para tratar este mal.<\/p>\n<p><strong>Chile<\/strong><\/p>\n<p>Chile tiene al c\u00e1ncer de pulm\u00f3n como primer lugar en\u00a0 mortalidad. Es el responsable de 3.581 muertes por a\u00f1o, superando al de est\u00f3mago (3.478 personas), pr\u00f3stata (2.270 personas), colon (2.265 personas) y mama (1.688 personas).<\/p>\n<p><strong>Colombia<\/strong><\/p>\n<p>138 mil personas tienen diagnosticado c\u00e1ncer, enfermedad que anualmente cobra la vida de 33.100 personas. 16.300 son hombres afectados por c\u00e1ncer de est\u00f3mago, pulm\u00f3n, pr\u00f3stata, colon-recto y leucemias.<\/p>\n<p><strong>Argentina<\/strong><\/p>\n<p>El c\u00e1ncer de mama es el m\u00e1s com\u00fan, por a\u00f1o hay m\u00e1s de 19.000 casos que representan el 17% de todos los tumores malignos y casi un tercio de los c\u00e1nceres femeninos. Hay 13.558 casos nuevos por a\u00f1o de c\u00e1ncer de colon.<\/p>\n<p><strong>M\u00e9xico<\/strong><\/p>\n<p>En la poblaci\u00f3n mexicana de 18 a 59 a\u00f1os, los tumores est\u00e1n relacionados con factores de riesgo asociados a estilos de vida no saludables como el tabaquismo, el alcoholismo o el sedentarismo.<\/p>\n<p><strong>Brasil<\/strong><\/p>\n<p>Seg\u00fan un estudio del Instituto Nacional de C\u00e1ncer y el Ministerio de Salud de Brasil, este pa\u00eds sumar\u00e1 unos 582 mil nuevos casos de c\u00e1ncer durante este a\u00f1o, cifra que se elevar\u00e1 hasta los 1,2 millones a finales de 2019.<\/p>\n<p><strong>Ecuador<\/strong><\/p>\n<p>En Ecuador, entre los tipos de c\u00e1ncer m\u00e1s comunes, el c\u00e1ncer del colon se encuentra en el octavo lugar para mujeres y en el quinto para hombres. Cada a\u00f1o se presentan 1.200 casos nuevos de esta enfermedad.<\/p>\n<p><strong>Uruguay<\/strong><\/p>\n<p>Entre ambos sexos, el c\u00e1ncer m\u00e1s frecuente en Uruguay es el de mama. Al a\u00f1o se registran unos 1.860 casos de este mal, de los cuales 1.840 son de mujeres. Una de cada 11 mujeres corre riesgo de sufrir este mal.<\/p>\n<p><strong>PA\u00cdSES EN AM\u00c9RICA LATINA QUE NO CUENTAN CON LEGISLACI\u00d3N PARA EL C\u00c1NCER\u00a0<\/strong><\/p>\n<p>Bolivia, Chile y Paraguay\u00a0 son los pa\u00edses latinoamericanos que a\u00fan no cuentan con una ley o normativa para tender a personas con c\u00e1ncer. \u00a0Al menos siete pa\u00edses cuentan con leyes y normativas que abarcan la creaci\u00f3n de institutos especializados, la dotaci\u00f3n de medicamentos y cuidados paliativos, entre otros.<\/p>\n<div style=\"width: 100%;\">\n<div style=\"position: relative; padding-bottom: 56.25%; padding-top: 0; height: 0;\"><iframe loading=\"lazy\" style=\"position: absolute; top: 0; left: 0; width: 100%; height: 100%;\" src=\"https:\/\/view.genial.ly\/5c782e7f5d0e4e575e20a7bd\" width=\"1200px\" height=\"675px\" frameborder=\"0\" scrolling=\"yes\" allowfullscreen=\"allowfullscreen\"><\/iframe><\/div>\n<\/div>\n","protected":false},"excerpt":{"rendered":"<p>Aproximadamente en Bolivia 600 ni\u00f1os padecen distintos tipos de c\u00e1ncer\u00a0 en los departamentos de La Paz, Cochabamba y Santa Cruz seg\u00fan la representante de la Asociaci\u00f3n de Voluntarios Contra el C\u00e0ncer, Ana Torrez. S\u00f3lo en el tratamiento para un ni\u00f1o con c\u00e1ncer que padece leucemia en Bolivia cuesta 1,8 millones de bolivianos en cinco a\u00f1os. Sin embargo solo en el<\/p>\n","protected":false},"author":7,"featured_media":560,"comment_status":"open","ping_status":"open","sticky":false,"template":"","format":"standard","meta":{"footnotes":""},"categories":[58],"tags":[],"class_list":["post-498","post","type-post","status-publish","format-standard","has-post-thumbnail","hentry","category-semana-2-trabajos-finales-reportaje-crossmedia"],"_links":{"self":[{"href":"https:\/\/fundacionperiodismo.org\/formacion-dual-2019\/wp-json\/wp\/v2\/posts\/498","targetHints":{"allow":["GET"]}}],"collection":[{"href":"https:\/\/fundacionperiodismo.org\/formacion-dual-2019\/wp-json\/wp\/v2\/posts"}],"about":[{"href":"https:\/\/fundacionperiodismo.org\/formacion-dual-2019\/wp-json\/wp\/v2\/types\/post"}],"author":[{"embeddable":true,"href":"https:\/\/fundacionperiodismo.org\/formacion-dual-2019\/wp-json\/wp\/v2\/users\/7"}],"replies":[{"embeddable":true,"href":"https:\/\/fundacionperiodismo.org\/formacion-dual-2019\/wp-json\/wp\/v2\/comments?post=498"}],"version-history":[{"count":5,"href":"https:\/\/fundacionperiodismo.org\/formacion-dual-2019\/wp-json\/wp\/v2\/posts\/498\/revisions"}],"predecessor-version":[{"id":622,"href":"https:\/\/fundacionperiodismo.org\/formacion-dual-2019\/wp-json\/wp\/v2\/posts\/498\/revisions\/622"}],"wp:featuredmedia":[{"embeddable":true,"href":"https:\/\/fundacionperiodismo.org\/formacion-dual-2019\/wp-json\/wp\/v2\/media\/560"}],"wp:attachment":[{"href":"https:\/\/fundacionperiodismo.org\/formacion-dual-2019\/wp-json\/wp\/v2\/media?parent=498"}],"wp:term":[{"taxonomy":"category","embeddable":true,"href":"https:\/\/fundacionperiodismo.org\/formacion-dual-2019\/wp-json\/wp\/v2\/categories?post=498"},{"taxonomy":"post_tag","embeddable":true,"href":"https:\/\/fundacionperiodismo.org\/formacion-dual-2019\/wp-json\/wp\/v2\/tags?post=498"}],"curies":[{"name":"wp","href":"https:\/\/api.w.org\/{rel}","templated":true}]}}