{"id":505,"date":"2019-03-01T16:52:39","date_gmt":"2019-03-01T20:52:39","guid":{"rendered":"https:\/\/fundacionperiodismo.org\/formacion-dual-2019\/?p=505"},"modified":"2019-03-06T04:24:46","modified_gmt":"2019-03-06T08:24:46","slug":"pedofilia-en-redes-sociales","status":"publish","type":"post","link":"https:\/\/fundacionperiodismo.org\/formacion-dual-2019\/2019\/03\/01\/pedofilia-en-redes-sociales\/","title":{"rendered":"PEDOFILIA EN REDES SOCIALES"},"content":{"rendered":"<p style=\"text-align: center;\"><b>EL MEJOR MECANISMO DE SEGURIDAD.<\/b><\/p>\n<p style=\"text-align: center;\"><em>\u201cLa familia tiene que ense\u00f1ar a protegerse a los ni\u00f1os de este tipo de delitos\u201d, Mario Dur\u00e1n.<\/em><\/p>\n<p>&nbsp;<\/p>\n<p>&nbsp;<\/p>\n<p><em><strong>WANDA TORRICO<\/strong><\/em><em><strong>\u00a0E.<\/strong><\/em><\/p>\n<p>Hoy en d\u00eda todos corremos peligro en las redes sociales, estas no distinguen raza, g\u00e9nero, estado social o econ\u00f3mico. Podemos llegar a ser v\u00edctimas si no las manejamos de forma adecuada y en especial los m\u00e1s vulnerables, ni\u00f1os ni\u00f1as y adolescentes.<\/p>\n<p>Los menores de edad, viven en riesgo social por la fragilidad e inocencia que los caracteriza, en las redes sociales se da de igual o peor manera, pues est\u00e1n expuestos a ped\u00f3filos y pederastas, entre otros.<\/p>\n<p>Delincuentes con estas caracter\u00edsticas tienen a merced toda la informaci\u00f3n que se sube a Internet e incluso por nosotros mismos, im\u00e1genes, videos, datos; ya sea de nuestros hermanos, hijos\u00a0 y menores que interact\u00faan en el ciberespacio.<\/p>\n<p>A nivel mundial hay varias redes que cometen estos ciberdelitos sexuales, donde se busca violar la integridad de los ni\u00f1os en diferentes aspectos, vulnerando sus derechos, puntualmente y como inicio, el derecho \u201ca la privacidad, intimidad, honra, honor, propia imagen y dignidad\u201d, seg\u00fan el art\u00edculo 21 de la Constituci\u00f3n Pol\u00edtica del Estado Plurinacional de Bolivia CPE.<\/p>\n<p>Para poder entender la pedofilia, se debe diferenciar de la pederastia:<\/p>\n<div style=\"width: 100%;\">\n<div style=\"position: relative; padding-bottom: 56.25%; padding-top: 0; height: 0;\"><iframe loading=\"lazy\" style=\"position: absolute; top: 0; left: 0; width: 100%; height: 100%;\" src=\"https:\/\/view.genial.ly\/5c795e29a159c776290e36c3\" width=\"1200px\" height=\"675px\" frameborder=\"0\" scrolling=\"yes\" allowfullscreen=\"allowfullscreen\"><\/iframe><\/div>\n<\/div>\n<p>&nbsp;<\/p>\n<p>Consultando al experto en el \u00e1rea, <a href=\"https:\/\/www.facebook.com\/mrduranch\" target=\"_blank\" rel=\"noopener\">Mario Dur\u00e1n<\/a>, refiere que en Redes sociales RRSS \u00a0e internet no sabes qui\u00e9n est\u00e1 detr\u00e1s de la pantalla, \u201cse registran muchos casos de suplantaci\u00f3n de identidad, entonces no sabes si al otro lado el contacto de chat o WhatsApp sea quien dice ser\u201d.<\/p>\n<figure id=\"attachment_588\" aria-describedby=\"caption-attachment-588\" style=\"width: 300px\" class=\"wp-caption alignleft\"><img loading=\"lazy\" decoding=\"async\" class=\"wp-image-588 size-medium\" src=\"https:\/\/fundacionperiodismo.org\/formacion-dual-2019\/wp-content\/uploads\/2019\/03\/Mario-Duran-chiquimia-300x225.jpg\" alt=\"\" width=\"300\" height=\"225\" srcset=\"https:\/\/fundacionperiodismo.org\/formacion-dual-2019\/wp-content\/uploads\/2019\/03\/Mario-Duran-chiquimia-300x225.jpg 300w, https:\/\/fundacionperiodismo.org\/formacion-dual-2019\/wp-content\/uploads\/2019\/03\/Mario-Duran-chiquimia-768x576.jpg 768w, https:\/\/fundacionperiodismo.org\/formacion-dual-2019\/wp-content\/uploads\/2019\/03\/Mario-Duran-chiquimia.jpg 1024w, https:\/\/fundacionperiodismo.org\/formacion-dual-2019\/wp-content\/uploads\/2019\/03\/Mario-Duran-chiquimia-600x450.jpg 600w\" sizes=\"auto, (max-width: 300px) 100vw, 300px\" \/><figcaption id=\"caption-attachment-588\" class=\"wp-caption-text\">Mario Dur\u00e1n-Ciberactivista y experto en RRSS<\/figcaption><\/figure>\n<p>En ambos casos, la v\u00edctima es el ni\u00f1o o adolescente quien est\u00e1 frecuentemente expuesto. Respecto a la pedofilia, muchas veces nos enteramos del hecho cuando ya se cometi\u00f3, tal es el caso en el que se descubri\u00f3 a bolivianos que participaban de una red internacional de distribuci\u00f3n de im\u00e1genes de menores de edad por WhatsApp, comenta Dur\u00e1n, haciendo alusi\u00f3n al operativo <a href=\"https:\/\/social.shorthand.com\/noticiasfides\/j2f3UmkBrNt\/ciberdelitos-sexuales-el-lado-oscuro-de-las-redes-sociales\" target=\"_blank\" rel=\"noopener\">tantalio<\/a>. Hasta el momento no hay la regulaci\u00f3n de contenidos sexuales en Internet.<\/p>\n<p>Las barreras de protecci\u00f3n deben ser desarrolladas por un adulto y transmitirle al menor de edad. A veces por problemas de diferente \u00edndole, incluso ellos suelen ser enga\u00f1ados.<\/p>\n<blockquote><p>\u201cSi a un adulto lo enga\u00f1an, a un ni\u00f1o es mucho m\u00e1s f\u00e1cil\u201d.<\/p><\/blockquote>\n<p>En el internet no se toman las previsiones, al ni\u00f1o le dan un celular, le crean cuentas y aceptan amistades sin saber qui\u00e9n es esa persona y si realmente existe. Si la familia no protege al menor de edad, no se puede esperar que la sociedad lo haga y menos que el estado asuma esa responsabilidad, la primera coraza siempre es la familia, aclara Mario.<\/p>\n<p>&nbsp;<\/p>\n<figure id=\"attachment_589\" aria-describedby=\"caption-attachment-589\" style=\"width: 243px\" class=\"wp-caption alignright\"><img loading=\"lazy\" decoding=\"async\" class=\"wp-image-589\" src=\"https:\/\/fundacionperiodismo.org\/formacion-dual-2019\/wp-content\/uploads\/2019\/03\/melisa06-300x295.png\" alt=\"\" width=\"243\" height=\"239\" srcset=\"https:\/\/fundacionperiodismo.org\/formacion-dual-2019\/wp-content\/uploads\/2019\/03\/melisa06-300x295.png 300w, https:\/\/fundacionperiodismo.org\/formacion-dual-2019\/wp-content\/uploads\/2019\/03\/melisa06.png 455w\" sizes=\"auto, (max-width: 243px) 100vw, 243px\" \/><figcaption id=\"caption-attachment-589\" class=\"wp-caption-text\">Mellisa Ibarra-Activista y \u00abni\u00f1ista\u00bb<\/figcaption><\/figure>\n<p><a href=\"https:\/\/www.facebook.com\/melisa.ibarrarosario.5\" target=\"_blank\" rel=\"noopener\">Mellisa Ibarra<\/a>, activista y autodenominada \u201cni\u00f1ista\u201d, asegura que el mejor mecanismo de seguridad, es la prevenci\u00f3n, informaci\u00f3n y comunicaci\u00f3n que se debe tener con los ni\u00f1os y j\u00f3venes.Establecer reglas de uso, monitorear constantemente con quienes se comunican a trav\u00e9s de redes sociales y no permitir que organicen encuentros con extra\u00f1os.<\/p>\n<p>&nbsp;<\/p>\n<div class=\"infogram-embed\" data-id=\"fc60e089-fea2-40bc-8d49-1567b101e53d\" data-type=\"interactive\" data-title=\"ESTADO DE LA TECNOLOGIA DE INFORMACION Y COMUNICACION\">\n<p>Seg\u00fan el informe sobre el\u00a0<a href=\"https:\/\/agetic.gob.bo\/pdf\/estadotic\/AGETIC-Estado-TIC.pdf\" target=\"_blank\" rel=\"noopener\">Estado de las Tecnolog\u00edas de Informaci\u00f3n y Comunicaci\u00f3n<\/a>\u00a02018, pasamos m\u00e1s tiempo en las redes sociales interactuando con\u00a0 amigos, familia y dem\u00e1s<\/p>\n<p>&nbsp;<\/p>\n<\/div>\n<p><script>!function(e,t,s,i){var n=\"InfogramEmbeds\",o=e.getElementsByTagName(\"script\")[0],d=\/^http:\/.test(e.location)?\"http:\":\"https:\";if(\/^\\\/{2}\/.test(i)&&(i=d+i),window[n]&&window[n].initialized)window[n].process&&window[n].process();else if(!e.getElementById(s)){var r=e.createElement(\"script\");r.async=1,r.id=s,r.src=i,o.parentNode.insertBefore(r,o)}}(document,0,\"infogram-async\",\"https:\/\/e.infogram.com\/js\/dist\/embed-loader-min.js\");<\/script><\/p>\n<div style=\"padding: 8px 0; font-family: Arial!important; font-size: 13px!important; line-height: 15px!important; text-align: center; border-top: 1px solid #dadada; margin: 0 30px;\"><a style=\"color: #989898!important; text-decoration: none!important;\" href=\"https:\/\/infogram.com\/fc60e089-fea2-40bc-8d49-1567b101e53d\" target=\"_blank\" rel=\"noopener\">ESTADO DE LA TECNOLOGIA DE INFORMACION Y COMUNICACION<\/a><br \/>\n<a style=\"color: #989898!important; text-decoration: none!important;\" href=\"https:\/\/infogram.com\" target=\"_blank\" rel=\"nofollow noopener\">Infogram<\/a><\/div>\n<blockquote><p>\u00abEste tema deber\u00eda ser tocado en los colegios para llegar a los padres, porque la familia es la m\u00e1s adecuada para prevenir que se exponga a los menores en redes sociales\u00bb, resalta la activista.<\/p><\/blockquote>\n<p>Mario Dur\u00e1n afirma que en la formaci\u00f3n de los adultos, muchos veces se naturaliza la difusi\u00f3n de contenido sexual explicito, antes por correo, hoy por WhatsApp y otras redes.\u00a0 Se debe establecer en las escuelas mecanismos de ense\u00f1anza, protecci\u00f3n y condena social a quienes cometen este tipo de il\u00edcitos.<\/p>\n<p>Seg\u00fan una declaraci\u00f3n vertida a la<a href=\"https:\/\/www.noticiasfides.com\/\" target=\"_blank\" rel=\"noopener\"> Agencia de Noticias\u00a0 Fides ANF<\/a>, la jefa de la Divisi\u00f3n de Trata y Tr\u00e1fico de Personas de la Fuerza Especial de Lucha Contra el Crimen FELCC, Gabriela Coca, \u00a0inform\u00f3 que a trav\u00e9s del patrullaje cibern\u00e9tico\u00a0se ha constatado que la extorsi\u00f3n en las redes sociales, para obligar a intercambiar mensajes, autoproducir fotos y videos pornogr\u00e1ficos o realizar transmisiones sexuales en vivo, es cada vez m\u00e1s frecuente.<\/p>\n<p>Estas son\u00a0 las redes sociales a las que m\u00e1s accedemos en latinoam\u00e9rica, por lo cual se les debe prestar mayor atenci\u00f3n, seg\u00fan un estudio realizado por\u00a0la asociaci\u00f3n IAB Spain junto a VIKO.<\/p>\n<div style=\"width: 100%;\">\n<div style=\"position: relative; padding-bottom: 50.00%; padding-top: 0; height: 0;\"><iframe loading=\"lazy\" style=\"position: absolute; top: 0; left: 0; width: 100%; height: 100%;\" src=\"https:\/\/view.genial.ly\/5c7f713e7d15495764fd3d00\" width=\"1600px\" height=\"800px\" frameborder=\"0\" scrolling=\"yes\" allowfullscreen=\"allowfullscreen\"><\/iframe><\/div>\n<\/div>\n","protected":false},"excerpt":{"rendered":"<p>EL MEJOR MECANISMO DE SEGURIDAD. \u201cLa familia tiene que ense\u00f1ar a protegerse a los ni\u00f1os de este tipo de delitos\u201d, Mario Dur\u00e1n. &nbsp; &nbsp; WANDA TORRICO\u00a0E. Hoy en d\u00eda todos corremos peligro en las redes sociales, estas no distinguen raza, g\u00e9nero, estado social o econ\u00f3mico. Podemos llegar a ser v\u00edctimas si no las manejamos de forma adecuada y en especial<\/p>\n","protected":false},"author":3,"featured_media":642,"comment_status":"open","ping_status":"open","sticky":false,"template":"","format":"standard","meta":{"footnotes":""},"categories":[58],"tags":[69,70,66,68,67,65,64,71],"class_list":["post-505","post","type-post","status-publish","format-standard","has-post-thumbnail","hentry","category-semana-2-trabajos-finales-reportaje-crossmedia","tag-adolescentes","tag-internet","tag-menores-de-edad","tag-ninas","tag-ninos","tag-pederastia","tag-pedofilia","tag-redes-sociales"],"_links":{"self":[{"href":"https:\/\/fundacionperiodismo.org\/formacion-dual-2019\/wp-json\/wp\/v2\/posts\/505","targetHints":{"allow":["GET"]}}],"collection":[{"href":"https:\/\/fundacionperiodismo.org\/formacion-dual-2019\/wp-json\/wp\/v2\/posts"}],"about":[{"href":"https:\/\/fundacionperiodismo.org\/formacion-dual-2019\/wp-json\/wp\/v2\/types\/post"}],"author":[{"embeddable":true,"href":"https:\/\/fundacionperiodismo.org\/formacion-dual-2019\/wp-json\/wp\/v2\/users\/3"}],"replies":[{"embeddable":true,"href":"https:\/\/fundacionperiodismo.org\/formacion-dual-2019\/wp-json\/wp\/v2\/comments?post=505"}],"version-history":[{"count":37,"href":"https:\/\/fundacionperiodismo.org\/formacion-dual-2019\/wp-json\/wp\/v2\/posts\/505\/revisions"}],"predecessor-version":[{"id":645,"href":"https:\/\/fundacionperiodismo.org\/formacion-dual-2019\/wp-json\/wp\/v2\/posts\/505\/revisions\/645"}],"wp:featuredmedia":[{"embeddable":true,"href":"https:\/\/fundacionperiodismo.org\/formacion-dual-2019\/wp-json\/wp\/v2\/media\/642"}],"wp:attachment":[{"href":"https:\/\/fundacionperiodismo.org\/formacion-dual-2019\/wp-json\/wp\/v2\/media?parent=505"}],"wp:term":[{"taxonomy":"category","embeddable":true,"href":"https:\/\/fundacionperiodismo.org\/formacion-dual-2019\/wp-json\/wp\/v2\/categories?post=505"},{"taxonomy":"post_tag","embeddable":true,"href":"https:\/\/fundacionperiodismo.org\/formacion-dual-2019\/wp-json\/wp\/v2\/tags?post=505"}],"curies":[{"name":"wp","href":"https:\/\/api.w.org\/{rel}","templated":true}]}}