{"id":529,"date":"2019-03-01T15:01:11","date_gmt":"2019-03-01T19:01:11","guid":{"rendered":"https:\/\/fundacionperiodismo.org\/formacion-dual-2019\/?p=529"},"modified":"2019-03-01T19:00:52","modified_gmt":"2019-03-01T23:00:52","slug":"529","status":"publish","type":"post","link":"https:\/\/fundacionperiodismo.org\/formacion-dual-2019\/2019\/03\/01\/529\/","title":{"rendered":""},"content":{"rendered":"<p>Sanjin\u00e9s:<\/p>\n<p>Una vida de pel\u00edcula<br \/>\npor los Derechos Humanos<\/p>\n<p>El consagrado director de cine boliviano, Jorge Sanjin\u00e9s; trangresor, pol\u00e9mico y vital, ha consagrado su carrera cinematogr\u00e1fica a defender los derechos humanos colectivos de los que, a su juicio, deben ser los protagonistas del desarrollo hist\u00f3rico y sociocultural de su pa\u00eds y del continente americano.<\/p>\n<p>En el siguiente trabajo en construcci\u00f3n, desarrollado en formato de mapa interactivo, se pretende rememorar los principales hitos y logros cinematogr\u00e1ficos en la defensa de los derechos humanos de las comunidades originarias de Sudam\u00e9rica y, en consecuencia, los premios que recibi\u00f3 por esta especie de gesta art\u00edstica por los derechos de los menos favorecidos.<\/p>\n","protected":false},"excerpt":{"rendered":"<p>Sanjin\u00e9s: Una vida de pel\u00edcula por los Derechos Humanos El consagrado director de cine boliviano, Jorge Sanjin\u00e9s; trangresor, pol\u00e9mico y vital, ha consagrado su carrera cinematogr\u00e1fica a defender los derechos humanos colectivos de los que, a su juicio, deben ser los protagonistas del desarrollo hist\u00f3rico y sociocultural de su pa\u00eds y del continente americano. En el siguiente trabajo en construcci\u00f3n,<\/p>\n","protected":false},"author":11,"featured_media":0,"comment_status":"open","ping_status":"open","sticky":false,"template":"","format":"standard","meta":{"footnotes":""},"categories":[58],"tags":[],"class_list":["post-529","post","type-post","status-publish","format-standard","hentry","category-semana-2-trabajos-finales-reportaje-crossmedia"],"_links":{"self":[{"href":"https:\/\/fundacionperiodismo.org\/formacion-dual-2019\/wp-json\/wp\/v2\/posts\/529","targetHints":{"allow":["GET"]}}],"collection":[{"href":"https:\/\/fundacionperiodismo.org\/formacion-dual-2019\/wp-json\/wp\/v2\/posts"}],"about":[{"href":"https:\/\/fundacionperiodismo.org\/formacion-dual-2019\/wp-json\/wp\/v2\/types\/post"}],"author":[{"embeddable":true,"href":"https:\/\/fundacionperiodismo.org\/formacion-dual-2019\/wp-json\/wp\/v2\/users\/11"}],"replies":[{"embeddable":true,"href":"https:\/\/fundacionperiodismo.org\/formacion-dual-2019\/wp-json\/wp\/v2\/comments?post=529"}],"version-history":[{"count":3,"href":"https:\/\/fundacionperiodismo.org\/formacion-dual-2019\/wp-json\/wp\/v2\/posts\/529\/revisions"}],"predecessor-version":[{"id":611,"href":"https:\/\/fundacionperiodismo.org\/formacion-dual-2019\/wp-json\/wp\/v2\/posts\/529\/revisions\/611"}],"wp:attachment":[{"href":"https:\/\/fundacionperiodismo.org\/formacion-dual-2019\/wp-json\/wp\/v2\/media?parent=529"}],"wp:term":[{"taxonomy":"category","embeddable":true,"href":"https:\/\/fundacionperiodismo.org\/formacion-dual-2019\/wp-json\/wp\/v2\/categories?post=529"},{"taxonomy":"post_tag","embeddable":true,"href":"https:\/\/fundacionperiodismo.org\/formacion-dual-2019\/wp-json\/wp\/v2\/tags?post=529"}],"curies":[{"name":"wp","href":"https:\/\/api.w.org\/{rel}","templated":true}]}}