{"id":54,"date":"2019-02-26T14:02:29","date_gmt":"2019-02-26T18:02:29","guid":{"rendered":"https:\/\/fundacionperiodismo.org\/formacion-dual-2019\/?p=54"},"modified":"2019-03-02T12:27:34","modified_gmt":"2019-03-02T16:27:34","slug":"salazar-sin-libertad-de-expresion-no-hay-democracia","status":"publish","type":"post","link":"https:\/\/fundacionperiodismo.org\/formacion-dual-2019\/2019\/02\/26\/salazar-sin-libertad-de-expresion-no-hay-democracia\/","title":{"rendered":"Salazar: \u201cSin libertad de expresi\u00f3n no hay democracia\u201d"},"content":{"rendered":"<p><strong>La Paz, 19 de febrero 2019.- <\/strong>\u201cSin libertad de prensa no hay democracia y sin democracia no hay libertad de prensa\u201d asegur\u00f3 este martes en conferencia de prensa el\u00a0 presidente de la\u00a0 Fundaci\u00f3n Para el Periodismo (FPP), Juan Carlos Salazar.<!--more--><\/p>\n<p>El factor principal que atenta contra la libertad de expresi\u00f3n es la presi\u00f3n que ejerce el gobierno mediante la suspensi\u00f3n de publicidad a los medios independientes que son cr\u00edticos,\u00a0 brinda todo el respaldo econ\u00f3mico aquellos que son afines y creando una autocensura en periodistas.<\/p>\n<p>Recomend\u00f3 a las nuevas generaciones de periodistas capacitarse para hacer un periodismo de calidad y\u00a0 nunca renunciar a su papel fiscalizador.<\/p>\n<p>&nbsp;<\/p>\n<p>&nbsp;<\/p>\n","protected":false},"excerpt":{"rendered":"<p>La Paz, 19 de febrero 2019.- \u201cSin libertad de prensa no hay democracia y sin democracia no hay libertad de prensa\u201d asegur\u00f3 este martes en conferencia de prensa el\u00a0 presidente de la\u00a0 Fundaci\u00f3n Para el Periodismo (FPP), Juan Carlos Salazar.<\/p>\n","protected":false},"author":5,"featured_media":73,"comment_status":"open","ping_status":"open","sticky":false,"template":"","format":"standard","meta":{"footnotes":""},"categories":[57],"tags":[2],"class_list":["post-54","post","type-post","status-publish","format-standard","has-post-thumbnail","hentry","category-semana-1-trabajos-finales-redaccion","tag-juan-carlos-salazar"],"_links":{"self":[{"href":"https:\/\/fundacionperiodismo.org\/formacion-dual-2019\/wp-json\/wp\/v2\/posts\/54","targetHints":{"allow":["GET"]}}],"collection":[{"href":"https:\/\/fundacionperiodismo.org\/formacion-dual-2019\/wp-json\/wp\/v2\/posts"}],"about":[{"href":"https:\/\/fundacionperiodismo.org\/formacion-dual-2019\/wp-json\/wp\/v2\/types\/post"}],"author":[{"embeddable":true,"href":"https:\/\/fundacionperiodismo.org\/formacion-dual-2019\/wp-json\/wp\/v2\/users\/5"}],"replies":[{"embeddable":true,"href":"https:\/\/fundacionperiodismo.org\/formacion-dual-2019\/wp-json\/wp\/v2\/comments?post=54"}],"version-history":[{"count":4,"href":"https:\/\/fundacionperiodismo.org\/formacion-dual-2019\/wp-json\/wp\/v2\/posts\/54\/revisions"}],"predecessor-version":[{"id":110,"href":"https:\/\/fundacionperiodismo.org\/formacion-dual-2019\/wp-json\/wp\/v2\/posts\/54\/revisions\/110"}],"wp:featuredmedia":[{"embeddable":true,"href":"https:\/\/fundacionperiodismo.org\/formacion-dual-2019\/wp-json\/wp\/v2\/media\/73"}],"wp:attachment":[{"href":"https:\/\/fundacionperiodismo.org\/formacion-dual-2019\/wp-json\/wp\/v2\/media?parent=54"}],"wp:term":[{"taxonomy":"category","embeddable":true,"href":"https:\/\/fundacionperiodismo.org\/formacion-dual-2019\/wp-json\/wp\/v2\/categories?post=54"},{"taxonomy":"post_tag","embeddable":true,"href":"https:\/\/fundacionperiodismo.org\/formacion-dual-2019\/wp-json\/wp\/v2\/tags?post=54"}],"curies":[{"name":"wp","href":"https:\/\/api.w.org\/{rel}","templated":true}]}}