{"id":683,"date":"2019-03-30T08:44:50","date_gmt":"2019-03-30T12:44:50","guid":{"rendered":"https:\/\/fundacionperiodismo.org\/formacion-dual-2019\/?p=683"},"modified":"2019-03-30T08:44:50","modified_gmt":"2019-03-30T12:44:50","slug":"de-la-pollera-al-overol","status":"publish","type":"post","link":"https:\/\/fundacionperiodismo.org\/formacion-dual-2019\/2019\/03\/30\/de-la-pollera-al-overol\/","title":{"rendered":"De la pollera al overol&#8230;"},"content":{"rendered":"<p>Mar\u00eda Sirpa, desde hace 17 a\u00f1os, cada d\u00eda cambia su pollera\u00a0 por un overol, para barrer las calles de la ciudad de La Paz.<\/p>\n<p>Enfrentandose a grandes peligros uno de ellos, limpiar la v\u00eda, corriendo el riesgo de ser atropellada.<\/p>\n<p><iframe loading=\"lazy\" width=\"910\" height=\"683\" src=\"https:\/\/www.youtube.com\/embed\/n1qdqehlbMI?feature=oembed\" frameborder=\"0\" allow=\"accelerometer; autoplay; encrypted-media; gyroscope; picture-in-picture\" allowfullscreen><\/iframe><\/p>\n","protected":false},"excerpt":{"rendered":"<p>Mar\u00eda Sirpa, desde hace 17 a\u00f1os, cada d\u00eda cambia su pollera\u00a0 por un overol, para barrer las calles de la ciudad de La Paz. Enfrentandose a grandes peligros uno de ellos, limpiar la v\u00eda, corriendo el riesgo de ser atropellada.<\/p>\n","protected":false},"author":13,"featured_media":685,"comment_status":"open","ping_status":"open","sticky":false,"template":"","format":"standard","meta":{"footnotes":""},"categories":[45],"tags":[74,73],"class_list":["post-683","post","type-post","status-publish","format-standard","has-post-thumbnail","hentry","category-trabajos","tag-barrendera","tag-pollera"],"_links":{"self":[{"href":"https:\/\/fundacionperiodismo.org\/formacion-dual-2019\/wp-json\/wp\/v2\/posts\/683","targetHints":{"allow":["GET"]}}],"collection":[{"href":"https:\/\/fundacionperiodismo.org\/formacion-dual-2019\/wp-json\/wp\/v2\/posts"}],"about":[{"href":"https:\/\/fundacionperiodismo.org\/formacion-dual-2019\/wp-json\/wp\/v2\/types\/post"}],"author":[{"embeddable":true,"href":"https:\/\/fundacionperiodismo.org\/formacion-dual-2019\/wp-json\/wp\/v2\/users\/13"}],"replies":[{"embeddable":true,"href":"https:\/\/fundacionperiodismo.org\/formacion-dual-2019\/wp-json\/wp\/v2\/comments?post=683"}],"version-history":[{"count":2,"href":"https:\/\/fundacionperiodismo.org\/formacion-dual-2019\/wp-json\/wp\/v2\/posts\/683\/revisions"}],"predecessor-version":[{"id":698,"href":"https:\/\/fundacionperiodismo.org\/formacion-dual-2019\/wp-json\/wp\/v2\/posts\/683\/revisions\/698"}],"wp:featuredmedia":[{"embeddable":true,"href":"https:\/\/fundacionperiodismo.org\/formacion-dual-2019\/wp-json\/wp\/v2\/media\/685"}],"wp:attachment":[{"href":"https:\/\/fundacionperiodismo.org\/formacion-dual-2019\/wp-json\/wp\/v2\/media?parent=683"}],"wp:term":[{"taxonomy":"category","embeddable":true,"href":"https:\/\/fundacionperiodismo.org\/formacion-dual-2019\/wp-json\/wp\/v2\/categories?post=683"},{"taxonomy":"post_tag","embeddable":true,"href":"https:\/\/fundacionperiodismo.org\/formacion-dual-2019\/wp-json\/wp\/v2\/tags?post=683"}],"curies":[{"name":"wp","href":"https:\/\/api.w.org\/{rel}","templated":true}]}}