{"id":700,"date":"2019-03-30T08:52:23","date_gmt":"2019-03-30T12:52:23","guid":{"rendered":"https:\/\/fundacionperiodismo.org\/formacion-dual-2019\/?p=700"},"modified":"2019-03-30T08:52:23","modified_gmt":"2019-03-30T12:52:23","slug":"con-las-polleras-bien-puestas","status":"publish","type":"post","link":"https:\/\/fundacionperiodismo.org\/formacion-dual-2019\/2019\/03\/30\/con-las-polleras-bien-puestas\/","title":{"rendered":"Con las polleras bien puestas"},"content":{"rendered":"<p><iframe loading=\"lazy\" src=\"https:\/\/www.youtube.com\/embed\/v3lHoX2OhqE\" width=\"560\" height=\"315\" frameborder=\"0\" allowfullscreen=\"allowfullscreen\"><\/iframe>Sufri\u00f3 discriminaci\u00f3n desde muy joven, pero resisti\u00f3 a los perjuicios de su entorno y no claudic\u00f3 en mantener su vestimenta original. Santusa Alejo es una madre aymara, luchadora, que quiere algo m\u00e1s; una profesi\u00f3n para ayudar a sus hermanos de las comunidades pace\u00f1as. <!--more-->Actualmente cursa el segundo semestre de la carrera de Sociolog\u00eda en la UMSA.<\/p>\n","protected":false},"excerpt":{"rendered":"<p>Sufri\u00f3 discriminaci\u00f3n desde muy joven, pero resisti\u00f3 a los perjuicios de su entorno y no claudic\u00f3 en mantener su vestimenta original. Santusa Alejo es una madre aymara, luchadora, que quiere algo m\u00e1s; una profesi\u00f3n para ayudar a sus hermanos de las comunidades pace\u00f1as.<\/p>\n","protected":false},"author":10,"featured_media":0,"comment_status":"open","ping_status":"open","sticky":false,"template":"","format":"standard","meta":{"footnotes":""},"categories":[45],"tags":[],"class_list":["post-700","post","type-post","status-publish","format-standard","hentry","category-trabajos"],"_links":{"self":[{"href":"https:\/\/fundacionperiodismo.org\/formacion-dual-2019\/wp-json\/wp\/v2\/posts\/700","targetHints":{"allow":["GET"]}}],"collection":[{"href":"https:\/\/fundacionperiodismo.org\/formacion-dual-2019\/wp-json\/wp\/v2\/posts"}],"about":[{"href":"https:\/\/fundacionperiodismo.org\/formacion-dual-2019\/wp-json\/wp\/v2\/types\/post"}],"author":[{"embeddable":true,"href":"https:\/\/fundacionperiodismo.org\/formacion-dual-2019\/wp-json\/wp\/v2\/users\/10"}],"replies":[{"embeddable":true,"href":"https:\/\/fundacionperiodismo.org\/formacion-dual-2019\/wp-json\/wp\/v2\/comments?post=700"}],"version-history":[{"count":1,"href":"https:\/\/fundacionperiodismo.org\/formacion-dual-2019\/wp-json\/wp\/v2\/posts\/700\/revisions"}],"predecessor-version":[{"id":704,"href":"https:\/\/fundacionperiodismo.org\/formacion-dual-2019\/wp-json\/wp\/v2\/posts\/700\/revisions\/704"}],"wp:attachment":[{"href":"https:\/\/fundacionperiodismo.org\/formacion-dual-2019\/wp-json\/wp\/v2\/media?parent=700"}],"wp:term":[{"taxonomy":"category","embeddable":true,"href":"https:\/\/fundacionperiodismo.org\/formacion-dual-2019\/wp-json\/wp\/v2\/categories?post=700"},{"taxonomy":"post_tag","embeddable":true,"href":"https:\/\/fundacionperiodismo.org\/formacion-dual-2019\/wp-json\/wp\/v2\/tags?post=700"}],"curies":[{"name":"wp","href":"https:\/\/api.w.org\/{rel}","templated":true}]}}