{"id":712,"date":"2019-03-30T09:27:50","date_gmt":"2019-03-30T13:27:50","guid":{"rendered":"https:\/\/fundacionperiodismo.org\/formacion-dual-2019\/?p=712"},"modified":"2019-03-30T09:50:43","modified_gmt":"2019-03-30T13:50:43","slug":"jess-y-su-desafio-como-mujer","status":"publish","type":"post","link":"https:\/\/fundacionperiodismo.org\/formacion-dual-2019\/2019\/03\/30\/jess-y-su-desafio-como-mujer\/","title":{"rendered":"JESS Y SU DESAF\u00cdO COMO MUJER"},"content":{"rendered":"<p style=\"text-align: center;\"><strong><u>Jess\u00a0 y su desaf\u00edo como mujer<\/u><\/strong><\/p>\n<p>Por: Yaskara y Wanda T.<\/p>\n<p>Son las tres y unos cuantos minutos, seguimos esperando, pero Jess llega retrasada 15 minutos a la plaza Espa\u00f1a, lugar que hab\u00edamos acordado, est\u00e1 sentada bajo el sol con los pies estirados, lleva botines negros de gamuza, un jean celeste, una blusa floreada con un escote que parece haber sido cerrado con un gancho y encima una chompa muy delgada de hilo negro, tiene la cabeza baja vista a su celular, de lejos apenas se le puede ver el rostro, pues est\u00e1 cubierto por su larga cabellera negra. Nos acercamos y ella se pone en pie, es una mujer alta y delgada; saluda de manera cordial y le preguntamos si quer\u00eda ir por un caf\u00e9 o algo para beber, lo piensa un poco y acepta, levanta su mochila azul y entonces nos dirigimos al patio de comidas de aquella plaza para realiza la entrevista. En el camino, se la ve con el celular en la mano derecha, parece que tiene una conversaci\u00f3n importante y est\u00e0 alerta, mientras que en su otra mano se observa una manilla con los colores de la comunidad LGBT (<strong>le<\/strong><strong>sbiana,\u00a0<em>gay<\/em>, bisexual y transg\u00e9nero<\/strong>).<\/p>\n<p>Ese tarde de jueves de marzo de 2019, ya en el lugar le preguntamos que quer\u00eda beber y se muestra indecisa viendo a su alrededor, le proponemos un helado y esta deacuerdo. Cuando estamos para elegir el sabor, desafortunadamente nos dicen que ya no hay helado, entonces Jess r\u00e1pidamente opta por un jugo de maracuy\u00e1 y pedimos una jarra, quiz\u00e1s estaba sedienta por la calor que hac\u00eda esa tarde. Vamos al segundo piso donde hay un parque infantil y mientras sube las gradas lo hace de forma suave, moviendo las caderas como si quisiera lucir su figura. Toma asiento de manera delicada, ah\u00ed vemos de cerca como brilla su maquillaje con una sombra roja en los ojos, las cejas perfiladas, el labial de un tono m\u00e1s oscuro y unas flores rosadas de aretes.<\/p>\n<p>Estamos por empezar la entrevista pero de repente una ni\u00f1a peque\u00f1a se acerca a la mesa y la mira muy curiosa, Jess le sonr\u00ede y le dice \u201centra, entra, nosotras ya somos muy grandes\u201d incentivando a la peque\u00f1a para que juegue en el parque infantil, y despu\u00e9s lanza una carcajada.<\/p>\n<p>Jessica Violeta V\u00e1squez Velarde, (Jess) a sus 29 a\u00f1os es una pace\u00f1a multifac\u00e9tica: es Licenciada en Comunicaci\u00f3n y periodismo, radialista, cineasta, actriz, artista, pintora, poeta, estudio ling\u00fc\u00edstica e idiomas por cuatro a\u00f1os y ahora quiere iniciar arquitectura, parece que para ella el mundo no se acaba. Mientras nos traen el jugo, ella nos revela que combina sus d\u00edas buscando trabajo estable y conducir un programa junto a sus tres compa\u00f1eras desde septiembre del a\u00f1o pasado denominado \u201cLas Intransigentes\u201d abocado a la tem\u00e1tica \u00a0Trans\u00a0 para informar y educar a la poblaci\u00f3n, todos los d\u00edas mi\u00e9rcoles a las 10 de la ma\u00f1ana por Radio Deseo.<\/p>\n<p><img loading=\"lazy\" decoding=\"async\" class=\"alignnone size-medium wp-image-714 aligncenter\" src=\"https:\/\/fundacionperiodismo.org\/formacion-dual-2019\/wp-content\/uploads\/2019\/03\/WhatsApp-Image-2019-03-30-at-09.14.52-1-224x300.jpeg\" alt=\"\" width=\"224\" height=\"300\" srcset=\"https:\/\/fundacionperiodismo.org\/formacion-dual-2019\/wp-content\/uploads\/2019\/03\/WhatsApp-Image-2019-03-30-at-09.14.52-1-224x300.jpeg 224w, https:\/\/fundacionperiodismo.org\/formacion-dual-2019\/wp-content\/uploads\/2019\/03\/WhatsApp-Image-2019-03-30-at-09.14.52-1-768x1027.jpeg 768w, https:\/\/fundacionperiodismo.org\/formacion-dual-2019\/wp-content\/uploads\/2019\/03\/WhatsApp-Image-2019-03-30-at-09.14.52-1-766x1024.jpeg 766w, https:\/\/fundacionperiodismo.org\/formacion-dual-2019\/wp-content\/uploads\/2019\/03\/WhatsApp-Image-2019-03-30-at-09.14.52-1.jpeg 957w\" sizes=\"auto, (max-width: 224px) 100vw, 224px\" \/><\/p>\n<p>Cuando llega nuestra bebida, ella la mira e indica que le hace calor y se saca la chompa, se lleva el pelo hacia atr\u00e1s y pone las manos de manera delicada sobre la mesa. Levanta su vaso y bebe un poco para tomar impulso, para recordar cuando la discriminaron por ser trans en un evento musical, pues ella tocaba el teclado en una banda llamada \u201cSquirt\u201d y ten\u00edan una presentaci\u00f3n hace dos a\u00f1os en Cochabamba, pero durante los d\u00edas previos en la organizaci\u00f3n de este concierto de bandas musicales de mujeres, las organizadoras al ver que Jess no estaba presente dijeron \u201cpor si acaso en este evento no est\u00e1n permitidos penes, o sea que no van a traer ni a sus amiguitos, ni a sus novios, tampoco mujeres Trans\u201d lo cual desencaden\u00f3 molestia \u00a0de las dem\u00e1s integrantes del grupo, la deserci\u00f3n de participar del evento y obviamente la molestia de Jess. Mientras cuenta esto se ve como se le va borrando la sonrisa del rostro por un momento y la frustraci\u00f3n se muestra hasta en el tono de voz, ya no es delicado y sutil, sino es firme y con enojo de por medio.<\/p>\n<p>Hace ocho a\u00f1os ella no habr\u00eda sufrido una situaci\u00f3n similar, cuando tocaba en varias bandas de Rock con algunos compa\u00f1eros de la universidad y luc\u00eda diferente, ten\u00eda el pelo corto, utilizaba ropa de var\u00f3n, y la llamaban Jorge. Para la sociedad a\u00fan es dif\u00edcil aceptar a las mujeres trans, incluso para mi tambi\u00e9n lo fue, pues \u00e9ramos compa\u00f1eras de curso, la conoc\u00ed como un hombre gay y a\u00f1os despu\u00e9s me encontr\u00e9 con una mujer llamada Jess, con un aspecto diferente al que ahora ten\u00eda enfrente, por eso fui sincera con ella y le dije con temor- nose c\u00f3mo llamarte, tratarte \u00bfes transformaci\u00f3n o transici\u00f3n?, quisiera que me entiendas, no quiero cometer errores y ofenderte porque para m\u00ed tambi\u00e9n es dif\u00edcil acostumbrarme- ella toda tranquila y comprensiva me miro y me dijo- es transici\u00f3n, tranquila yo entiendo, ahora soy \u201della\u201d- es ah\u00ed donde pude respirar y sentirme aliviada. Dijo que entiende que la gente no sabe c\u00f3mo tratarla y m\u00e1s cuando no la conocen, pero le molesta que las personas que saben su transici\u00f3n la sigan tratando como \u201c\u00e9l\u201d. Se arregla el pelo y toma otro sorbo para continuar diciendo que pas\u00f3 lo mismo en su entorno familiar, especialmente con sus padres, cuando a\u00fan ten\u00eda que negarse ella misma quien era por miedo a \u201csalir del closet\u201d. A sus siete a\u00f1os recuerda que no pod\u00eda expresarlo, su madre era bastante estricta y dura, la mayor parte de su vida vivi\u00f3 con ella y la golpeaba todos los d\u00edas, casi por cualquier cosa, por no saber amarrarse los zapatos, rayar las paredes o dejar papeles en el piso. Mientras se acaricia el rostro confiesa que lloraba mucho, se sent\u00eda sola\u00a0 y desamparada\u00a0 esperando apoyo de sus padres y compa\u00f1\u00eda en su proceso de auto aceptaci\u00f3n. De pronto suela el celular de Jess y corta la entrevista con una disculpa, coincidentemente es su madre y le contesta:<\/p>\n<p>-Hola. He salido. En la plaza Espa\u00f1a-Y cuelga de manera brusca sin despedirse.<\/p>\n<p>Contin\u00faa la conversaci\u00f3n y recuerda que de peque\u00f1a ella imaginaba que como su madre le ense\u00f1o que los dientes de leche se caen, su \u201cpene\u201d se le caer\u00eda cuando fuese mayor. Con la mirada sombr\u00eda, y el tono de voz en descenso, cuenta que ten\u00eda ocho a\u00f1os, ten\u00eda miedo de hablar, pues un d\u00eda su madre lleg\u00f3 a casa de forma repentina, m\u00e1s antes de lo habitual, mientras Jess se maquillaba a escondidas, de repente su mam\u00e0 ingres\u00f3 a su habitaci\u00f3n y la sorprendi\u00f3. Tal fue la molestia de su madre y la rabia que lo \u00fanico que pudo hacer fue golpearla y llevarla a rastras al ba\u00f1o para lavarle con agua fr\u00eda la cara. Desde ese d\u00eda ella sinti\u00f3 m\u00e1s miedo que nunca y se guard\u00f3 el secreto hasta llegar a la adultez.<\/p>\n<p>En la actualidad y desde el a\u00f1o pasado Jess cuenta muy alegre y emocionada que empez\u00f3 su terapia de reemplazo hormonal y desde entonces siente el apoyo de su madre y le dice \u201cest\u00e1 bien vas a ser mi hija, a ser mujer\u201d, ella le compra ropa, maquillaje, cremas y la aconseja con la complicidad que existe entre madre e hija. Comenz\u00f3 a tener cambios en su cuerpo que antes no sent\u00eda, le crecieron los senos, tiene cambios de humor repentinos, le baj\u00f3 la l\u00edvido pero sus encuentros sexuales son mas placenteros, y asegura que eso la hace muy feliz.<\/p>\n<p>Jess reafirma que es una mujer como cualquier otra,\u00a0 e indica que el hecho que haya sido una mujer Trans, es como si fuese una mujer de color o pobre, pero todos son adjetivos, ella\u00a0 ya cuenta con el carnet de identidad con su nombre actual seg\u00fan indica la ley de identidad de g\u00e9nero en su articulo 8.\u00a0 Pero aun tiene trabas en la universidad para hacer el cambio de nombre en su t\u00edtulo profesional, donde le piden muchos requisitos que implican un costo, pero ella no tiene dinero para cubrirlos.<\/p>\n<p>Muy segura y erguida ella indica que se ve a futuro como una mujer realizada, con una familia, quiere hijos y un esposo, esto lo reafirma a d\u00edas de haberse dado en la ciudad de La Paz una protesta Pro vida y que apoyaba el matrimonio tradicional.<\/p>\n<p>Bebe el \u00faltimo sorbo de su vaso de jugo y se despide de manera amable y agradecida, a\u00fan tiene un camino por recorrer en la vida y tambi\u00e9n ese d\u00eda, pues se dirige a registrar un libro de poemas que escribi\u00f3 junto con otras personas, ahora quiere plasmar su lado po\u00e9tico. Camina ante la mirada de la gente que pasa por su lado curiosa pero ella no presta mas atenci\u00f3n y se va erguida con la mirada al frente.<\/p>\n<p>Esa es Jess, la mujer que vive un desaf\u00edo desde que naci\u00f3 y no piensa parar jam\u00e1s.<\/p>\n","protected":false},"excerpt":{"rendered":"<p>Jess\u00a0 y su desaf\u00edo como mujer Por: Yaskara y Wanda T. Son las tres y unos cuantos minutos, seguimos esperando, pero Jess llega retrasada 15 minutos a la plaza Espa\u00f1a, lugar que hab\u00edamos acordado, est\u00e1 sentada bajo el sol con los pies estirados, lleva botines negros de gamuza, un jean celeste, una blusa floreada con un escote que parece haber<\/p>\n","protected":false},"author":3,"featured_media":717,"comment_status":"open","ping_status":"open","sticky":false,"template":"","format":"standard","meta":{"footnotes":""},"categories":[45],"tags":[],"class_list":["post-712","post","type-post","status-publish","format-standard","has-post-thumbnail","hentry","category-trabajos"],"_links":{"self":[{"href":"https:\/\/fundacionperiodismo.org\/formacion-dual-2019\/wp-json\/wp\/v2\/posts\/712","targetHints":{"allow":["GET"]}}],"collection":[{"href":"https:\/\/fundacionperiodismo.org\/formacion-dual-2019\/wp-json\/wp\/v2\/posts"}],"about":[{"href":"https:\/\/fundacionperiodismo.org\/formacion-dual-2019\/wp-json\/wp\/v2\/types\/post"}],"author":[{"embeddable":true,"href":"https:\/\/fundacionperiodismo.org\/formacion-dual-2019\/wp-json\/wp\/v2\/users\/3"}],"replies":[{"embeddable":true,"href":"https:\/\/fundacionperiodismo.org\/formacion-dual-2019\/wp-json\/wp\/v2\/comments?post=712"}],"version-history":[{"count":4,"href":"https:\/\/fundacionperiodismo.org\/formacion-dual-2019\/wp-json\/wp\/v2\/posts\/712\/revisions"}],"predecessor-version":[{"id":725,"href":"https:\/\/fundacionperiodismo.org\/formacion-dual-2019\/wp-json\/wp\/v2\/posts\/712\/revisions\/725"}],"wp:featuredmedia":[{"embeddable":true,"href":"https:\/\/fundacionperiodismo.org\/formacion-dual-2019\/wp-json\/wp\/v2\/media\/717"}],"wp:attachment":[{"href":"https:\/\/fundacionperiodismo.org\/formacion-dual-2019\/wp-json\/wp\/v2\/media?parent=712"}],"wp:term":[{"taxonomy":"category","embeddable":true,"href":"https:\/\/fundacionperiodismo.org\/formacion-dual-2019\/wp-json\/wp\/v2\/categories?post=712"},{"taxonomy":"post_tag","embeddable":true,"href":"https:\/\/fundacionperiodismo.org\/formacion-dual-2019\/wp-json\/wp\/v2\/tags?post=712"}],"curies":[{"name":"wp","href":"https:\/\/api.w.org\/{rel}","templated":true}]}}