{"id":715,"date":"2019-03-30T09:34:49","date_gmt":"2019-03-30T13:34:49","guid":{"rendered":"https:\/\/fundacionperiodismo.org\/formacion-dual-2019\/?p=715"},"modified":"2019-03-30T11:29:51","modified_gmt":"2019-03-30T15:29:51","slug":"ximena-una-lucha-por-igualdad","status":"publish","type":"post","link":"https:\/\/fundacionperiodismo.org\/formacion-dual-2019\/2019\/03\/30\/ximena-una-lucha-por-igualdad\/","title":{"rendered":"XIMENA: UNA LUCHA POR  IGUALDAD"},"content":{"rendered":"<p>Ximena zuazo, una mujer pace\u00f1a de 44 a\u00f1os, perdi\u00f3 el 85 % de su movilidad f\u00edsica.<\/p>\n<p>A sus 4 a\u00f1os mientras jugaba en un parque cercano a su casa, contrajo el virus encefalitis equina que proviene del olor de las heces de caballo.<\/p>\n<p>Desde entonces sus d\u00edas son de lucha constante\u2026<\/p>\n<p><iframe loading=\"lazy\" src=\"https:\/\/www.youtube.com\/embed\/rb4Sjkvmtfo\" width=\"560\" height=\"315\" frameborder=\"0\" allowfullscreen=\"allowfullscreen\"><\/iframe><\/p>\n<p>&nbsp;<\/p>\n","protected":false},"excerpt":{"rendered":"<p>Ximena zuazo, una mujer pace\u00f1a de 44 a\u00f1os, perdi\u00f3 el 85 % de su movilidad f\u00edsica. A sus 4 a\u00f1os mientras jugaba en un parque cercano a su casa, contrajo el virus encefalitis equina que proviene del olor de las heces de caballo. Desde entonces sus d\u00edas son de lucha constante\u2026 &nbsp;<\/p>\n","protected":false},"author":7,"featured_media":718,"comment_status":"open","ping_status":"open","sticky":false,"template":"","format":"standard","meta":{"footnotes":""},"categories":[45],"tags":[],"class_list":["post-715","post","type-post","status-publish","format-standard","has-post-thumbnail","hentry","category-trabajos"],"_links":{"self":[{"href":"https:\/\/fundacionperiodismo.org\/formacion-dual-2019\/wp-json\/wp\/v2\/posts\/715","targetHints":{"allow":["GET"]}}],"collection":[{"href":"https:\/\/fundacionperiodismo.org\/formacion-dual-2019\/wp-json\/wp\/v2\/posts"}],"about":[{"href":"https:\/\/fundacionperiodismo.org\/formacion-dual-2019\/wp-json\/wp\/v2\/types\/post"}],"author":[{"embeddable":true,"href":"https:\/\/fundacionperiodismo.org\/formacion-dual-2019\/wp-json\/wp\/v2\/users\/7"}],"replies":[{"embeddable":true,"href":"https:\/\/fundacionperiodismo.org\/formacion-dual-2019\/wp-json\/wp\/v2\/comments?post=715"}],"version-history":[{"count":4,"href":"https:\/\/fundacionperiodismo.org\/formacion-dual-2019\/wp-json\/wp\/v2\/posts\/715\/revisions"}],"predecessor-version":[{"id":728,"href":"https:\/\/fundacionperiodismo.org\/formacion-dual-2019\/wp-json\/wp\/v2\/posts\/715\/revisions\/728"}],"wp:featuredmedia":[{"embeddable":true,"href":"https:\/\/fundacionperiodismo.org\/formacion-dual-2019\/wp-json\/wp\/v2\/media\/718"}],"wp:attachment":[{"href":"https:\/\/fundacionperiodismo.org\/formacion-dual-2019\/wp-json\/wp\/v2\/media?parent=715"}],"wp:term":[{"taxonomy":"category","embeddable":true,"href":"https:\/\/fundacionperiodismo.org\/formacion-dual-2019\/wp-json\/wp\/v2\/categories?post=715"},{"taxonomy":"post_tag","embeddable":true,"href":"https:\/\/fundacionperiodismo.org\/formacion-dual-2019\/wp-json\/wp\/v2\/tags?post=715"}],"curies":[{"name":"wp","href":"https:\/\/api.w.org\/{rel}","templated":true}]}}