{"id":745,"date":"2019-05-02T07:47:36","date_gmt":"2019-05-02T11:47:36","guid":{"rendered":"https:\/\/fundacionperiodismo.org\/formacion-dual-2019\/?p=745"},"modified":"2019-05-02T07:47:36","modified_gmt":"2019-05-02T11:47:36","slug":"violencia-economica-la-imposibilidad-de-criar-a-un-hijo-con-una-pension-de-bs-412","status":"publish","type":"post","link":"https:\/\/fundacionperiodismo.org\/formacion-dual-2019\/2019\/05\/02\/violencia-economica-la-imposibilidad-de-criar-a-un-hijo-con-una-pension-de-bs-412\/","title":{"rendered":"Violencia econ\u00f3mica: La imposibilidad de criar a un hijo con una pensi\u00f3n de Bs 412"},"content":{"rendered":"<p>Asistencia familiar en Bolivia<\/p>\n<p><b><i>Las mujeres que decidieron salir de la violencia f\u00edsica o psicol\u00f3gica deben enfrentar el v\u00eda crucis consecuente de la violencia econ\u00f3mica, que los hombres usan para ejercer presiones y chantajes sobre ellas y los hijos y que consiste en limitar los recursos suficientes para que puedan vivir. La organizaci\u00f3n feminista Mujeres Creando trata cada d\u00eda siete casos de violencia machista, de los cuales cuatro son por la falta de pagos de la asistencia familiar. <\/i><\/b><!--more--><\/p>\n<p><span style=\"font-weight: 400;\">\u00c1ngela, una psic\u00f3loga de 30 a\u00f1os, es una de las v\u00edctimas de ese tipo de violencia. En 2015, un juez de Familia del Tribunal Departamental de Justicia de La Paz dict\u00f3 un fallo que orden\u00f3 a su expareja pagar una asistencia econ\u00f3mica mensual de Bs 415 para la manutenci\u00f3n del ni\u00f1o de ambos, de cinco a\u00f1os. Fueron tres bolivianos m\u00e1s de lo que establece el C\u00f3digo de Familia como pensi\u00f3n m\u00ednima para los hijos tras la separaci\u00f3n de los padres. <\/span><\/p>\n<div style=\"width: 100%;\">\n<div style=\"position: relative; padding-bottom: 56.25%; padding-top: 0; height: 0;\"><iframe loading=\"lazy\" style=\"position: absolute; top: 0; left: 0; width: 100%; height: 100%;\" src=\"https:\/\/view.genial.ly\/5cc3cf02decf900f57ed573e\" width=\"1200px\" height=\"675px\" frameborder=\"0\" scrolling=\"yes\" allowfullscreen=\"allowfullscreen\"><\/iframe><\/div>\n<\/div>\n<p>Un c\u00e1lculo realizado con varias madres para esta trabajo period\u00edstico permite constatar que solo en alimentaci\u00f3n, vestimenta, escuela, vivienda y recreaci\u00f3n de un ni\u00f1o se requieren al menos Bs 2.505, una cifra mayor al salario m\u00ednimo nacional establecido en Bs 2.060 (Gesti\u00f3n 2018).<\/p>\n<p>Si hablamos de salud, la consulta m\u00e9dica de control y el dentista son otros de los gastos m\u00e1s frecuentes, suponiendo un costo m\u00ednimo de Bs 350 por mes, si solo se adquieren las vitaminas y medicinas habituales. El monto se incrementa cuando las madres que no poseen un seguro m\u00e9dico llevan a su hijo o hija a un consultorio privado.<\/p>\n<div class=\"infogram-embed\" data-id=\"ad988ad1-b911-4f11-8072-6d4b5fe7d406\" data-type=\"interactive\" data-title=\"3\"><\/div>\n<p><script>!function(e,t,s,i){var n=\"InfogramEmbeds\",o=e.getElementsByTagName(\"script\")[0],d=\/^http:\/.test(e.location)?\"http:\":\"https:\";if(\/^\\\/{2}\/.test(i)&&(i=d+i),window[n]&&window[n].initialized)window[n].process&&window[n].process();else if(!e.getElementById(s)){var r=e.createElement(\"script\");r.async=1,r.id=s,r.src=i,o.parentNode.insertBefore(r,o)}}(document,0,\"infogram-async\",\"https:\/\/e.infogram.com\/js\/dist\/embed-loader-min.js\");<\/script><\/p>\n<div style=\"padding: 8px 0; font-family: Arial!important; font-size: 13px!important; line-height: 15px!important; text-align: center; border-top: 1px solid #dadada; margin: 0 30px;\"><a style=\"color: #989898!important; text-decoration: none!important;\" href=\"https:\/\/infogram.com\/ad988ad1-b911-4f11-8072-6d4b5fe7d406\" target=\"_blank\" rel=\"noopener\">3<\/a><br \/>\n<a style=\"color: #989898!important; text-decoration: none!important;\" href=\"https:\/\/infogram.com\" target=\"_blank\" rel=\"nofollow noopener\">Infogram<\/a><\/div>\n<p>Lo m\u00e1s alarmante es que los Bs 2.505 que se reflejan en los gastos prioritarios, mencionados en la infograf\u00eda, no llega a cubrir las necesidades b\u00e1sicas establecidas por la Organizaci\u00f3n de las Naciones Unidades para la Alimentaci\u00f3n y la Agricultura (FAO) sobre la alimentaci\u00f3n que debe tener un ni\u00f1o, adolescente o joven, porque necesitan una buena dieta para crecer, desarrollarse, protegerse de las enfermedades y tener la energ\u00eda para estudiar, aprender y ser f\u00edsicamente activos.<\/p>\n<div style=\"width: 100%;\">\n<div style=\"position: relative; padding-bottom: 56.25%; padding-top: 0; height: 0;\"><iframe loading=\"lazy\" style=\"position: absolute; top: 0; left: 0; width: 100%; height: 100%;\" src=\"https:\/\/view.genial.ly\/5cc5a643decf900f57eee9e4\" width=\"1200px\" height=\"675px\" frameborder=\"0\" scrolling=\"yes\" allowfullscreen=\"allowfullscreen\"><\/iframe><\/div>\n<\/div>\n<p>El pago de la asistencia familiar se calcula en base a seis variables que establece el C\u00f3digo de las Familias, que reflejar\u00edan las necesidades del menor en alimentaci\u00f3n, educaci\u00f3n, salud, recreaci\u00f3n, vestimenta y vivienda, pero que se ajusta solo como un equivalente al 20% del salario m\u00ednimo nacional, llegando en 2108 a Bs 412.\u00a0 La cifra sube de acuerdo al incremento del salarial m\u00ednimo anual. \u00bfEsto es suficiente? Para la\u00a0abogada de familia Nataly Z\u00fa\u00f1iga ese porcentaje es una referencia y no una regla, porque cada caso es valorado de acuerdo a la cantidad de hijos y el oficio del progenitor.<\/p>\n<div style=\"width: 100%;\">\n<div style=\"position: relative; padding-bottom: 56.25%; padding-top: 0; height: 0;\"><iframe loading=\"lazy\" style=\"position: absolute; top: 0; left: 0; width: 100%; height: 100%;\" src=\"https:\/\/view.genial.ly\/5cc36fd0decf900f57ed223d\" width=\"1200px\" height=\"675px\" frameborder=\"0\" scrolling=\"yes\" allowfullscreen=\"allowfullscreen\"><\/iframe><\/div>\n<\/div>\n<p>Hasta los 24 a\u00f1os, el desembolso de dinero de los padres para un hijo que tuvo educaci\u00f3n en establecimientos p\u00fablicos, super\u00f3 a Bs 253 mil y si la educaci\u00f3n fue en instituciones privadas superar\u00eda los Bs 619 mil,\u00a0<span style=\"font-weight: 400;\">seg\u00fan una publicaci\u00f3n de la Fundaci\u00f3n para el Periodismo<\/span> (ver detalle en la infograf\u00eda)<\/p>\n<div class=\"infogram-embed\" data-id=\"8fe5f7e8-9dbb-4fe5-aef3-e5016f5c159d\" data-type=\"interactive\" data-title=\"4\"><\/div>\n<p><script>!function(e,t,s,i){var n=\"InfogramEmbeds\",o=e.getElementsByTagName(\"script\")[0],d=\/^http:\/.test(e.location)?\"http:\":\"https:\";if(\/^\\\/{2}\/.test(i)&&(i=d+i),window[n]&&window[n].initialized)window[n].process&&window[n].process();else if(!e.getElementById(s)){var r=e.createElement(\"script\");r.async=1,r.id=s,r.src=i,o.parentNode.insertBefore(r,o)}}(document,0,\"infogram-async\",\"https:\/\/e.infogram.com\/js\/dist\/embed-loader-min.js\");<\/script><\/p>\n<div style=\"padding: 8px 0; font-family: Arial!important; font-size: 13px!important; line-height: 15px!important; text-align: center; border-top: 1px solid #dadada; margin: 0 30px;\"><a style=\"color: #989898!important; text-decoration: none!important;\" href=\"https:\/\/infogram.com\/8fe5f7e8-9dbb-4fe5-aef3-e5016f5c159d\" target=\"_blank\" rel=\"noopener\">4<\/a><br \/>\n<a style=\"color: #989898!important; text-decoration: none!important;\" href=\"https:\/\/infogram.com\" target=\"_blank\" rel=\"nofollow noopener\">Infogram<\/a><\/div>\n<p>\u00c1ngela, que prefiere un relato an\u00f3nimo por temor, afirma que tuvo que trabajar horas extras para poder cubrir todos los gastos de sus hijo, sin embargo recuerda que hay otras mujeres en situaci\u00f3n m\u00e1s cr\u00edtica ante la violencia econ\u00f3mica que ejercen sus exparejas tras la separaci\u00f3n.<\/p>\n<div style=\"width: 100%;\">\n<div style=\"position: relative; padding-bottom: 56.25%; padding-top: 0; height: 0;\"><iframe loading=\"lazy\" style=\"position: absolute; top: 0; left: 0; width: 100%; height: 100%;\" src=\"https:\/\/view.genial.ly\/5cc3d4dcdb97e30f5d50b060\" width=\"1200px\" height=\"675px\" frameborder=\"0\" scrolling=\"yes\" allowfullscreen=\"allowfullscreen\"><\/iframe><\/div>\n<\/div>\n<p>Paola Guti\u00e9rrez, trabajadora social, de Mujeres Creando asegura que la pensi\u00f3n no es una limosna, \u201cpara ellas es importante conseguir la asistencia familiar y resolver con el padre cu\u00e1nto, c\u00f3mo y d\u00f3nde se pagar\u00e1 y en muchos casos la asistencia familiar m\u00ednima es insuficiente para cubrir las necesidades b\u00e1sicas de un menor\u00bb.<\/p>\n<p>El a\u00f1o 2018 recibieron 2.250 denuncias de mujeres buscando asesoramiento, son\u00a0madres que van en muchos casos con sus ni\u00f1os en brazos a solicitar asesoramiento para exigir a sus exparejas una asistencia familiar. La mayor\u00eda de las mujeres que tienen uno o m\u00e1s peque\u00f1os a su cuidado se quiebran en llanto al contar sus historias que van desde humillaciones, abandono, infidelidades hasta agresiones f\u00edsicas.<\/p>\n<div style=\"width: 100%;\">\n<div style=\"position: relative; padding-bottom: 56.25%; padding-top: 0; height: 0;\"><iframe loading=\"lazy\" style=\"position: absolute; top: 0; left: 0; width: 100%; height: 100%;\" src=\"https:\/\/view.genial.ly\/5cc3d7b9db97e30f5d50b3ae\" width=\"1200px\" height=\"675px\" frameborder=\"0\" scrolling=\"yes\" allowfullscreen=\"allowfullscreen\"><\/iframe><\/div>\n<\/div>\n<p>La Ley integral para garantizar a las mujeres una vida libre de violencia, conocida como Ley 348, establece 16 formas de violencia, entre ellas \u00abla violencia econ\u00f3mica que se refiere al poder que se ejerce contra las mujeres para hacerlas dependientes econ\u00f3micamente de los hombres; cuando se controla o limita sus ingresos econ\u00f3micos y la disposici\u00f3n de los mismos, o cuando se las priva de los medios indispensables para vivir\u00bb. Tambi\u00e9n se\u00f1ala la sanci\u00f3n que se aplica.<\/p>\n<div style=\"width: 100%;\">\n<div style=\"position: relative; padding-bottom: 56.25%; padding-top: 0; height: 0;\"><iframe loading=\"lazy\" style=\"position: absolute; top: 0; left: 0; width: 100%; height: 100%;\" src=\"https:\/\/view.genial.ly\/5cc5acf27f316b0f70db1b71\" width=\"1200px\" height=\"675px\" frameborder=\"0\" scrolling=\"yes\" allowfullscreen=\"allowfullscreen\"><\/iframe><\/div>\n<\/div>\n<p>La igualdad de g\u00e9nero y poner fin a todas las formas de discriminaci\u00f3n contra las mujeres y ni\u00f1as es la quinta meta de los Objetivos de Desarrollo Sostenible de la Organizaci\u00f3n de Naciones Unidas, de la que Bolivia es signataria. El pa\u00eds debe adoptar y fortalecer pol\u00edticas firmes y promulgar leyes rigurosas para promover la igualdad entre los g\u00e9neros y el empoderamiento de las mujeres y las ni\u00f1as a todos los niveles.<\/p>\n<p><strong>FIJAR\u00c1N ASISTENCIA PROVISIONAL<\/strong><\/p>\n<p>Al menos 25 medidas nuevas de protecci\u00f3n inmediata se establecieron en la Ley de Abreviaci\u00f3n Procesal Penal y de Fortalecimiento de la Lucha Integral contra la Violencia a Ni\u00f1as, Ni\u00f1os, Adolescentes y Mujeres, sancionada recientemente por la Asamblea Legislativa. Entre esas medidas, est\u00e1 la fijaci\u00f3n de una asistencia familiar provisional para ampliar la protecci\u00f3n a quienes son v\u00edctimas de violencia econ\u00f3mica, seg\u00fan explica la presidenta de la C\u00e1mara de Senadores, Adriana Salvatierra.<\/p>\n<p>&nbsp;<\/p>\n<div style=\"width: 100%;\">\n<div style=\"position: relative; padding-bottom: 56.25%; padding-top: 0; height: 0;\"><iframe loading=\"lazy\" style=\"position: absolute; top: 0; left: 0; width: 100%; height: 100%;\" src=\"https:\/\/view.genial.ly\/5cc3273d7f316b0f70d85ed2\" width=\"1200px\" height=\"675px\" frameborder=\"0\" scrolling=\"yes\" allowfullscreen=\"allowfullscreen\"><\/iframe><\/div>\n<\/div>\n<p>Las nuevas medidas tambi\u00e9n proh\u00edben la revictimizaci\u00f3n y la aplicaci\u00f3n de un procedimiento especial para casos de violencia que incluyen medidas de protecci\u00f3n inmediata, procedimientos especiales y ampliaci\u00f3n de competencias para los juzgados, entre otras.<\/p>\n<p>En Am\u00e9rica Latina la situaci\u00f3n no es distinta, sobre todo en los pa\u00edses que limitan con Bolivia, donde los porcentajes para otorgar asistencia familiar rondan entre el 20 y el 40 % del salario m\u00ednimo de cada pa\u00eds. Por ejemplo, las normas en Chile dan a la mujer y al hijo mayor protecci\u00f3n y mejores oportunidades, como lo refleja la siguiente gr\u00e1fica. (Dar clic en cada pa\u00eds para ver los valores)<\/p>\n<div style=\"width: 100%;\">\n<div style=\"position: relative; padding-bottom: 56.25%; padding-top: 0; height: 0;\"><iframe loading=\"lazy\" style=\"position: absolute; top: 0; left: 0; width: 100%; height: 100%;\" src=\"https:\/\/view.genial.ly\/5cc3319cdb97e30f5d4fce53\" width=\"1200px\" height=\"675px\" frameborder=\"0\" scrolling=\"yes\" allowfullscreen=\"allowfullscreen\"><\/iframe><\/div>\n<\/div>\n<p>Finalmente, el derecho a la asistencia familiar no prescribe, el\u00a0incumplimiento en el pago tiene penas de c\u00e1rcel, de hasta de cuatro a\u00f1os, seg\u00fan la legislaci\u00f3n de varios pa\u00edses de Sudam\u00e9rica y Europa.<\/p>\n","protected":false},"excerpt":{"rendered":"<p>Asistencia familiar en Bolivia Las mujeres que decidieron salir de la violencia f\u00edsica o psicol\u00f3gica deben enfrentar el v\u00eda crucis consecuente de la violencia econ\u00f3mica, que los hombres usan para ejercer presiones y chantajes sobre ellas y los hijos y que consiste en limitar los recursos suficientes para que puedan vivir. La organizaci\u00f3n feminista Mujeres Creando trata cada d\u00eda siete<\/p>\n","protected":false},"author":14,"featured_media":872,"comment_status":"open","ping_status":"open","sticky":false,"template":"","format":"standard","meta":{"footnotes":""},"categories":[45],"tags":[],"class_list":["post-745","post","type-post","status-publish","format-standard","has-post-thumbnail","hentry","category-trabajos"],"_links":{"self":[{"href":"https:\/\/fundacionperiodismo.org\/formacion-dual-2019\/wp-json\/wp\/v2\/posts\/745","targetHints":{"allow":["GET"]}}],"collection":[{"href":"https:\/\/fundacionperiodismo.org\/formacion-dual-2019\/wp-json\/wp\/v2\/posts"}],"about":[{"href":"https:\/\/fundacionperiodismo.org\/formacion-dual-2019\/wp-json\/wp\/v2\/types\/post"}],"author":[{"embeddable":true,"href":"https:\/\/fundacionperiodismo.org\/formacion-dual-2019\/wp-json\/wp\/v2\/users\/14"}],"replies":[{"embeddable":true,"href":"https:\/\/fundacionperiodismo.org\/formacion-dual-2019\/wp-json\/wp\/v2\/comments?post=745"}],"version-history":[{"count":45,"href":"https:\/\/fundacionperiodismo.org\/formacion-dual-2019\/wp-json\/wp\/v2\/posts\/745\/revisions"}],"predecessor-version":[{"id":871,"href":"https:\/\/fundacionperiodismo.org\/formacion-dual-2019\/wp-json\/wp\/v2\/posts\/745\/revisions\/871"}],"wp:featuredmedia":[{"embeddable":true,"href":"https:\/\/fundacionperiodismo.org\/formacion-dual-2019\/wp-json\/wp\/v2\/media\/872"}],"wp:attachment":[{"href":"https:\/\/fundacionperiodismo.org\/formacion-dual-2019\/wp-json\/wp\/v2\/media?parent=745"}],"wp:term":[{"taxonomy":"category","embeddable":true,"href":"https:\/\/fundacionperiodismo.org\/formacion-dual-2019\/wp-json\/wp\/v2\/categories?post=745"},{"taxonomy":"post_tag","embeddable":true,"href":"https:\/\/fundacionperiodismo.org\/formacion-dual-2019\/wp-json\/wp\/v2\/tags?post=745"}],"curies":[{"name":"wp","href":"https:\/\/api.w.org\/{rel}","templated":true}]}}