{"id":760,"date":"2019-04-30T12:52:02","date_gmt":"2019-04-30T16:52:02","guid":{"rendered":"https:\/\/fundacionperiodismo.org\/formacion-dual-2019\/?p=760"},"modified":"2019-04-30T16:30:52","modified_gmt":"2019-04-30T20:30:52","slug":"agua-potable-los-partidos-politicos-la-tienen-clara","status":"publish","type":"post","link":"https:\/\/fundacionperiodismo.org\/formacion-dual-2019\/2019\/04\/30\/agua-potable-los-partidos-politicos-la-tienen-clara\/","title":{"rendered":"Agua potable: los partidos pol\u00edticos, \u00bfla tienen clara?"},"content":{"rendered":"<p>Al menos un 86 % de la poblaci\u00f3n boliviana abre el grifo y tiene agua, pero no es clara ni pura. Estudios revelan que el l\u00edquido no es apto para consumo y la gente teme beberla sin hervir. Pese a ello, los partidos pol\u00edticos no toman como prioridad la mejora de su calidad en sus programas electorales frente a las elecciones nacionales de esta gesti\u00f3n.<\/p>\n<p><!--more--><\/p>\n<p>Un sondeo realizado a un grupo de personas de La Paz muestra la preocupaci\u00f3n de la gente. Mientras, miembros de partidos se\u00f1alaron que se trata de una prioridad, pero esto no se refleja en su programa de gobierno.<\/p>\n<p><iframe loading=\"lazy\" src=\"https:\/\/www.youtube.com\/embed\/dcMamvltY7g\" width=\"560\" height=\"315\" frameborder=\"0\" allowfullscreen=\"allowfullscreen\"><\/iframe><\/p>\n<p>\u201cDesconf\u00edo. Prefiero hacerla hervir y ponerla en botellas de vidrio\u201d, \u201chay susceptibilidad, pero la sed te obliga a tomar agua del grifo\u201d, comentaron personas consultadas.<\/p>\n<p>El hecho es de preocupaci\u00f3n para la poblaci\u00f3n, pero dos de las tres agrupaciones pol\u00edticas que lideran las encuestas s\u00f3lo mencionan la cobertura y no as\u00ed la calidad del l\u00edquido.<\/p>\n<p>El tema suele entrar en agenda pol\u00edtica s\u00f3lo cuando se tienen crisis como la ocurrida en 2016. La falta de agua le cost\u00f3 el cargo a la exministra de Medio Ambiente y Agua, Alexandra Moreira. Mientras en Cochabamba se tuvo la denominada Guerra del Agua en 1999 por el intento del Gobierno de privatizar este recurso.<\/p>\n<p>En la actualidad, a pocos meses de las elecciones nacionales de octubre, la agenda 2020 \u2013 2025 del Movimiento Al Socialismo (MAS), muestra su preocupaci\u00f3n en la cobertura. Se trata del segundo pilar de 13 que contiene el plan. \u201cLa socializaci\u00f3n y universalizaci\u00f3n de los servicios b\u00e1sicos con soberan\u00eda para vivir bien\u201d.<\/p>\n<p><img loading=\"lazy\" decoding=\"async\" class=\"wp-image-824 aligncenter\" src=\"https:\/\/fundacionperiodismo.org\/formacion-dual-2019\/wp-content\/uploads\/2019\/04\/WhatsApp-Image-2019-04-29-at-14.02.33-714x1024.jpeg\" alt=\"\" width=\"354\" height=\"507\" srcset=\"https:\/\/fundacionperiodismo.org\/formacion-dual-2019\/wp-content\/uploads\/2019\/04\/WhatsApp-Image-2019-04-29-at-14.02.33-714x1024.jpeg 714w, https:\/\/fundacionperiodismo.org\/formacion-dual-2019\/wp-content\/uploads\/2019\/04\/WhatsApp-Image-2019-04-29-at-14.02.33-209x300.jpeg 209w, https:\/\/fundacionperiodismo.org\/formacion-dual-2019\/wp-content\/uploads\/2019\/04\/WhatsApp-Image-2019-04-29-at-14.02.33-768x1102.jpeg 768w, https:\/\/fundacionperiodismo.org\/formacion-dual-2019\/wp-content\/uploads\/2019\/04\/WhatsApp-Image-2019-04-29-at-14.02.33.jpeg 892w\" sizes=\"auto, (max-width: 354px) 100vw, 354px\" \/><\/p>\n<p>Foto: Imagen de la portada de la agenda 2025 del Movimiento Al Socialismo.<\/p>\n<p>El documento indica que se trata de un derecho humano expresado en la Constituci\u00f3n Pol\u00edtica del Estado. No puede ser privatizado, ni generar lucro o ganancias privadas. \u201cEs obligaci\u00f3n del Estado (\u2026) garantizar el pleno acceso a estos servicios en condiciones equitativas\u201d.<\/p>\n<p>Es as\u00ed que la meta es: \u201cel 100 % de las bolivianas y los bolivianos cuenten con servicios de agua potable y alcantarillado sanitario\u201d, se\u00f1ala el programa. Pero no detalla sobre la calidad.<\/p>\n<p><img loading=\"lazy\" decoding=\"async\" class=\"aligncenter wp-image-825 \" src=\"https:\/\/fundacionperiodismo.org\/formacion-dual-2019\/wp-content\/uploads\/2019\/04\/WhatsApp-Image-2019-04-29-at-14.02.58-1024x935.jpeg\" alt=\"\" width=\"666\" height=\"609\" srcset=\"https:\/\/fundacionperiodismo.org\/formacion-dual-2019\/wp-content\/uploads\/2019\/04\/WhatsApp-Image-2019-04-29-at-14.02.58-1024x935.jpeg 1024w, https:\/\/fundacionperiodismo.org\/formacion-dual-2019\/wp-content\/uploads\/2019\/04\/WhatsApp-Image-2019-04-29-at-14.02.58-300x274.jpeg 300w, https:\/\/fundacionperiodismo.org\/formacion-dual-2019\/wp-content\/uploads\/2019\/04\/WhatsApp-Image-2019-04-29-at-14.02.58-768x701.jpeg 768w, https:\/\/fundacionperiodismo.org\/formacion-dual-2019\/wp-content\/uploads\/2019\/04\/WhatsApp-Image-2019-04-29-at-14.02.58.jpeg 1080w\" sizes=\"auto, (max-width: 666px) 100vw, 666px\" \/><\/p>\n<p>Foto: Captura del segundo pilar donde se explica la cobertura de agua potable que tiene programado el Movimiento Al Socialismo (MAS)<\/p>\n<p>Seg\u00fan el ministro de Medio Ambiente y Agua (MMAyA), Carlos Ortu\u00f1o, la cobertura de agua potable se acerca al 90 por ciento en todo el pa\u00eds. Mientras en saneamiento b\u00e1sico est\u00e1 en un 59 por ciento.<\/p>\n<p>Pese a las insistentes llamadas a parlamentarios del MAS, prefirieron no brindar declaraciones alegando desconocer el tema o no ser de su especialidad.<\/p>\n<p>La activista ambiental y periodista especializada, M\u00f3nica Oblitas, cuestiona estos datos. Se\u00f1ala que la cobertura, de manera extraoficial, es de un 80 por ciento. En casos como El Alto, la cifra se reduce a un 60 por ciento.<\/p>\n<p>La situaci\u00f3n es similar en otras ciudades del pa\u00eds como Cochabamba. La cobertura en la capital es del 60 por ciento, mientras el 40 por ciento debe abastecerse de cisternas, pozos o sistemas comunales.<\/p>\n<p>Comunidad Ciudadana, con el candidato Carlos Mesa, es la segunda organizaci\u00f3n pol\u00edtica que lidera las encuestas. La vocera, Paola Cortez, manifest\u00f3 la importancia del agua dentro de su plan de gobierno.<\/p>\n<h3><iframe loading=\"lazy\" src=\"https:\/\/w.soundcloud.com\/player\/?url=https%3A\/\/api.soundcloud.com\/tracks\/613601631&amp;color=%23ff5500&amp;auto_play=false&amp;hide_related=false&amp;show_comments=true&amp;show_user=true&amp;show_reposts=false&amp;show_teaser=true&amp;visual=true\" width=\"100%\" height=\"300\" frameborder=\"no\" scrolling=\"no\"><\/iframe><\/h3>\n<p>Esta agrupaci\u00f3n a\u00fan no cuenta con un programa de gobierno. Cortez explic\u00f3 que se encuentran en di\u00e1logos ciudadanos para su elaboraci\u00f3n.<\/p>\n<p>El estudio \u201cAgua y miner\u00eda en Bolivia \u00bfriesgos lejanos? El caso de la provisi\u00f3n de agua para consumo dom\u00e9stico en la ciudad de La Paz\u201d realizado por el investigador \u00d3scar Campanini detalla la situaci\u00f3n de la calidad del recurso. Su principal conclusi\u00f3n es que existe carga de metales pesados y heces fecales que contaminan los acu\u00edferos.<\/p>\n<p>\u201cLa simple remoci\u00f3n de material o los pasivos ambientales que deja la miner\u00eda constituye uno de los principales problemas\u201d, indica el documento.<\/p>\n<p>Seg\u00fan el estudio, la laguna Jakqo Chota y la represa Milluni son las que sufren a causa de las minas alrededor. Estos dos espejos de agua dotan agua al centro y norte de La Paz, pero sufren por el drenaje \u00e1cido.<\/p>\n<p>El documento identific\u00f3 sedimentos de casiterita, pirita, cuarzo, cadmio, zinc, ars\u00e9nico, entre otros metales pesados. Los metales se encuentran por encima de los niveles permitidos. Pese al tratamiento, a\u00fan \u201cse mantienen altos niveles de hierro, zinc y manganeso\u201d, detalla.<\/p>\n<p>La Contralor\u00eda General del Estado realiz\u00f3 una auditor\u00eda en 2002. No obstante la situaci\u00f3n no cambi\u00f3 de manera significativa como evidencia el estudio.<\/p>\n<p>Bolivia Dice No, a la cabeza de su candidato \u00d3scar Ortiz, introduce la problem\u00e1tica del agua junto a otros servicios b\u00e1sicos en el plan de gobierno. El diputado Dem\u00f3crata, parte de esta agrupaci\u00f3n, Gonzalo Barrientos, observ\u00f3 que se trata de un trabajo necesario en todo el pa\u00eds.<\/p>\n<h3><iframe loading=\"lazy\" src=\"https:\/\/w.soundcloud.com\/player\/?url=https%3A\/\/api.soundcloud.com\/tracks\/613597311&amp;color=%23ff5500&amp;auto_play=false&amp;hide_related=false&amp;show_comments=true&amp;show_user=true&amp;show_reposts=false&amp;show_teaser=true&amp;visual=true\" width=\"100%\" height=\"300\" frameborder=\"no\" scrolling=\"no\"><\/iframe><\/h3>\n<p>En la agenda del partido se habla de agua dentro del plan tres denominado Bolivia Igualitaria. El eje uno expresa la necesidad de implementar grandes sistemas de servicio p\u00fablicos de calidad.<\/p>\n<p>\u201cBolivia, en su lucha contra la pobreza extrema, necesita un plan para hacer llegar a todos los ciudadanos del pa\u00eds los servicios b\u00e1sicos (energ\u00eda, agua y caminos) para el desarrollo humano\u201d, indica el documento.<\/p>\n<p>Los pol\u00edticos expresan importancia sobre el tema del agua, pero los programas de gobierno s\u00f3lo reflejan prioridad por lograr la mayor cobertura. Este aspecto es recogido por un docente de la Universidad Mayor de San Andr\u00e9s, Jhonns Uribe, \u201ceste tema se est\u00e1 tomando a la ligera por las autoridades gubernamentales, no hay una cultura ambiental y tampoco un manejo adecuado\u201d.<\/p>\n<p>De igual modo, Oblitas cuestiona los planteamientos pol\u00edticos sobre el tema. \u201cYo no he escuchado que ning\u00fan pol\u00edtico se refiera al tema del agua dentro de sus propuestas electorales y planes de gobierno (\u2026) Nadie ha dicho yo voy a ser tal represa o voy a crear tal instituto de cuidado del agua, no hay propuestas, espero equivocarme\u201d, dijo.<\/p>\n<p>La calidad del agua tambi\u00e9n es un problema de salud p\u00fablica. Conozca las enfermedades que pueden generarse.<\/p>\n<div style=\"width: 100%;\">\n<div style=\"position: relative; padding-bottom: 60.53%; padding-top: 0; height: 0;\"><iframe loading=\"lazy\" style=\"position: absolute; top: 0; left: 0; width: 100%; height: 100%;\" src=\"https:\/\/view.genial.ly\/5cc4570fdb97e30f5d511bcd\" width=\"1026px\" height=\"621px\" frameborder=\"0\" scrolling=\"yes\" allowfullscreen=\"allowfullscreen\"><\/iframe><\/div>\n<\/div>\n<p>&nbsp;<\/p>\n<h2><strong>ODS<\/strong><\/h2>\n<p>El acceso universal al agua potable, saneamiento e higiene en condiciones seguras es el sexto de los 17 Objetivos de Desarrollo Humano de las Naciones Unidas. Un documento que recoge la situaci\u00f3n en diferentes pa\u00edses revela diferentes cifras a nivel mundial:<\/p>\n<ul>\n<li>844 millones de personas carecen de servicios b\u00e1sicos de abastecimiento de agua, y 2.100 millones no disponen de servicios de agua potable gestionados de manera segura.<\/li>\n<li>2.300 millones de personas no cuentan con servicios b\u00e1sicos de saneamiento, 892 millones defecan al aire libre y 4.500 millones carecen de servicios de saneamiento gestionados de forma segura.<\/li>\n<li>La contaminaci\u00f3n del agua dulce es generalizada y est\u00e1 aumentando en muchas regiones del planeta.<\/li>\n<\/ul>\n<div class=\"infogram-embed\" data-id=\"4897b2f7-8058-455f-b166-cd802f88bd3d\" data-type=\"interactive\" data-title=\"A\"><\/div>\n<p><script>!function(e,t,s,i){var n=\"InfogramEmbeds\",o=e.getElementsByTagName(\"script\")[0],d=\/^http:\/.test(e.location)?\"http:\":\"https:\";if(\/^\\\/{2}\/.test(i)&&(i=d+i),window[n]&&window[n].initialized)window[n].process&&window[n].process();else if(!e.getElementById(s)){var r=e.createElement(\"script\");r.async=1,r.id=s,r.src=i,o.parentNode.insertBefore(r,o)}}(document,0,\"infogram-async\",\"https:\/\/e.infogram.com\/js\/dist\/embed-loader-min.js\");<\/script><\/p>\n<div style=\"padding: 8px 0; font-family: Arial!important; font-size: 13px!important; line-height: 15px!important; text-align: center; border-top: 1px solid #dadada; margin: 0 30px;\"><a style=\"color: #989898!important; text-decoration: none!important;\" href=\"https:\/\/infogram.com\/4897b2f7-8058-455f-b166-cd802f88bd3d\" target=\"_blank\" rel=\"noopener\">A<\/a><br \/>\n<a style=\"color: #989898!important; text-decoration: none!important;\" href=\"https:\/\/infogram.com\" target=\"_blank\" rel=\"nofollow noopener\">Infogram<\/a><\/div>\n<p>&nbsp;<\/p>\n<p>&nbsp;<\/p>\n<h2><strong>Crisis<\/strong><\/h2>\n<p>El agua es uno de los temas m\u00e1s delicados para La Paz y el pa\u00eds. En 2016 se vivi\u00f3 una de las mayores crisis h\u00eddricas. En la sede de gobierno se tuvo un racionamiento a 120 barrios. Las represas de Incachaca, Songo, Hampaturi Alto, Hampaturi Bajo y Milluni llegaron a sus niveles m\u00e1s bajos entre un 8 y 5 por ciento.<\/p>\n<p>La represa de Incachaca con capacidad de 4,56 millones de metros c\u00fabicos, lleg\u00f3 a 1,8 millones. Milluni tiene una altura de 12 metros, pero s\u00f3lo estaba a dos metros y la situaci\u00f3n era similar para otras represas.<\/p>\n<p>Otro departamento afectado fue Cochabamba, 38 de 47 municipios se declararon en emergencia por sequ\u00eda y la poblaci\u00f3n recibi\u00f3 agua una vez cada una a dos semanas durante m\u00e1s de seis meses.<\/p>\n<p>La activista Oblitas explic\u00f3 que: \u201cLa Paz depende de los glaciares y se est\u00e1n derritiendo. Puede darnos la idea equivocada de que hay m\u00e1s agua, pero cuando estos glaciares se vac\u00eden ya no tendremos de d\u00f3nde sacar agua (\u2026) La Paz va a ser una de las ciudades que m\u00e1s sufra por el cambio clim\u00e1tico y la escasez del agua para 2050\u201d.<\/p>\n<p>La poblaci\u00f3n a\u00fan mantiene latente el recuerdo de lo vivido. En el siguiente video podr\u00e1 encontrar algunas impresiones al respecto.<\/p>\n<p><iframe loading=\"lazy\" src=\"https:\/\/www.youtube.com\/embed\/RVoOe-bwBWw\" width=\"560\" height=\"315\" frameborder=\"0\" allowfullscreen=\"allowfullscreen\"><\/iframe><\/p>\n<h2><strong>Conciencia<\/strong><\/h2>\n<p>Como resultado de la crisis, la poblaci\u00f3n asumi\u00f3 conciencia. No as\u00ed los candidatos que a\u00fan no le dan la importancia que merece el tema. Algunas personas explican c\u00f3mo reciclan el agua para darle un mejor uso, en el siguiente video.<\/p>\n<p><iframe loading=\"lazy\" src=\"https:\/\/www.youtube.com\/embed\/E6snH1wyHCo\" width=\"560\" height=\"315\" frameborder=\"0\" allowfullscreen=\"allowfullscreen\"><\/iframe><\/p>\n<div style=\"width: 100%;\">\n<div style=\"position: relative; padding-bottom: 100.00%; padding-top: 0; height: 0;\"><iframe loading=\"lazy\" style=\"position: absolute; top: 0; left: 0; width: 100%; height: 100%;\" src=\"https:\/\/view.genial.ly\/5cc432a849e43a0f6a8af210\" width=\"225px\" height=\"225px\" frameborder=\"0\" scrolling=\"yes\" allowfullscreen=\"allowfullscreen\"><\/iframe><\/div>\n<\/div>\n","protected":false},"excerpt":{"rendered":"<p>Al menos un 86 % de la poblaci\u00f3n boliviana abre el grifo y tiene agua, pero no es clara ni pura. Estudios revelan que el l\u00edquido no es apto para consumo y la gente teme beberla sin hervir. Pese a ello, los partidos pol\u00edticos no toman como prioridad la mejora de su calidad en sus programas electorales frente a las<\/p>\n","protected":false},"author":12,"featured_media":834,"comment_status":"open","ping_status":"open","sticky":false,"template":"","format":"standard","meta":{"footnotes":""},"categories":[45],"tags":[],"class_list":["post-760","post","type-post","status-publish","format-standard","has-post-thumbnail","hentry","category-trabajos"],"_links":{"self":[{"href":"https:\/\/fundacionperiodismo.org\/formacion-dual-2019\/wp-json\/wp\/v2\/posts\/760","targetHints":{"allow":["GET"]}}],"collection":[{"href":"https:\/\/fundacionperiodismo.org\/formacion-dual-2019\/wp-json\/wp\/v2\/posts"}],"about":[{"href":"https:\/\/fundacionperiodismo.org\/formacion-dual-2019\/wp-json\/wp\/v2\/types\/post"}],"author":[{"embeddable":true,"href":"https:\/\/fundacionperiodismo.org\/formacion-dual-2019\/wp-json\/wp\/v2\/users\/12"}],"replies":[{"embeddable":true,"href":"https:\/\/fundacionperiodismo.org\/formacion-dual-2019\/wp-json\/wp\/v2\/comments?post=760"}],"version-history":[{"count":8,"href":"https:\/\/fundacionperiodismo.org\/formacion-dual-2019\/wp-json\/wp\/v2\/posts\/760\/revisions"}],"predecessor-version":[{"id":852,"href":"https:\/\/fundacionperiodismo.org\/formacion-dual-2019\/wp-json\/wp\/v2\/posts\/760\/revisions\/852"}],"wp:featuredmedia":[{"embeddable":true,"href":"https:\/\/fundacionperiodismo.org\/formacion-dual-2019\/wp-json\/wp\/v2\/media\/834"}],"wp:attachment":[{"href":"https:\/\/fundacionperiodismo.org\/formacion-dual-2019\/wp-json\/wp\/v2\/media?parent=760"}],"wp:term":[{"taxonomy":"category","embeddable":true,"href":"https:\/\/fundacionperiodismo.org\/formacion-dual-2019\/wp-json\/wp\/v2\/categories?post=760"},{"taxonomy":"post_tag","embeddable":true,"href":"https:\/\/fundacionperiodismo.org\/formacion-dual-2019\/wp-json\/wp\/v2\/tags?post=760"}],"curies":[{"name":"wp","href":"https:\/\/api.w.org\/{rel}","templated":true}]}}