{"id":851,"date":"2019-04-30T16:48:45","date_gmt":"2019-04-30T20:48:45","guid":{"rendered":"https:\/\/fundacionperiodismo.org\/formacion-dual-2019\/?p=851"},"modified":"2019-07-09T13:41:06","modified_gmt":"2019-07-09T17:41:06","slug":"851","status":"publish","type":"post","link":"https:\/\/fundacionperiodismo.org\/formacion-dual-2019\/2019\/04\/30\/851\/","title":{"rendered":"\u00bfQu\u00e9 proponen los pol\u00edticos en a\u00f1o electoral?  Invisibilizado: el acoso sexual callejero en Bolivia"},"content":{"rendered":"<p><em>\u201cTen\u00eda mis 14 a\u00f1os, en una presentaci\u00f3n musical estaba con una de mis t\u00edas, una persona me empujaba y me rozaba desde atr\u00e1s. \u00c9l era un desconocido y una persona mayor&#8230;\u00bb<\/em><\/p>\n<p>Ese relato es parte del testimonio de Marta, de 26 a\u00f1os, una estudiante de la carrera de Comunicaci\u00f3n Social, que sufri\u00f3 acoso sexual callejero desde su temprana adolescencia. Cuando sale a la calle, todav\u00eda lo hace con cierto temor. Y es que el acoso sexual callejero le ha dejado secuelas. A\u00fan recuerda ese mal momento, pues pudo haber sido violada en p\u00fablico.<\/p>\n<p><strong>\u00bfQu\u00e9 es el acoso sexual callejero?<\/strong><\/p>\n<p>La asamble\u00edsta nacional Shirley Franco Rodr\u00edguez propuso en 2016 un proyecto de Ley contra el Acoso Sexual Callejero. Al replantear la reposici\u00f3n de dicho proyecto en 2017, su exposici\u00f3n de motivos defin\u00eda estos actos como \u201cpr\u00e1cticas de connotaci\u00f3n sexual ejercidas por una persona desconocida en espacios p\u00fablicos como la calle, el transporte o espacios semi-p\u00fablicos (centros comerciales, universidad, colegios), que suelen generar malestar en la v\u00edctima\u201d.<\/p>\n<p><iframe loading=\"lazy\" src=\"https:\/\/w.soundcloud.com\/player\/?url=https%3A\/\/api.soundcloud.com\/tracks\/611973603&amp;color=%23ff5500&amp;auto_play=false&amp;hide_related=false&amp;show_comments=true&amp;show_user=true&amp;show_reposts=false&amp;show_teaser=true&amp;visual=true\" width=\"100%\" height=\"300\" frameborder=\"no\" scrolling=\"no\"><\/iframe><\/p>\n<p>El texto \u00a0aclara que \u201cestas acciones son unidireccionales, es decir, no son consentidas por la v\u00edctima\u201d.<\/p>\n<p>La propuesta de la legisladora clasifica el acoso sexual callejero de las siguientes formas:<\/p>\n<ul>\n<li><strong>Acoso verbal y no verbal<\/strong>: Miradas lascivas, sonidos y comentarios.<\/li>\n<li><strong>Acoso f\u00edsico<\/strong>: roces, toqueteos y presi\u00f3n de genitales con zonas no \u00edntimas; registros audiovisuales, fotograf\u00edas o videos sin consentimiento.<\/li>\n<li><strong>Acoso grave:<\/strong> arrinconamientos, persecuciones, seguimiento, masturbaci\u00f3n p\u00fablica y exhibicionismo.<\/li>\n<\/ul>\n<p>En 2017, la sanci\u00f3n contra el acoso sexual callejero fue incluida en el art\u00edculo 59 del C\u00f3digo del Sistema Penal Boliviano que contemplaba una pena de hasta cinco a\u00f1os de c\u00e1rcel, pero el 26 de enero de 2018 el c\u00f3digo fue abrogado por presiones sociales en el marco de un conflicto mayor relacionado con el enfrentamiento entre el Gobierno y los m\u00e9dicos del pa\u00eds por otras reformas.<\/p>\n<p>En Bolivia, la \u00fanica entidad que se ha preocupado de monitorear y hablar espec\u00edficamente de este tipo de vej\u00e1menes ha sido el Observatorio contra el Acoso Sexual Callejero, una organizaci\u00f3n voluntaria formada por estudiantes de la Universidad Mayor de San Andr\u00e9s (UMSA) que hoy est\u00e1 en receso.<\/p>\n<p>Este colectivo ha logrado recopilar relatos y testimonios de victimas del acoso sexual callejero que muestran la gravedad de estas pr\u00e1cticas, como los casos de personas que han sido sometidas a \u201cexperiencias fuertes\u00bb descritas como exhibicionismo de genitales, manoseos y persecuciones.<\/p>\n<p>En 2016, el Instituto Nacional de Estad\u00edstica (INE) public\u00f3 una Encuesta de Prevalencia y caracter\u00edsticas de la Violencia contra las Mujeres que reflej\u00f3\u00a0 a un 60% de las encuestadas que hab\u00edan sufrido acoso.<\/p>\n<p>El testimonio de Marta y los de otras mujeres acosadas confirman lo expuesto por la diputada en el texto de su proyecto: \u201cla poblaci\u00f3n m\u00e1s vulnerable ante al Acoso Sexual Callejero, son las ni\u00f1as y adolescentes menores de 15 a\u00f1os\u201d.<\/p>\n<div style=\"width: 100%;\">\n<div style=\"position: relative; padding-bottom: 56.25%; padding-top: 0; height: 0;\"><iframe loading=\"lazy\" style=\"position: absolute; top: 0; left: 0; width: 100%; height: 100%;\" src=\"https:\/\/view.genial.ly\/5cc8496849e43a0f6a918add\" width=\"1200px\" height=\"675px\" frameborder=\"0\" scrolling=\"yes\" allowfullscreen=\"allowfullscreen\"><\/iframe><\/div>\n<\/div>\n<p>&nbsp;<\/p>\n<p><strong>\u00bfA qu\u00e9 se debe la actitud persistente del acosador sexual?<\/strong><\/p>\n<p>La psic\u00f3loga, educadora y comunicadora Mar\u00eda Galindo, quiz\u00e1 una de las feministas m\u00e1s importantes\u00a0 -y a la vez pol\u00e9micas- del pa\u00eds, se\u00f1ala que \u201cel acosador no acepta un &#8216;no&#8217; porque en su mente ninguna mujer tiene la libertad de decidir, porque una mujer deber\u00eda sentirse complacida con el acoso y no humillada\u201d.<\/p>\n<p>Galindo, que tambi\u00e9n es l\u00edder de la organizaci\u00f3n Mujeres Creando, apunta que \u201cel acosador tampoco ser\u00e1 cuestionado porque en una sociedad donde el feminicidio es frecuente, donde la violencia machista es s\u00f3rdida y cotidiana (\u2026), el acoso parece algo menor y sin importancia\u201d.<\/p>\n<p>La diputada Franco considera que es necesaria una ley porque en la sociedad boliviana no existe rechazo o condena social al acoso sexual callejero y debido a ello estas actitudes \u201cse normalizan al interior de las sociedades\u201d.<\/p>\n<p><strong>Pol\u00edticas p\u00fablicas: \u00bfqu\u00e9 proponen los pol\u00edticos en a\u00f1o electoral?<\/strong><\/p>\n<p>Terminar con todos los tipos de violencia contra las mujeres es un norte tan importante que es parte de uno de los Objetivos de Desarrollo Sostenible de las Naciones Unidas: <strong>Lograr la Igualdad de G\u00e9nero y empoderar a todas las mujeres y las ni\u00f1as<\/strong>.<\/p>\n<p>Es en ese contexto que la ONU insta a establecer \u201cnuevos marcos legales sobre la igualdad de las mujeres en el lugar de trabajo y la erradicaci\u00f3n de las pr\u00e1cticas nocivas sobre las mujeres es crucial para acabar con la discriminaci\u00f3n basada en el g\u00e9nero que prevalece en muchos pa\u00edses del mundo\u201d.<\/p>\n<p>La legisladora del Movimiento al Socialismo (MAS)\u00a0<strong>Sonia Brito, <\/strong>integrante del Comit\u00e9 de Derechos Humanos e Igualdad de Oportunidades de la C\u00e1mara de Diputados, al ser entrevistada sobre el tema\u00a0 contest\u00f3: \u201cTenemos ese punto, pues, en la ley 348\u201d, en referencia a la Ley para Garantizar a las mujeres una vida libre de Violencia, vigente desde el 2013.<\/p>\n<p>La diputada oficialista afirm\u00f3 que legislar espec\u00edficamente sobre el acoso sexual callejero \u201cser\u00eda una norma doble\u201d.<\/p>\n<p>En relaci\u00f3n al proyecto de ley presentando por la diputada Franco de la oposici\u00f3n, explic\u00f3 que \u201clo que pasa es que no tuvo el consenso, fue la gesti\u00f3n pasada, no lo han repuesto\u201d.<\/p>\n<p>\u201cLa figura est\u00e1 incorporada en la ley 348, son 16 tipos de violencia que hay\u201d, insisti\u00f3 Brito<\/p>\n<p>A su turno, la tambi\u00e9n oficialista presidenta del Senado\u00a0<strong>Adriana Salvatierra<\/strong> expres\u00f3 que \u201ccualquier forma de acoso, de todas maneras, est\u00e1 sancionada por el C\u00f3digo Penal\u201d.<\/p>\n<p>Pese a ello considera que \u201ces necesario discutirlo que pase no solamente por la sanci\u00f3n de los tipos penales, sino que pase fundamentalmente por\u00a0 un proceso educativo en la sociedad, del respeto al espacio de las otras personas, de la seguridad respecto a nuestras menores\u201d.<\/p>\n<p>La legisladora cruce\u00f1a tambi\u00e9n cree que \u201ces un tema que se tiene que discutir en nuestros hogares\u201d<\/p>\n<p>Salvatierra apunta que \u201cel acoso callejero no le sucede solamente a las mujeres le sucede tambi\u00e9n a ni\u00f1as, de eso tenemos m\u00faltiples testimonios\u201d, afirma.<\/p>\n<p>Consultada sobre si el tema especifico est\u00e1 en la agenda electoral de su tienda pol\u00edtica, sostiene que \u201clos derechos de las mujeres no se miran en torno a objetivos electorales\u201d.<\/p>\n<p>La presidenta del Senado concluye diciendo que \u201ces un proceso que tiene que buscar hacer \u00e9nfasis en lo educativo, en la seguridad y si hay delitos deben ser sancionados a trav\u00e9s los tipos penales correspondientes\u201d.<\/p>\n<p>La diputada Valeria Silva, tambi\u00e9n del MAS, declar\u00f3: \u201cTenemos el compromiso real de luchar contra la violencia, hay que hacerlo desde las instituciones y del Estado pero tambi\u00e9n desde los poderes f\u00e1cticos y esto es lo que venimos reclamando las mujeres, sobre todo las feministas\u201d.<\/p>\n<p>Para <strong>Paola Cortez,<\/strong> activista feminista y portavoz de la alianza <strong>Comunidad Ciudadana<\/strong>, que postula a la presidencia al exmandatario\u00a0<strong>Carlos Mesa<\/strong>, \u201clos derechos de las mujeres son primordiales, por ello se est\u00e1 trabajando en una agenda feminista basada en dos pilares fundamentales, el empoderamiento pol\u00edtico de la mujer y su independencia econ\u00f3mica, en cuya propuesta est\u00e1 incluido el acoso como violencia de g\u00e9nero\u201d.<\/p>\n<p>Sin embargo, se\u00f1ala que acabar con este tipo de violencia no ser\u00e1 posible con solo una ley y que es necesario contar con un presupuesto para capacitar a las instituciones que son el brazo operativo de la norma.<\/p>\n<div style=\"width: 100%;\">\n<div style=\"position: relative; padding-bottom: 56.25%; padding-top: 0; height: 0;\"><iframe loading=\"lazy\" style=\"position: absolute; top: 0; left: 0; width: 100%; height: 100%;\" src=\"https:\/\/view.genial.ly\/5cc8475bdb97e30f5d57f5ff\" width=\"1200px\" height=\"675px\" frameborder=\"0\" scrolling=\"yes\" allowfullscreen=\"allowfullscreen\"><\/iframe><\/div>\n<\/div>\n<p>&nbsp;<\/p>\n<p><strong>\u00bfSe volver\u00e1 a presentar la ley?<\/strong><\/p>\n<p>La diputada Franco anunci\u00f3 que presentar\u00e1 este a\u00f1o un nuevo proyecto de ley con algunas modificaciones. Esta vez la norma no buscar\u00e1 criminalizar el acoso, pero s\u00ed aplicar otro tipo de medidas de reparaci\u00f3n y protecci\u00f3n a las v\u00edctimas.<\/p>\n<p>\u201cVamos a plantear una reposici\u00f3n de este proyecto de ley\u201d, asever\u00f3 la legisladora en contacto telef\u00f3nico con nuestro medio de comunicaci\u00f3n y pudo adelantar que conversar\u00e1 sobre la propuesta con el senador y candidato a la presidencia <strong>Oscar Ortiz<\/strong> (de la alianza <strong>Bolivia dice NO<\/strong>) para que sea parte de su agenda \u201csin electoralizar el tema\u201d, manifest\u00f3.<\/p>\n<p><strong>La diferencia entre la norma boliviana y la argentina<\/strong><\/p>\n<p>Argentina tiene una ley al respecto. Cabe hacer notar que esta norma tiene una de las definiciones m\u00e1s completas de lo que se entiende por Acoso Sexual Callejero.<\/p>\n<p>Seg\u00fan la legislaci\u00f3n argentina, se entiende por \u201cAcoso Sexual en espacios p\u00fablicos o de acceso p\u00fablico a las conductas f\u00edsicas o verbales de naturaleza o connotaci\u00f3n sexual, basadas en el g\u00e9nero, identidad y\/u orientaci\u00f3n sexual, realizadas por una o m\u00e1s personas en contra de otra u otras, quienes no desean o rechazan estas conductas en tanto afectan su dignidad, sus derechos fundamentales como la libertad, integridad y libre tr\u00e1nsito, creando en ellas intimidaci\u00f3n, hostilidad, degradaci\u00f3n, humillaci\u00f3n o un ambiente ofensivo en los espacios p\u00fablicos y en los espacios privados de acceso p\u00fablico\u201d.<\/p>\n<p><a href=\"https:\/\/fundacionperiodismo.org\/formacion-dual-2019\/wp-content\/uploads\/2019\/04\/Nueva-ley-4-hojasLEY-348-ACTUALIZACION-2018-WEB.pdf\">Nueva ley 4 hojasLEY 348 ACTUALIZACION 2018 WEB<\/a><\/p>\n<p>En el caso de Bolivia, si bien es cierto, que la ley 348 protege a las f\u00e9minas de m\u00e1s de 16 tipos de violencia, en ninguna parte del articulado de la ley ni de su correspondiente reglamento se hace referencia espec\u00edfica ni explicita al \u201cacoso sexual callejero\u201d.<\/p>\n<p>Si se realiza un breve an\u00e1lisis de la ley, dejando solamente las palabras que interesan directamente al tema en cuesti\u00f3n, se podr\u00e1 encontrar referencias indirectas a las implicancias del acoso sexual callejero en los siguientes tipos de violencia, conceptos y referencias:<\/p>\n<p><strong>Violencia Psicol\u00f3gica<\/strong>, cuando la norma habla de \u201cacciones de <strong><em>intimidaci\u00f3n y control del comportamiento, y decisiones de las mujeres, que tienen como consecuencia la disminuci\u00f3n de su autoestima, depresi\u00f3n, inestabilidad psicol\u00f3gica, desorientaci\u00f3n e incluso el suicidio<\/em><\/strong>\u201d.<\/p>\n<p><strong>Violencia Sexual<\/strong>, cuando dicho cuerpo legal se refiere a la violencia que \u201cpone en riesgo la autodeterminaci\u00f3n sexual en toda forma de contacto o acceso carnal, genital o no genital\u201d y \u00a0que \u201c<strong><em>amenace, vulnere o restrinja el derecho al ejercicio a una vida sexual libre segura, efectiva y plena, con autonom\u00eda y libertad sexual de la mujer<\/em><\/strong>\u201d.<\/p>\n<p><strong>Violencia F\u00edsica<\/strong>, cuando la normativa estipula la violencia que causa \u201cda\u00f1o corporal,\u00a0 permanente, que se manifiesta de forma inmediata o en el largo plazo, empleando o no fuerza f\u00edsica, o cualquier otro medio\u201d, que seg\u00fan las definiciones que hemos visto sobre el acoso sexual callejero, se enmarca tambi\u00e9n\u00a0 en este tipo de violencia.<\/p>\n<p>(Fundaci\u00f3n para el Periodismo, abril de 2019)<\/p>\n<p>Realizado por:<\/p>\n<p>Paola Cadiz<\/p>\n<p>Sofia Silvetty<\/p>\n<p>Wanda\u00a0\u00a0Torrico<\/p>\n<p>Marco V\u00e1squez<\/p>\n","protected":false},"excerpt":{"rendered":"<p>\u201cTen\u00eda mis 14 a\u00f1os, en una presentaci\u00f3n musical estaba con una de mis t\u00edas, una persona me empujaba y me rozaba desde atr\u00e1s. \u00c9l era un desconocido y una persona mayor&#8230;\u00bb Ese relato es parte del testimonio de Marta, de 26 a\u00f1os, una estudiante de la carrera de Comunicaci\u00f3n Social, que sufri\u00f3 acoso sexual callejero desde su temprana adolescencia. Cuando<\/p>\n","protected":false},"author":9,"featured_media":859,"comment_status":"open","ping_status":"open","sticky":false,"template":"","format":"standard","meta":{"footnotes":""},"categories":[45],"tags":[],"class_list":["post-851","post","type-post","status-publish","format-standard","has-post-thumbnail","hentry","category-trabajos"],"_links":{"self":[{"href":"https:\/\/fundacionperiodismo.org\/formacion-dual-2019\/wp-json\/wp\/v2\/posts\/851","targetHints":{"allow":["GET"]}}],"collection":[{"href":"https:\/\/fundacionperiodismo.org\/formacion-dual-2019\/wp-json\/wp\/v2\/posts"}],"about":[{"href":"https:\/\/fundacionperiodismo.org\/formacion-dual-2019\/wp-json\/wp\/v2\/types\/post"}],"author":[{"embeddable":true,"href":"https:\/\/fundacionperiodismo.org\/formacion-dual-2019\/wp-json\/wp\/v2\/users\/9"}],"replies":[{"embeddable":true,"href":"https:\/\/fundacionperiodismo.org\/formacion-dual-2019\/wp-json\/wp\/v2\/comments?post=851"}],"version-history":[{"count":9,"href":"https:\/\/fundacionperiodismo.org\/formacion-dual-2019\/wp-json\/wp\/v2\/posts\/851\/revisions"}],"predecessor-version":[{"id":1053,"href":"https:\/\/fundacionperiodismo.org\/formacion-dual-2019\/wp-json\/wp\/v2\/posts\/851\/revisions\/1053"}],"wp:featuredmedia":[{"embeddable":true,"href":"https:\/\/fundacionperiodismo.org\/formacion-dual-2019\/wp-json\/wp\/v2\/media\/859"}],"wp:attachment":[{"href":"https:\/\/fundacionperiodismo.org\/formacion-dual-2019\/wp-json\/wp\/v2\/media?parent=851"}],"wp:term":[{"taxonomy":"category","embeddable":true,"href":"https:\/\/fundacionperiodismo.org\/formacion-dual-2019\/wp-json\/wp\/v2\/categories?post=851"},{"taxonomy":"post_tag","embeddable":true,"href":"https:\/\/fundacionperiodismo.org\/formacion-dual-2019\/wp-json\/wp\/v2\/tags?post=851"}],"curies":[{"name":"wp","href":"https:\/\/api.w.org\/{rel}","templated":true}]}}