{"id":875,"date":"2019-06-21T12:29:57","date_gmt":"2019-06-21T16:29:57","guid":{"rendered":"https:\/\/fundacionperiodismo.org\/formacion-dual-2019\/?p=875"},"modified":"2019-07-09T13:07:47","modified_gmt":"2019-07-09T17:07:47","slug":"el-bono-juancito-pinto-frente-a-la-desercion-escolar","status":"publish","type":"post","link":"https:\/\/fundacionperiodismo.org\/formacion-dual-2019\/2019\/06\/21\/el-bono-juancito-pinto-frente-a-la-desercion-escolar\/","title":{"rendered":"EL BONO JUANCITO PINTO FRENTE A LA DESERCI\u00d3N ESCOLAR"},"content":{"rendered":"<p>El presidente del Estado Plurinacional de Bolivia, Evo Morales Ayma, implement\u00f3 el Bono Juancito Pinto en el pa\u00eds el a\u00f1o 2006 para reducir los indices de abandono escolar a nivel primario, desde entonces los \u00edndices han ido variando anualmente. Seg\u00fan el Banco Mundial este se redujo en 2009 a un 2.0% en una tasa de mil personas este redujo a un 2,0% a tres a\u00f1os despu\u00e9s de su implementaci\u00f3n.<\/p>\n<p>Por otro lado, ese organismo internacional tambi\u00e9n indica que\u00a0 la deserci\u00f3n escolar se increment\u00f3 a partir del a\u00f1o 2012 llegando a un\u00a0 9,1%. en 2016.<\/p>\n<p>Sin embargo, datos del\u00a0 Instituto Nacional de Estad\u00edstica (INE) y el\u00a0Ministerio de Educaci\u00f3n,\u00a0dos instituciones gubernamentales de Bolivia, contradicen las cifras presentadas por el Banco Mundial.<\/p>\n<p>Entonces, \u00bfsera qu\u00e9 la implementaci\u00f3n del incentivo monetario logr\u00f3 su objetivo?<\/p>\n<p><iframe id=\"datawrapper-chart-sGyE5\" style=\"width: 0; min-width: 100% !important; border: none;\" title=\"% NI\u00d1OS Y NI\u00d1AS QUE NO ASISTEN A LA ESCUELA EN BOLIVIA-NIVEL PRIMARIO&amp;nbsp;\" src=\"\/\/datawrapper.dwcdn.net\/sGyE5\/8\/\" height=\"400\" frameborder=\"0\" scrolling=\"no\" aria-label=\"Column Chart\"><span data-mce-type=\"bookmark\" style=\"display: inline-block; width: 0px; overflow: hidden; line-height: 0;\" class=\"mce_SELRES_start\">\ufeff<\/span><\/iframe><script type=\"text\/javascript\">!function(){\"use strict\";window.addEventListener(\"message\",function(a){if(void 0!==a.data[\"datawrapper-height\"])for(var e in a.data[\"datawrapper-height\"]){var t=document.getElementById(\"datawrapper-chart-\"+e)||document.querySelector(\"iframe[src*='\"+e+\"']\");t&&(t.style.height=a.data[\"datawrapper-height\"][e]+\"px\")}})}();<\/script><\/p>\n<p>El Instituto Nacional de Estad\u00edstica (INE) tiene otra mirada de Bolivia sobre el abandono escolar de ni\u00f1os y ni\u00f1as a nivel primario e indica que desde la creaci\u00f3n del beneficio escolar en 2006, la deserci\u00f3n escolar baj\u00f3 de un 5,9% a un\u00a02,1% en 2016.<\/p>\n<p><iframe id=\"datawrapper-chart-BcFPA\" style=\"width: 0; min-width: 100% !important; border: none;\" title=\"% DE ABANDONO ESCOLAR EN BOLIVIA-NIVEL PRIMARIO\" src=\"\/\/datawrapper.dwcdn.net\/BcFPA\/2\/\" height=\"341\" frameborder=\"0\" scrolling=\"no\" aria-label=\"Column Chart\"><\/iframe><script type=\"text\/javascript\">!function(){\"use strict\";window.addEventListener(\"message\",function(a){if(void 0!==a.data[\"datawrapper-height\"])for(var e in a.data[\"datawrapper-height\"]){var t=document.getElementById(\"datawrapper-chart-\"+e)||document.querySelector(\"iframe[src*='\"+e+\"']\");t&&(t.style.height=a.data[\"datawrapper-height\"][e]+\"px\")}})}();<\/script><\/p>\n<p>La estad\u00edstica del Ministerio de Educaci\u00f3n difiere por poco del INE, pero justas se distancian en gran medida de los datos del Banco Mundial. Este organismo educativo refiere que en el a\u00f1o 2006 se registraba un abandono escolar del 6%\u00a0 y que hasta 2016 disminuy\u00f3 a un 2%.<\/p>\n<p><iframe id=\"datawrapper-chart-qcMmZ\" style=\"width: 0; min-width: 100% !important; border: none;\" title=\"% DE ABANDONO ESCOLAR EN BOLIVIA-NIVEL PRIMARIO\" src=\"\/\/datawrapper.dwcdn.net\/qcMmZ\/1\/\" height=\"400\" frameborder=\"0\" scrolling=\"no\" aria-label=\"Column Chart\"><\/iframe><\/p>\n<p>En relaci\u00f3n a esta tem\u00e1tica y la evidente variaci\u00f3n de los datos del Banco Mundial, el INE y el Ministerio de Educaci\u00f3n,a\u00a0continuaci\u00f3n le mostramos un cuadro de la relaci\u00f3n estad\u00edstica entre las\u00a0 tres instituciones.<\/p>\n<p><script>!function(e,t,s,i){var n=\"InfogramEmbeds\",o=e.getElementsByTagName(\"script\")[0],d=\/^http:\/.test(e.location)?\"http:\":\"https:\";if(\/^\\\/{2}\/.test(i)&&(i=d+i),window[n]&&window[n].initialized)window[n].process&&window[n].process();else if(!e.getElementById(s)){var r=e.createElement(\"script\");r.async=1,r.id=s,r.src=i,o.parentNode.insertBefore(r,o)}}(document,0,\"infogram-async\",\"https:\/\/e.infogram.com\/js\/dist\/embed-loader-min.js\");<\/script><\/p>\n<div><\/div>\n<div class=\"infogram-embed\" data-id=\"e4b1c3c8-63e2-48dd-af21-9088100e620b\" data-type=\"interactive\" data-title=\"IN\">\n<div style=\"padding: 8px 0; font-family: Arial!important; font-size: 13px!important; line-height: 15px!important; text-align: center; border-top: 1px solid #dadada; margin: 0 30px;\"><a style=\"color: #989898!important; text-decoration: none!important;\" href=\"https:\/\/infogram.com\/e4b1c3c8-63e2-48dd-af21-9088100e620b\" target=\"_blank\" rel=\"noopener\">IN<\/a><\/div>\n<\/div>\n<div data-id=\"e4b1c3c8-63e2-48dd-af21-9088100e620b\" data-type=\"interactive\" data-title=\"IN\"><strong>La historia de Annet<\/strong><\/div>\n<div data-id=\"e4b1c3c8-63e2-48dd-af21-9088100e620b\" data-type=\"interactive\" data-title=\"IN\">Annet es una ni\u00f1a que a los ocho a\u00f1os abandon\u00f3 sus estudios por la falta de recursos econ\u00f3micos, ella es una muestra de que el Bono Juancito Pinto no fue suficiente para que junto a sus cinco hermanos permanecieran en la escuela.<\/div>\n<div data-id=\"e4b1c3c8-63e2-48dd-af21-9088100e620b\" data-type=\"interactive\" data-title=\"IN\">A continuaci\u00f3n escucha la historia de la ni\u00f1a y la postura una profesora de primaria, Jeny Encinas.<\/div>\n<div data-id=\"e4b1c3c8-63e2-48dd-af21-9088100e620b\" data-type=\"interactive\" data-title=\"IN\">https:\/\/soundcloud.com\/suner-dabeyba-lima-villa\/desercion-escolar-en-bolivia-historia-annet<\/div>\n<div data-id=\"e4b1c3c8-63e2-48dd-af21-9088100e620b\" data-type=\"interactive\" data-title=\"IN\"><\/div>\n<div data-id=\"e4b1c3c8-63e2-48dd-af21-9088100e620b\" data-type=\"interactive\" data-title=\"IN\">Ent\u00e9rese aqu\u00ed los datos del\u00a0INE y el Ministerio de Educaci\u00f3n sobre de la deserci\u00f3n escolar en los nueve departamentos de Bolivia,<\/div>\n<div style=\"width: 100%;\">\n<div style=\"position: relative; padding-bottom: 70.72%; padding-top: 0; height: 0;\"><iframe loading=\"lazy\" style=\"position: absolute; top: 0; left: 0; width: 100%; height: 100%;\" src=\"https:\/\/view.genial.ly\/5d0d5148862fb11b567516f4\" width=\"1414px\" height=\"1000px\" frameborder=\"0\" scrolling=\"yes\" allowfullscreen=\"allowfullscreen\"><\/iframe><\/div>\n<\/div>\n<p><strong>\u00bfQu\u00e9 dice la normativa para evitar la deserci\u00f3n escolar?<\/strong><\/p>\n<p>La <a href=\"https:\/\/www.scribd.com\/document\/295253995\/Constitucion-Bolivia\" target=\"_blank\" rel=\"noopener\">Constituci\u00f3n Pol\u00edtica del Estad<\/a>o en su art\u00edculo 17 establece el derecho a la educaci\u00f3n para toda persona de forma universal gratuita y productiva.<\/p>\n<p>La Ley educativa <a href=\"https:\/\/www.scribd.com\/document\/414123242\/Ley-educativa-070-Avelino-Sinani-Elizardo-Perez\" target=\"_blank\" rel=\"noopener\">Avelino Si\u00f1ani-Elizardo Perez<\/a> en su articulado segundo defiende como funci\u00f3n suprema y primera responsabilidad financiera del Estado, a la educaci\u00f3n.<\/p>\n<p>Por otro parte, el Decreto Supremo 28899 establece el pago del <a href=\"https:\/\/www.scribd.com\/document\/414123471\/Decreto-Supremo-N%C2%BA-28899\" target=\"_blank\" rel=\"noopener\">Bono Juancito Pinto<\/a>, de Bs 200, con el objetivo de evitar la deserci\u00f3n escolar.<\/p>\n<p style=\"text-align: center;\">Cr\u00e9ditos:<\/p>\n<p style=\"text-align: center;\">Yercia Ma\u00f1ueco<\/p>\n<p style=\"text-align: center;\">Dabeyba Lima<\/p>\n<p style=\"text-align: center;\">Wanda Torrico<\/p>\n","protected":false},"excerpt":{"rendered":"<p>El presidente del Estado Plurinacional de Bolivia, Evo Morales Ayma, implement\u00f3 el Bono Juancito Pinto en el pa\u00eds el a\u00f1o 2006 para reducir los indices de abandono escolar a nivel primario, desde entonces los \u00edndices han ido variando anualmente. Seg\u00fan el Banco Mundial este se redujo en 2009 a un 2.0% en una tasa de mil personas este redujo a<\/p>\n","protected":false},"author":3,"featured_media":998,"comment_status":"open","ping_status":"open","sticky":false,"template":"","format":"standard","meta":{"footnotes":""},"categories":[45],"tags":[],"class_list":["post-875","post","type-post","status-publish","format-standard","has-post-thumbnail","hentry","category-trabajos"],"_links":{"self":[{"href":"https:\/\/fundacionperiodismo.org\/formacion-dual-2019\/wp-json\/wp\/v2\/posts\/875","targetHints":{"allow":["GET"]}}],"collection":[{"href":"https:\/\/fundacionperiodismo.org\/formacion-dual-2019\/wp-json\/wp\/v2\/posts"}],"about":[{"href":"https:\/\/fundacionperiodismo.org\/formacion-dual-2019\/wp-json\/wp\/v2\/types\/post"}],"author":[{"embeddable":true,"href":"https:\/\/fundacionperiodismo.org\/formacion-dual-2019\/wp-json\/wp\/v2\/users\/3"}],"replies":[{"embeddable":true,"href":"https:\/\/fundacionperiodismo.org\/formacion-dual-2019\/wp-json\/wp\/v2\/comments?post=875"}],"version-history":[{"count":53,"href":"https:\/\/fundacionperiodismo.org\/formacion-dual-2019\/wp-json\/wp\/v2\/posts\/875\/revisions"}],"predecessor-version":[{"id":1051,"href":"https:\/\/fundacionperiodismo.org\/formacion-dual-2019\/wp-json\/wp\/v2\/posts\/875\/revisions\/1051"}],"wp:featuredmedia":[{"embeddable":true,"href":"https:\/\/fundacionperiodismo.org\/formacion-dual-2019\/wp-json\/wp\/v2\/media\/998"}],"wp:attachment":[{"href":"https:\/\/fundacionperiodismo.org\/formacion-dual-2019\/wp-json\/wp\/v2\/media?parent=875"}],"wp:term":[{"taxonomy":"category","embeddable":true,"href":"https:\/\/fundacionperiodismo.org\/formacion-dual-2019\/wp-json\/wp\/v2\/categories?post=875"},{"taxonomy":"post_tag","embeddable":true,"href":"https:\/\/fundacionperiodismo.org\/formacion-dual-2019\/wp-json\/wp\/v2\/tags?post=875"}],"curies":[{"name":"wp","href":"https:\/\/api.w.org\/{rel}","templated":true}]}}