{"id":982,"date":"2019-06-21T19:49:20","date_gmt":"2019-06-21T23:49:20","guid":{"rendered":"https:\/\/fundacionperiodismo.org\/formacion-dual-2019\/?p=982"},"modified":"2019-06-21T19:58:21","modified_gmt":"2019-06-21T23:58:21","slug":"educacion-inicial-carece-de-hombres-en-formacion-para-ser-maestros-en-la-paz","status":"publish","type":"post","link":"https:\/\/fundacionperiodismo.org\/formacion-dual-2019\/2019\/06\/21\/educacion-inicial-carece-de-hombres-en-formacion-para-ser-maestros-en-la-paz\/","title":{"rendered":"Educaci\u00f3n inicial carece de hombres en formaci\u00f3n para ser maestros en La Paz"},"content":{"rendered":"<p>\u00bfUsted recuerda qui\u00e9n le instruy\u00f3 la educaci\u00f3n en el nivel inicial? Es muy probable que vuelva a su mente la figura de una mujer. Esta situaci\u00f3n no ha cambiado, pues en los \u00faltimos cinco a\u00f1os, en la ciudad de La Paz, no se ha inscrito ni un hombre para formarse en la docencia inicial en la Escuela Superior de Formaci\u00f3n Sim\u00f3n Bol\u00edvar (ESFSB). Educadores cuentan sobre esta ausencia. Mientras algunos padres explican por qu\u00e9 no quisieran a un var\u00f3n en esta fase de formaci\u00f3n de sus hijos.<\/p>\n<p><script id=\"infogram_0_781ead24-fbcb-4cb1-b540-038667ee34ef\" title=\"Estudiantes mujeres en la Escuela Superior Sim\u00f3n Bol\u00edvar\" src=\"https:\/\/e.infogram.com\/js\/dist\/embed.js?8Vs\" type=\"text\/javascript\"><\/script><\/p>\n<div style=\"padding: 8px 0; font-family: Arial!important; font-size: 13px!important; line-height: 15px!important; text-align: center; border-top: 1px solid #dadada; margin: 0 30px;\"><a style=\"color: #989898!important; text-decoration: none!important;\" href=\"https:\/\/infogram.com\/781ead24-fbcb-4cb1-b540-038667ee34ef\" target=\"_blank\" rel=\"noopener\">Estudiantes mujeres en la Escuela Superior Sim\u00f3n Bol\u00edvar<\/a><br \/>\n<a style=\"color: #989898!important; text-decoration: none!important;\" href=\"https:\/\/infogram.com\" target=\"_blank\" rel=\"nofollow noopener\">Infogram<\/a><\/div>\n<p>La directora acad\u00e9mica de la ESFSB, Jhanet Apaza, observa esta ausencia de varones inscritos para ser maestros del taller inicial en los \u00faltimos a\u00f1os. Detalla diversos aspectos como posibles causas de esta situaci\u00f3n. Adem\u00e1s, indica que la presencia masculina en la ense\u00f1anza se destaca en los cursos secundarios principalmente.<\/p>\n<p><iframe loading=\"lazy\" src=\"https:\/\/w.soundcloud.com\/player\/?url=https%3A\/\/api.soundcloud.com\/tracks\/640253523&amp;color=%23ff5500&amp;auto_play=false&amp;hide_related=false&amp;show_comments=true&amp;show_user=true&amp;show_reposts=false&amp;show_teaser=true&amp;visual=true\" width=\"100%\" height=\"300\" frameborder=\"no\" scrolling=\"no\"><\/iframe><\/p>\n<p>Toca el timbre de salida y cientos de ni\u00f1os abandonan las instalaciones del k\u00ednder Cristo Rey. En sus aulas permanecen las maestras para ordenar los restos de una ajetreada ma\u00f1ana, todas son mujeres. Entre sillas peque\u00f1as, mesas redondas y material escolar, las profesoras corren con un mandil azul que caracteriza su labor.<\/p>\n<p>La directora, Patricia Monje, observa que esta profesi\u00f3n es considerada, desde hace muchos a\u00f1os, como un oficio para mujeres. En esta unidad hay siete maestras. Adem\u00e1s, la totalidad del personal administrativo tambi\u00e9n es femenino.<\/p>\n<p><iframe loading=\"lazy\" src=\"https:\/\/www.youtube.com\/embed\/oz_Hlo5t2og\" width=\"560\" height=\"315\" frameborder=\"0\" allowfullscreen=\"allowfullscreen\"><\/iframe><\/p>\n<p>La ausencia de varones es considerada como material para un estudio, seg\u00fan el director del programa de formaci\u00f3n de maestros del Ministerio de Educaci\u00f3n (Profocom), Fernando Carri\u00f3n. Seg\u00fan su experiencia, existen diversos factores que podr\u00edan ser develados, pues hace unos a\u00f1os tambi\u00e9n se ten\u00eda ausencia masculina en la formaci\u00f3n primaria.<\/p>\n<p><iframe loading=\"lazy\" src=\"https:\/\/w.soundcloud.com\/player\/?url=https%3A\/\/api.soundcloud.com\/tracks\/640261095&amp;color=%23ff5500&amp;auto_play=false&amp;hide_related=false&amp;show_comments=true&amp;show_user=true&amp;show_reposts=false&amp;show_teaser=true&amp;visual=true\" width=\"100%\" height=\"300\" frameborder=\"no\" scrolling=\"no\"><\/iframe><\/p>\n<p>Existen algunos hombres que se animaron a incursionar en este \u00e1mbito. El k\u00ednder Cristo Rey cont\u00f3 con un practicante en 2017. Su estad\u00eda no fue favorable. Las maestras recuerdan el calvario que sufri\u00f3 su colega, quien ahora educa para el nivel primario en una provincia, por lo que fue imposible contactarlo. Los padres y madres de familia fueron el principal obst\u00e1culo.<\/p>\n<p><iframe loading=\"lazy\" src=\"https:\/\/www.youtube.com\/embed\/a00tiHnzc1Y\" width=\"560\" height=\"315\" frameborder=\"0\" allowfullscreen=\"allowfullscreen\"><\/iframe><\/p>\n<p>Muchos padres y madres de familia est\u00e1n conformes con la presencia s\u00f3lo de mujeres en las aulas de los k\u00ednder. Conozca qu\u00e9 opinan si tuvieran a un var\u00f3n dirigiendo la educaci\u00f3n inicial de ni\u00f1os entre tres y cinco a\u00f1os.<\/p>\n<p><iframe loading=\"lazy\" src=\"https:\/\/www.youtube.com\/embed\/BTNExM22MKE\" width=\"560\" height=\"315\" frameborder=\"0\" allowfullscreen=\"allowfullscreen\"><\/iframe><\/p>\n<p>\u00bfPor qu\u00e9 existe desconfianza de los padres y madres de familia?, la psicoterapeuta, Margaret Hurtado, explica la duda que genera la presencia de un educador debido a m\u00faltiples casos de abuso cometidos por profesores varones.<\/p>\n<p><iframe loading=\"lazy\" src=\"https:\/\/www.youtube.com\/embed\/8n_d2bqyxVE\" width=\"560\" height=\"315\" frameborder=\"0\" allowfullscreen=\"allowfullscreen\"><\/iframe><\/p>\n<p>El Ministerio de Educaci\u00f3n inform\u00f3 que desde 2012, al menos 359 profesores fueron denunciados por estudiantes. La principal raz\u00f3n ser\u00eda por violencia sexual; del total, 75 fueron sentenciados y destituidos.<\/p>\n<p>Hurtado tambi\u00e9n nombra el machismo como otro factor de ausencia de varones en la educaci\u00f3n inicial.<\/p>\n<p><iframe loading=\"lazy\" src=\"https:\/\/www.youtube.com\/embed\/4ShwHHqORdE\" width=\"560\" height=\"315\" frameborder=\"0\" allowfullscreen=\"allowfullscreen\"><\/iframe><\/p>\n<p>La presencia predominantemente femenina en la docencia escolar no s\u00f3lo ocurre en las aulas del nivel inicial. Se traduce, tambi\u00e9n, en primaria y secundaria. El siguiente gr\u00e1fico detalla la presencia de maestras en los nueve departamentos del pa\u00eds.<\/p>\n<div class=\"piktowrapper-embed\" style=\"height: 300px; position: relative;\" data-uid=\"39579683-maestras-en-bolivia\">\n<div class=\"pikto-canvas-wrap\">\n<div class=\"pikto-canvas\">\n<div class=\"embed-loading-overlay\" style=\"width: 100%; height: 100%; position: absolute; text-align: center;\">\n<p><img decoding=\"async\" style=\"margin-top: 100px;\" src=\"https:\/\/create.piktochart.com\/loading.gif\" alt=\"Loading...\" width=\"60px\" \/><\/p>\n<p style=\"margin: 0; padding: 0; font-family: Lato, Helvetica, Arial, sans-serif; font-weight: 600; font-size: 16px;\">Loading&#8230;<\/p>\n<\/div>\n<\/div>\n<\/div>\n<\/div>\n<p><script>(function(d){var js, id=\"pikto-embed-js\", ref=d.getElementsByTagName(\"script\")[0];if (d.getElementById(id)) { return;}js=d.createElement(\"script\"); js.id=id; js.async=true;js.src=\"https:\/\/create.piktochart.com\/assets\/embedding\/embed.js\";ref.parentNode.insertBefore(js, ref);}(document));<\/script><\/p>\n<p>De cada diez maestros, en Bolivia, seis son mujeres, seg\u00fan public\u00f3 el Ministerio de Educaci\u00f3n en junio de 2019. Es decir, el 61% mujeres y el 39% varones. La cifra aument\u00f3 en referencia al 2017 cuando el porcentaje de mujeres era el 58,2% y el de varones 42,8%.<\/p>\n<div style=\"width: 100%;\">\n<div style=\"position: relative; padding-bottom: 56.25%; padding-top: 0; height: 0;\"><iframe loading=\"lazy\" style=\"position: absolute; top: 0; left: 0; width: 100%; height: 100%;\" src=\"https:\/\/view.genial.ly\/5d0d0894d373c00fe1b93569\" width=\"1200px\" height=\"675px\" frameborder=\"0\" scrolling=\"yes\" allowfullscreen=\"allowfullscreen\"><\/iframe><\/div>\n<\/div>\n<p>Y usted, <strong>\u00bfDejar\u00eda que un var\u00f3n sea maestro de educaci\u00f3n inicial de sus hijos?<\/strong><\/p>\n<p>Autores: Amurrio Lorena, C\u00e1diz Paola, Frank Tania, Sotomayor \u00c1lvaro y Vaca Mar\u00eda Luz.<\/p>\n","protected":false},"excerpt":{"rendered":"<p>\u00bfUsted recuerda qui\u00e9n le instruy\u00f3 la educaci\u00f3n en el nivel inicial? Es muy probable que vuelva a su mente la figura de una mujer. Esta situaci\u00f3n no ha cambiado, pues en los \u00faltimos cinco a\u00f1os, en la ciudad de La Paz, no se ha inscrito ni un hombre para formarse en la docencia inicial en la Escuela Superior de Formaci\u00f3n<\/p>\n","protected":false},"author":13,"featured_media":1010,"comment_status":"open","ping_status":"open","sticky":false,"template":"","format":"standard","meta":{"footnotes":""},"categories":[45],"tags":[],"class_list":["post-982","post","type-post","status-publish","format-standard","has-post-thumbnail","hentry","category-trabajos"],"_links":{"self":[{"href":"https:\/\/fundacionperiodismo.org\/formacion-dual-2019\/wp-json\/wp\/v2\/posts\/982","targetHints":{"allow":["GET"]}}],"collection":[{"href":"https:\/\/fundacionperiodismo.org\/formacion-dual-2019\/wp-json\/wp\/v2\/posts"}],"about":[{"href":"https:\/\/fundacionperiodismo.org\/formacion-dual-2019\/wp-json\/wp\/v2\/types\/post"}],"author":[{"embeddable":true,"href":"https:\/\/fundacionperiodismo.org\/formacion-dual-2019\/wp-json\/wp\/v2\/users\/13"}],"replies":[{"embeddable":true,"href":"https:\/\/fundacionperiodismo.org\/formacion-dual-2019\/wp-json\/wp\/v2\/comments?post=982"}],"version-history":[{"count":8,"href":"https:\/\/fundacionperiodismo.org\/formacion-dual-2019\/wp-json\/wp\/v2\/posts\/982\/revisions"}],"predecessor-version":[{"id":1005,"href":"https:\/\/fundacionperiodismo.org\/formacion-dual-2019\/wp-json\/wp\/v2\/posts\/982\/revisions\/1005"}],"wp:featuredmedia":[{"embeddable":true,"href":"https:\/\/fundacionperiodismo.org\/formacion-dual-2019\/wp-json\/wp\/v2\/media\/1010"}],"wp:attachment":[{"href":"https:\/\/fundacionperiodismo.org\/formacion-dual-2019\/wp-json\/wp\/v2\/media?parent=982"}],"wp:term":[{"taxonomy":"category","embeddable":true,"href":"https:\/\/fundacionperiodismo.org\/formacion-dual-2019\/wp-json\/wp\/v2\/categories?post=982"},{"taxonomy":"post_tag","embeddable":true,"href":"https:\/\/fundacionperiodismo.org\/formacion-dual-2019\/wp-json\/wp\/v2\/tags?post=982"}],"curies":[{"name":"wp","href":"https:\/\/api.w.org\/{rel}","templated":true}]}}