{"id":1021,"date":"2019-04-16T15:47:38","date_gmt":"2019-04-16T15:47:38","guid":{"rendered":"https:\/\/fundacionperiodismo.org\/formaciondualenperiodismo\/?page_id=1021"},"modified":"2019-06-28T18:59:16","modified_gmt":"2019-06-28T18:59:16","slug":"notas-2014-janbalaya","status":"publish","type":"post","link":"https:\/\/fundacionperiodismo.org\/formaciondualenperiodismo\/notas-2014-janbalaya\/","title":{"rendered":"Notas 2014: Janbalaya"},"content":{"rendered":"<header id=\"post-header\">\n<h1 class=\"post-title left\">\u201cJambalaya\u201d un portal sobre la diversidad boliviana<\/h1>\n<div id=\"post-info-wrap\" class=\"left relative\">\n<div class=\"post-info-out\"><\/div>\n<\/div>\n<\/header>\n<div id=\"content-area\" class=\"post-2379 post type-post status-publish format-standard has-post-thumbnail hentry category-formacion-dual tag-formacion-dual\">\n<div class=\"post-cont-out\">\n<div class=\"post-cont-in\">\n<div id=\"content-main\" class=\"left relative\">\n<p><a href=\"http:\/\/fundacionperiodismo.org\/wp-content\/uploads\/2017\/12\/octavo-modulo-Edual.jpg\" data-featherlight=\"image\"><img fetchpriority=\"high\" decoding=\"async\" class=\"aligncenter wp-image-2380\" src=\"http:\/\/fundacionperiodismo.org\/wp-content\/uploads\/2017\/12\/octavo-modulo-Edual.jpg\" sizes=\"(max-width: 522px) 100vw, 522px\" srcset=\"https:\/\/fundacionperiodismo.org\/wp-content\/uploads\/2017\/12\/octavo-modulo-Edual.jpg 650w, https:\/\/fundacionperiodismo.org\/wp-content\/uploads\/2017\/12\/octavo-modulo-Edual-300x200.jpg 300w, https:\/\/fundacionperiodismo.org\/wp-content\/uploads\/2017\/12\/octavo-modulo-Edual-600x400.jpg 600w\" alt=\"\" width=\"522\" height=\"348\" \/><\/a><\/p>\n<p>La Fundaci\u00f3n para el Periodismo desarroll\u00f3 el octavo m\u00f3dulo \u201cPeriodismo on-line y en Redes Sociales\u201d en el marco del programa Formaci\u00f3n Dual en Periodismo con los capacitadores Diego Siegelwachs, que lleg\u00f3 desde Alemania y el facilitador boliviano Boris Miranda.<\/p>\n<p>En la semana de capacitaci\u00f3n los periodistas conocieron las 10 pautas para publicar en Facebook, las 10 claves online, c\u00f3mo colocar contenidos en redes e interactuar, qu\u00e9 debe poseer un periodista en redes y tuvieron la visita del Ex-Vicepresidente Constitucional de Bolivia, Victor Hugo C\u00e1rdenas, quien habl\u00f3 sobre interculturalidad.<\/p>\n<p>Quince periodistas pertenecientes a diversos medios de comunicaci\u00f3n crearon la p\u00e1gina \u201cJambalaya\u201d\u00a0<a href=\"http:\/\/jambalaya.red\/\">http:\/\/jambalaya.red\/<\/a>\u00a0que contiene notas sobre Linchamientos \u201cjusticieros\u201d sin control, Mixgraci\u00f3n: fusi\u00f3n de la m\u00fasica boliviana, A la \u201cchucha\u201d el diccionario y Entre derechos animales y discriminaci\u00f3n humana.<\/p>\n<p>Dicho portal tambi\u00e9n cuenta con su canal en You Tube https:\/\/www.youtube.com\/channel\/UCOYlPkSphqed74duBY4OjaQ su cuenta en Facebook:\u00a0\u00a0<a href=\"https:\/\/www.facebook.com\/www.jambalaya.red?fref=ts\">https:\/\/www.facebook.com\/www.jambalaya.red?fref=ts<\/a>, y su perfil en Twitter @JambalayaBo<\/p>\n<\/div>\n<\/div>\n<\/div>\n<\/div>\n","protected":false},"excerpt":{"rendered":"<p>\u201cJambalaya\u201d un portal sobre la diversidad boliviana La Fundaci\u00f3n para el Periodismo desarroll\u00f3 el octavo m\u00f3dulo \u201cPeriodismo on-line y en Redes Sociales\u201d en el marco del programa Formaci\u00f3n Dual en Periodismo con los capacitadores Diego Siegelwachs, que lleg\u00f3 desde Alemania y el facilitador boliviano Boris Miranda. En la semana de capacitaci\u00f3n los periodistas conocieron las&#8230;<\/p>\n","protected":false},"author":1,"featured_media":0,"comment_status":"closed","ping_status":"closed","sticky":false,"template":"","format":"standard","meta":{"footnotes":""},"categories":[],"tags":[],"class_list":["post-1021","post","type-post","status-publish","format-standard","hentry"],"_links":{"self":[{"href":"https:\/\/fundacionperiodismo.org\/formaciondualenperiodismo\/wp-json\/wp\/v2\/posts\/1021","targetHints":{"allow":["GET"]}}],"collection":[{"href":"https:\/\/fundacionperiodismo.org\/formaciondualenperiodismo\/wp-json\/wp\/v2\/posts"}],"about":[{"href":"https:\/\/fundacionperiodismo.org\/formaciondualenperiodismo\/wp-json\/wp\/v2\/types\/post"}],"author":[{"embeddable":true,"href":"https:\/\/fundacionperiodismo.org\/formaciondualenperiodismo\/wp-json\/wp\/v2\/users\/1"}],"replies":[{"embeddable":true,"href":"https:\/\/fundacionperiodismo.org\/formaciondualenperiodismo\/wp-json\/wp\/v2\/comments?post=1021"}],"version-history":[{"count":2,"href":"https:\/\/fundacionperiodismo.org\/formaciondualenperiodismo\/wp-json\/wp\/v2\/posts\/1021\/revisions"}],"predecessor-version":[{"id":1124,"href":"https:\/\/fundacionperiodismo.org\/formaciondualenperiodismo\/wp-json\/wp\/v2\/posts\/1021\/revisions\/1124"}],"wp:attachment":[{"href":"https:\/\/fundacionperiodismo.org\/formaciondualenperiodismo\/wp-json\/wp\/v2\/media?parent=1021"}],"wp:term":[{"taxonomy":"category","embeddable":true,"href":"https:\/\/fundacionperiodismo.org\/formaciondualenperiodismo\/wp-json\/wp\/v2\/categories?post=1021"},{"taxonomy":"post_tag","embeddable":true,"href":"https:\/\/fundacionperiodismo.org\/formaciondualenperiodismo\/wp-json\/wp\/v2\/tags?post=1021"}],"curies":[{"name":"wp","href":"https:\/\/api.w.org\/{rel}","templated":true}]}}