{"id":1023,"date":"2019-04-16T15:48:54","date_gmt":"2019-04-16T15:48:54","guid":{"rendered":"https:\/\/fundacionperiodismo.org\/formaciondualenperiodismo\/?page_id=1023"},"modified":"2019-06-28T18:59:16","modified_gmt":"2019-06-28T18:59:16","slug":"notas-2014-radio-revista","status":"publish","type":"post","link":"https:\/\/fundacionperiodismo.org\/formaciondualenperiodismo\/notas-2014-radio-revista\/","title":{"rendered":"Notas 2014: Radio revista"},"content":{"rendered":"<header id=\"post-header\">\n<h1 class=\"post-title left\">Radio revista \u201cOtra sugerencia\u201d, es el producto final del cuarto m\u00f3dulo<\/h1>\n<\/header>\n<div id=\"content-area\" class=\"post-2520 post type-post status-publish format-standard has-post-thumbnail hentry category-formacion-dual tag-formacion-dual\">\n<div class=\"post-cont-out\">\n<div class=\"post-cont-in\">\n<div id=\"content-main\" class=\"left relative\">\n<p><a href=\"http:\/\/fundacionperiodismo.org\/wp-content\/uploads\/2017\/12\/4to-modulo-FormacionDual.jpg\" data-featherlight=\"image\"><img fetchpriority=\"high\" decoding=\"async\" class=\"aligncenter  wp-image-2521\" src=\"http:\/\/fundacionperiodismo.org\/wp-content\/uploads\/2017\/12\/4to-modulo-FormacionDual.jpg\" sizes=\"(max-width: 557px) 100vw, 557px\" srcset=\"https:\/\/fundacionperiodismo.org\/wp-content\/uploads\/2017\/12\/4to-modulo-FormacionDual.jpg 659w, https:\/\/fundacionperiodismo.org\/wp-content\/uploads\/2017\/12\/4to-modulo-FormacionDual-300x200.jpg 300w, https:\/\/fundacionperiodismo.org\/wp-content\/uploads\/2017\/12\/4to-modulo-FormacionDual-600x400.jpg 600w\" alt=\"\" width=\"557\" height=\"372\" \/><\/a><\/p>\n<p>El taller te\u00f3rico\/pr\u00e1ctico del cuarto m\u00f3dulo: \u00c1rea cultura y espect\u00e1culo de la Formaci\u00f3n Dual en Periodismo, culmin\u00f3 con la entrega de la radio revista \u201cOtra sugerencia\u201d, que elaboraron los participantes del programa con temas culturales, tradiciones y gastronom\u00eda boliviana.<\/p>\n<p>En dicha radio revista se debati\u00f3 la postulaci\u00f3n de la Virgen de la Candelaria de Puno ante la UNESCO con dos invitados, uno de la Asociaci\u00f3n de Residentes Peruanos en Bolivia, Jorge Evangelista,\u00a0 y otro del Comit\u00e9 de Etnograf\u00eda y Folklore de Oruro, Jorge God\u00ednez.<\/p>\n<p>Este taller se desarroll\u00f3 en la \u201cSala de Redacci\u00f3n\u201d de la Fundaci\u00f3n para el Periodismo desde el 17 al 22 de noviembre y las capacitadoras del m\u00f3dulo fueron la periodista alemana, Mirjam\u00a0 Gehrke, y la boliviana, Mary Carmen Molina, que tuvieron a su cargo a 15 periodistas provenientes de los medios de comunicaci\u00f3n.<\/p>\n<p>Ambas capacitadoras, primero ampliaron el concepto de cultura y sus diferentes manifestaciones y los elementos del lenguaje radiof\u00f3nico con \u00e9nfasis en el formato de la entrevista. A lo largo de la semana, cada uno de los periodistas asumi\u00f3 un rol espec\u00edfico de una \u201cSala de Redacci\u00f3n\u201d.<\/p>\n<\/div>\n<\/div>\n<\/div>\n<\/div>\n","protected":false},"excerpt":{"rendered":"<p>Radio revista \u201cOtra sugerencia\u201d, es el producto final del cuarto m\u00f3dulo El taller te\u00f3rico\/pr\u00e1ctico del cuarto m\u00f3dulo: \u00c1rea cultura y espect\u00e1culo de la Formaci\u00f3n Dual en Periodismo, culmin\u00f3 con la entrega de la radio revista \u201cOtra sugerencia\u201d, que elaboraron los participantes del programa con temas culturales, tradiciones y gastronom\u00eda boliviana. En dicha radio revista se&#8230;<\/p>\n","protected":false},"author":1,"featured_media":0,"comment_status":"closed","ping_status":"closed","sticky":false,"template":"","format":"standard","meta":{"footnotes":""},"categories":[],"tags":[],"class_list":["post-1023","post","type-post","status-publish","format-standard","hentry"],"_links":{"self":[{"href":"https:\/\/fundacionperiodismo.org\/formaciondualenperiodismo\/wp-json\/wp\/v2\/posts\/1023","targetHints":{"allow":["GET"]}}],"collection":[{"href":"https:\/\/fundacionperiodismo.org\/formaciondualenperiodismo\/wp-json\/wp\/v2\/posts"}],"about":[{"href":"https:\/\/fundacionperiodismo.org\/formaciondualenperiodismo\/wp-json\/wp\/v2\/types\/post"}],"author":[{"embeddable":true,"href":"https:\/\/fundacionperiodismo.org\/formaciondualenperiodismo\/wp-json\/wp\/v2\/users\/1"}],"replies":[{"embeddable":true,"href":"https:\/\/fundacionperiodismo.org\/formaciondualenperiodismo\/wp-json\/wp\/v2\/comments?post=1023"}],"version-history":[{"count":2,"href":"https:\/\/fundacionperiodismo.org\/formaciondualenperiodismo\/wp-json\/wp\/v2\/posts\/1023\/revisions"}],"predecessor-version":[{"id":1125,"href":"https:\/\/fundacionperiodismo.org\/formaciondualenperiodismo\/wp-json\/wp\/v2\/posts\/1023\/revisions\/1125"}],"wp:attachment":[{"href":"https:\/\/fundacionperiodismo.org\/formaciondualenperiodismo\/wp-json\/wp\/v2\/media?parent=1023"}],"wp:term":[{"taxonomy":"category","embeddable":true,"href":"https:\/\/fundacionperiodismo.org\/formaciondualenperiodismo\/wp-json\/wp\/v2\/categories?post=1023"},{"taxonomy":"post_tag","embeddable":true,"href":"https:\/\/fundacionperiodismo.org\/formaciondualenperiodismo\/wp-json\/wp\/v2\/tags?post=1023"}],"curies":[{"name":"wp","href":"https:\/\/api.w.org\/{rel}","templated":true}]}}