{"id":1025,"date":"2019-04-16T15:50:31","date_gmt":"2019-04-16T15:50:31","guid":{"rendered":"https:\/\/fundacionperiodismo.org\/formaciondualenperiodismo\/?page_id=1025"},"modified":"2019-06-28T18:59:16","modified_gmt":"2019-06-28T18:59:16","slug":"notas-2014-culmina-3er-modulo","status":"publish","type":"post","link":"https:\/\/fundacionperiodismo.org\/formaciondualenperiodismo\/notas-2014-culmina-3er-modulo\/","title":{"rendered":"Notas 2014: Culmina 3er modulo"},"content":{"rendered":"<header id=\"post-header\">\n<h1 class=\"post-title left\">Culmina con \u00e9xito el tercer m\u00f3dulo<\/h1>\n<\/header>\n<div id=\"content-area\" class=\"post-2616 post type-post status-publish format-standard has-post-thumbnail hentry category-formacion-dual tag-formacion-dual\">\n<div class=\"post-cont-out\">\n<div class=\"post-cont-in\">\n<div id=\"content-main\" class=\"left relative\">\n<section class=\"social-sharing-top\">\u00a0<a href=\"http:\/\/fundacionperiodismo.org\/wp-content\/uploads\/2017\/12\/Tercer-modulo-EDual.jpg\" data-featherlight=\"image\"><img fetchpriority=\"high\" decoding=\"async\" class=\"aligncenter  wp-image-2617\" src=\"http:\/\/fundacionperiodismo.org\/wp-content\/uploads\/2017\/12\/Tercer-modulo-EDual.jpg\" sizes=\"(max-width: 555px) 100vw, 555px\" srcset=\"https:\/\/fundacionperiodismo.org\/wp-content\/uploads\/2017\/12\/Tercer-modulo-EDual.jpg 669w, https:\/\/fundacionperiodismo.org\/wp-content\/uploads\/2017\/12\/Tercer-modulo-EDual-300x200.jpg 300w, https:\/\/fundacionperiodismo.org\/wp-content\/uploads\/2017\/12\/Tercer-modulo-EDual-600x400.jpg 600w\" alt=\"\" width=\"555\" height=\"371\" \/><\/a><\/section>\n<p>El taller te\u00f3rico\/pr\u00e1ctico del tercer m\u00f3dulo: \u00c1rea econom\u00eda y finanzas de la Formaci\u00f3n Dual en Periodismo se llev\u00f3 a cabo del 13 al 18 de octubre en la \u201cSala de Redacci\u00f3n\u201d de la Fundaci\u00f3n para el Periodismo y termin\u00f3 con la entrega de reportajes en econom\u00eda de los participantes.<\/p>\n<p>Los capacitadores del m\u00f3dulo fueron el docente alem\u00e1n, Hans-G\u00fcnter Kellner, la Asesora en Periodismo de la DW Akademie, Linda Vierecke, y la periodista boliviana, Svetlana Salvatierra,\u00a0 que tuvieron a su cargo a 16 periodistas provenientes de los medios de comunicaci\u00f3n que forman parte del programa.<\/p>\n<p>En este m\u00f3dulo se hizo referencia al tratamiento del periodismo econ\u00f3mico, a detectar que hay detr\u00e1s de las estad\u00edsticas, a tener una lectura correcta de las cifras, a saber c\u00f3mo afectan estas cifras econ\u00f3micas a las personas. Tambi\u00e9n se puso en claro cu\u00e1les son las reglas de la buena investigaci\u00f3n en periodismo con \u00e9nfasis en el reportaje.<\/p>\n<p>Al inicio del taller los participantes manifestaron en las expectativas que quer\u00edan perder el miedo a los n\u00fameros, conocer los conceptos en econom\u00eda, tener una correcta interpretaci\u00f3n de los datos y de las proyecciones y al finalizar el taller quedaron satisfechos porque todas sus dudas fueron absueltas y prometieron incursionar en el periodismo econ\u00f3mico.<\/p>\n<\/div>\n<\/div>\n<\/div>\n<\/div>\n","protected":false},"excerpt":{"rendered":"<p>Culmina con \u00e9xito el tercer m\u00f3dulo \u00a0 El taller te\u00f3rico\/pr\u00e1ctico del tercer m\u00f3dulo: \u00c1rea econom\u00eda y finanzas de la Formaci\u00f3n Dual en Periodismo se llev\u00f3 a cabo del 13 al 18 de octubre en la \u201cSala de Redacci\u00f3n\u201d de la Fundaci\u00f3n para el Periodismo y termin\u00f3 con la entrega de reportajes en econom\u00eda de los&#8230;<\/p>\n","protected":false},"author":1,"featured_media":0,"comment_status":"closed","ping_status":"closed","sticky":false,"template":"","format":"standard","meta":{"footnotes":""},"categories":[],"tags":[],"class_list":["post-1025","post","type-post","status-publish","format-standard","hentry"],"_links":{"self":[{"href":"https:\/\/fundacionperiodismo.org\/formaciondualenperiodismo\/wp-json\/wp\/v2\/posts\/1025","targetHints":{"allow":["GET"]}}],"collection":[{"href":"https:\/\/fundacionperiodismo.org\/formaciondualenperiodismo\/wp-json\/wp\/v2\/posts"}],"about":[{"href":"https:\/\/fundacionperiodismo.org\/formaciondualenperiodismo\/wp-json\/wp\/v2\/types\/post"}],"author":[{"embeddable":true,"href":"https:\/\/fundacionperiodismo.org\/formaciondualenperiodismo\/wp-json\/wp\/v2\/users\/1"}],"replies":[{"embeddable":true,"href":"https:\/\/fundacionperiodismo.org\/formaciondualenperiodismo\/wp-json\/wp\/v2\/comments?post=1025"}],"version-history":[{"count":3,"href":"https:\/\/fundacionperiodismo.org\/formaciondualenperiodismo\/wp-json\/wp\/v2\/posts\/1025\/revisions"}],"predecessor-version":[{"id":1123,"href":"https:\/\/fundacionperiodismo.org\/formaciondualenperiodismo\/wp-json\/wp\/v2\/posts\/1025\/revisions\/1123"}],"wp:attachment":[{"href":"https:\/\/fundacionperiodismo.org\/formaciondualenperiodismo\/wp-json\/wp\/v2\/media?parent=1025"}],"wp:term":[{"taxonomy":"category","embeddable":true,"href":"https:\/\/fundacionperiodismo.org\/formaciondualenperiodismo\/wp-json\/wp\/v2\/categories?post=1025"},{"taxonomy":"post_tag","embeddable":true,"href":"https:\/\/fundacionperiodismo.org\/formaciondualenperiodismo\/wp-json\/wp\/v2\/tags?post=1025"}],"curies":[{"name":"wp","href":"https:\/\/api.w.org\/{rel}","templated":true}]}}