{"id":1027,"date":"2019-04-16T15:52:06","date_gmt":"2019-04-16T15:52:06","guid":{"rendered":"https:\/\/fundacionperiodismo.org\/formaciondualenperiodismo\/?page_id=1027"},"modified":"2019-06-28T18:59:16","modified_gmt":"2019-06-28T18:59:16","slug":"notas-2014-inicio-3er-modulo","status":"publish","type":"post","link":"https:\/\/fundacionperiodismo.org\/formaciondualenperiodismo\/notas-2014-inicio-3er-modulo\/","title":{"rendered":"Notas 2014: Inicio 3er modulo"},"content":{"rendered":"<header id=\"post-header\">\n<h1 class=\"post-title left\">La formaci\u00f3n dual en periodismo ingresa al tercer m\u00f3dulo<\/h1>\n<\/header>\n<div id=\"content-area\" class=\"post-2651 post type-post status-publish format-standard has-post-thumbnail hentry category-formacion-dual tag-formacion-dual\">\n<div class=\"post-cont-out\">\n<div class=\"post-cont-in\">\n<div id=\"content-main\" class=\"left relative\">\n<p><a href=\"http:\/\/fundacionperiodismo.org\/wp-content\/uploads\/2017\/12\/DSC_0229.jpg\" data-featherlight=\"image\"><img fetchpriority=\"high\" decoding=\"async\" class=\"aligncenter  wp-image-2652\" src=\"http:\/\/fundacionperiodismo.org\/wp-content\/uploads\/2017\/12\/DSC_0229.jpg\" sizes=\"(max-width: 514px) 100vw, 514px\" srcset=\"https:\/\/fundacionperiodismo.org\/wp-content\/uploads\/2017\/12\/DSC_0229.jpg 788w, https:\/\/fundacionperiodismo.org\/wp-content\/uploads\/2017\/12\/DSC_0229-300x199.jpg 300w, https:\/\/fundacionperiodismo.org\/wp-content\/uploads\/2017\/12\/DSC_0229-768x509.jpg 768w\" alt=\"\" width=\"514\" height=\"340\" \/><\/a><\/p>\n<p>El segundo m\u00f3dulo de la Formaci\u00f3n Dual en Periodismo que impulsan la Fundaci\u00f3n para el Periodismo (FPP) y la Deutsche Welle Akademie (DW-Akademie) con el apoyo de la Gesellschaft f\u00fcr Internationalle Zussamenarbeit (GIZ)\u00a0 termin\u00f3 con la presentaci\u00f3n de los trabajos finales que realizaron los 16 participantes que tiene el programa. El m\u00f3dulo te\u00f3rico, que tiene una duraci\u00f3n de 44 horas aula, fue conducido por el equipo que conformaron la experta alemana Nina Ludewig\u00a0 y la periodista Patricia Cusicanqui.<\/p>\n<p>El m\u00f3dulo trato sobre la realizaci\u00f3n de reportajes pol\u00edticos y la cobertura de procesos electorales con \u00e9nfasis en formatos para televisi\u00f3n. En los trabajos finales, los participantes demostraron que un enfoque novedoso, creativo y ameno para los temas pol\u00edticos es posible si se piensa en las necesidades informativas de la ciudadan\u00eda.<\/p>\n<p>El primer m\u00f3dulo, que concluy\u00f3 con la sesi\u00f3n evaluatoria el pasado s\u00e1bado 30 de agosto, conto con la participaci\u00f3n de dos equipos de capacitadores. El primero formado por Steffen Leidel y Adriana Gutierres y\u00a0 el segundo por Peter Stegeman y Javier Casta\u00f1os. En este m\u00f3dulo, se revisaron aspectos como el periodismo digital, la utilizaci\u00f3n de aplicaciones para la cobertura period\u00edstica y la escritura de notas y reportajes.<\/p>\n<p>La FPP capacita a su equipo de docentes en periodismo desde hace dos a\u00f1os. Para tal efecto, ha acudido a periodistas en ejercicio. Los equipos de co-coaching tienen como objetivo afinar las capacidades de los docentes bolivianos e intercambiar experiencias con los alemanes.<\/p>\n<p>El programa de formaci\u00f3n dual tiene una duraci\u00f3n de un a\u00f1o y est\u00e1 dirigido a aquellas personas que, habiendo egresado de cualquier carrera universitaria o habiendo trabajado al menos dos a\u00f1os en un medio de comunicaci\u00f3n, desean especializarse en el periodismo. El programa se inspir\u00f3 en los procesos de formaci\u00f3n dual que se desarrollan en Alemania para formar periodistas.<\/p>\n<p><a href=\"http:\/\/fundacionperiodismo.org\/wp-content\/uploads\/2017\/12\/MG_0448.jpg\" data-featherlight=\"image\"><img decoding=\"async\" class=\"aligncenter  wp-image-2653\" src=\"http:\/\/fundacionperiodismo.org\/wp-content\/uploads\/2017\/12\/MG_0448.jpg\" sizes=\"(max-width: 725px) 100vw, 725px\" srcset=\"https:\/\/fundacionperiodismo.org\/wp-content\/uploads\/2017\/12\/MG_0448.jpg 829w, https:\/\/fundacionperiodismo.org\/wp-content\/uploads\/2017\/12\/MG_0448-300x200.jpg 300w, https:\/\/fundacionperiodismo.org\/wp-content\/uploads\/2017\/12\/MG_0448-768x512.jpg 768w, https:\/\/fundacionperiodismo.org\/wp-content\/uploads\/2017\/12\/MG_0448-600x400.jpg 600w\" alt=\"\" width=\"725\" height=\"483\" \/><\/a><\/p>\n<\/div>\n<\/div>\n<\/div>\n<\/div>\n","protected":false},"excerpt":{"rendered":"<p>La formaci\u00f3n dual en periodismo ingresa al tercer m\u00f3dulo El segundo m\u00f3dulo de la Formaci\u00f3n Dual en Periodismo que impulsan la Fundaci\u00f3n para el Periodismo (FPP) y la Deutsche Welle Akademie (DW-Akademie) con el apoyo de la Gesellschaft f\u00fcr Internationalle Zussamenarbeit (GIZ)\u00a0 termin\u00f3 con la presentaci\u00f3n de los trabajos finales que realizaron los 16 participantes&#8230;<\/p>\n","protected":false},"author":1,"featured_media":0,"comment_status":"closed","ping_status":"closed","sticky":false,"template":"","format":"standard","meta":{"footnotes":""},"categories":[],"tags":[],"class_list":["post-1027","post","type-post","status-publish","format-standard","hentry"],"_links":{"self":[{"href":"https:\/\/fundacionperiodismo.org\/formaciondualenperiodismo\/wp-json\/wp\/v2\/posts\/1027","targetHints":{"allow":["GET"]}}],"collection":[{"href":"https:\/\/fundacionperiodismo.org\/formaciondualenperiodismo\/wp-json\/wp\/v2\/posts"}],"about":[{"href":"https:\/\/fundacionperiodismo.org\/formaciondualenperiodismo\/wp-json\/wp\/v2\/types\/post"}],"author":[{"embeddable":true,"href":"https:\/\/fundacionperiodismo.org\/formaciondualenperiodismo\/wp-json\/wp\/v2\/users\/1"}],"replies":[{"embeddable":true,"href":"https:\/\/fundacionperiodismo.org\/formaciondualenperiodismo\/wp-json\/wp\/v2\/comments?post=1027"}],"version-history":[{"count":3,"href":"https:\/\/fundacionperiodismo.org\/formaciondualenperiodismo\/wp-json\/wp\/v2\/posts\/1027\/revisions"}],"predecessor-version":[{"id":1121,"href":"https:\/\/fundacionperiodismo.org\/formaciondualenperiodismo\/wp-json\/wp\/v2\/posts\/1027\/revisions\/1121"}],"wp:attachment":[{"href":"https:\/\/fundacionperiodismo.org\/formaciondualenperiodismo\/wp-json\/wp\/v2\/media?parent=1027"}],"wp:term":[{"taxonomy":"category","embeddable":true,"href":"https:\/\/fundacionperiodismo.org\/formaciondualenperiodismo\/wp-json\/wp\/v2\/categories?post=1027"},{"taxonomy":"post_tag","embeddable":true,"href":"https:\/\/fundacionperiodismo.org\/formaciondualenperiodismo\/wp-json\/wp\/v2\/tags?post=1027"}],"curies":[{"name":"wp","href":"https:\/\/api.w.org\/{rel}","templated":true}]}}