{"id":1029,"date":"2019-04-16T15:54:36","date_gmt":"2019-04-16T15:54:36","guid":{"rendered":"https:\/\/fundacionperiodismo.org\/formaciondualenperiodismo\/?page_id=1029"},"modified":"2019-06-28T17:16:09","modified_gmt":"2019-06-28T17:16:09","slug":"entrevista-a-cesar-sanchez","status":"publish","type":"post","link":"https:\/\/fundacionperiodismo.org\/formaciondualenperiodismo\/entrevista-a-cesar-sanchez\/","title":{"rendered":"Entrevista a C\u00e9sar S\u00e1nchez"},"content":{"rendered":"<h4>C\u00c9SAR S\u00c1NCHEZ:<\/h4>\n<h1><strong>\u201cLA FORMACI\u00d3N DUAL FUE MUCHO M\u00c1S FRUCT\u00cdFERA QUE LA UNIVERSIDAD\u201d<\/strong><\/h1>\n<p><img fetchpriority=\"high\" decoding=\"async\" class=\"aligncenter size-full wp-image-1265\" src=\"https:\/\/fundacionperiodismo.org\/formaciondualenperiodismo\/wp-content\/uploads\/2019\/04\/cesar-sanchez.jpg\" alt=\"\" width=\"1350\" height=\"1013\" srcset=\"https:\/\/fundacionperiodismo.org\/formaciondualenperiodismo\/wp-content\/uploads\/2019\/04\/cesar-sanchez.jpg 1350w, https:\/\/fundacionperiodismo.org\/formaciondualenperiodismo\/wp-content\/uploads\/2019\/04\/cesar-sanchez-300x225.jpg 300w, https:\/\/fundacionperiodismo.org\/formaciondualenperiodismo\/wp-content\/uploads\/2019\/04\/cesar-sanchez-768x576.jpg 768w, https:\/\/fundacionperiodismo.org\/formaciondualenperiodismo\/wp-content\/uploads\/2019\/04\/cesar-sanchez-1024x768.jpg 1024w\" sizes=\"(max-width: 1350px) 100vw, 1350px\" \/><\/p>\n<p style=\"text-align: right;\"><em>\u00a0\u00a0\u00a0\u00a0\u00a0\u00a0\u00a0\u00a0\u00a0 Lukas Praller*<\/em><\/p>\n<p>C\u00e9sar S\u00e1nchez es periodista en el portal digital Oxigeno.bo. Sus primeras experiencias laborales las gan\u00f3 en el Instituto para el Desarrollo Rural de Sudam\u00e9rica, despu\u00e9s trabaj\u00f3 como periodista y editor de la revista Oxigeno. Luego pas\u00f3 a ser jefe de redacci\u00f3n de la empresa Infopublica Multimedia que maneja al peri\u00f3dico Urgentebo.com, la revista Oxigeno y El Compadre. En 2014, S\u00e1nchez se inscribi\u00f3 al programa de Formaci\u00f3n Dual de Periodismo que dur\u00f3 un a\u00f1o. En esta entrevista, habla de la diferencia entre el periodismo de la prensa y del digital, las experiencias que gan\u00f3 durante la Formaci\u00f3n Dual y el esfuerzo enorme que era indispensable durante este per\u00edodo.<\/p>\n<ol>\n<li><strong>\u00bfPor qu\u00e9 decidiste ser periodista?<\/strong><\/li>\n<\/ol>\n<p><strong>C.S.<\/strong>\u00a0Creo que siempre lo tuve en mis genes. Desde siempre quise ser periodista, m\u00e1s espec\u00edficamente periodista deportivo. Estudie comunicaci\u00f3n para ser periodista deportivo. Me encanta el deporte y el f\u00fatbol. Entonces era una buena forma de combinar \u2013 si vale el t\u00e9rmino \u2013 las dos cosas que me gustan.<\/p>\n<ol start=\"2\">\n<li><strong>\u00bfQu\u00e9 significa ejercer un buen periodismo?<\/strong><\/li>\n<\/ol>\n<p><strong>C.S.<\/strong>\u00a0Creo que es una pregunta que se continuar\u00e1 discutiendo por mucho tiempo. Muchas veces uno s\u00f3lo quiere, como se dice, lanzar la pepa. Pero b\u00e1sicamente es respetar lo que nos han ense\u00f1ado en la universidad: contrastar las fuentes, tener un equilibrio de ambas partes, verificar los datos. Creo que un buen periodismo es eso. La imparcialidad, sobre todo, tambi\u00e9n.<\/p>\n<ol start=\"3\">\n<li><strong>Casi siempre trabajaste en la prensa escrita \u00bfQu\u00e9 te gusta en este \u00e1mbito? \u00bfY qu\u00e9 tal la televisi\u00f3n o la radio?<\/strong><\/li>\n<\/ol>\n<p><strong>C.S.<\/strong>\u00a0Simplemente me desarrollo mejor escribiendo, o sea las ideas vienen a mi cabeza y puedo plasmarlas en un texto. He tenido unas pasant\u00edas en televisi\u00f3n tambi\u00e9n. Pero no me siento tan c\u00f3modo con una c\u00e1mara en mi cara. No es lo m\u00edo. Me pongo nervioso y las ideas no me fluyen como quisiera. Me gusta m\u00e1s escribir. Gracias a la Formaci\u00f3n Dual conoc\u00ed muchas herramientas digitales y me encanta aplicarlas. Me encanta poner links, hacer l\u00edneas de tiempo, hacer cosas interactivas que la web te lo permite. Me siento muy c\u00f3modo haciendo eso.<\/p>\n<ol start=\"4\">\n<li><strong>\u00bfCu\u00e1l es la diferencia del trabajo en la prensa escrita y la digital?<\/strong><\/li>\n<\/ol>\n<p><strong>C.S.<\/strong>\u00a0Creo que se complementan. En la prensa escrita solamente haces el texto, sacas unas fotos y listo. En cambio en la digital tienes otras herramientas que son un buen complemento al texto. A veces un texto que deber\u00eda ser muy extenso se puede resumir en una imagen. El digital te ayuda a presentar en una mejor manera tu material y que sea m\u00e1s entendible para el p\u00fablico. Por eso es un excelente complemento para la parte escrita. La diferencia es eso. Te da mucha variaci\u00f3n, muchas posibilidades de explorar y explotar los recursos.<\/p>\n<ol start=\"5\">\n<li><strong>El 2014 te inscribiste en la Formaci\u00f3n Dual en Periodismo. \u00bfDir\u00edas que vali\u00f3 la pena?<\/strong><\/li>\n<\/ol>\n<p><strong>C.S.<\/strong>\u00a0Totalmente. Para m\u00ed fue mucho m\u00e1s fruct\u00edfera que la universidad, por todo lo que aprend\u00ed. La Formaci\u00f3n Dual es donde conoc\u00ed muchas cosas que ahora me est\u00e1n ayudando a tener un plus en mi trabajo. En la universidad no s\u00f3lo es periodismo, es comunicaci\u00f3n en todos los \u00e1mbitos y tambi\u00e9n es valorable. Las relaciones p\u00fablicas, por ejemplo, me encantan. Pero en cuesti\u00f3n de periodismo yo valoro mucho m\u00e1s lo que ha sido la Formaci\u00f3n Dual porque nos ense\u00f1aban periodismo neto, en todos los campos y \u00e1mbitos: econ\u00f3mico, pol\u00edtico, deportivo, cultural. Y no s\u00f3lo para escrito, sino tambi\u00e9n televisi\u00f3n, fotograf\u00eda y herramientas digitales. Adem\u00e1s no s\u00f3lo fue \u00fatil para aprender, sino tambi\u00e9n para aplicar en el medio lo que aprend\u00ed. Eso es una oportunidad magn\u00edfica para cualquiera porque la experiencia final la vas ganado ah\u00ed, en la cancha como se dice, no en la teor\u00eda.<\/p>\n<ol start=\"6\">\n<li><strong>\u00bfQu\u00e9 aprendiste concretamente?<\/strong><\/li>\n<\/ol>\n<p><strong>C.S.<\/strong>\u00a0Muchas cosas. Concretamente aprend\u00ed lo que es el periodismo, el trabajo period\u00edstico. No s\u00f3lo era teor\u00eda, hab\u00eda pr\u00e1ctica interna y despu\u00e9s ten\u00edas que aplicarlas en el medio. Era parte del compromiso que ten\u00edamos. Creo que se puede resumir as\u00ed: Es hacer un periodismo diferente, un periodismo de calidad.<\/p>\n<ol start=\"7\">\n<li><strong>\u00bfQu\u00e9 m\u00f3dulo te gust\u00f3 especialmente?<\/strong><\/li>\n<\/ol>\n<p><strong>C.S.<\/strong>\u00a0Hubo dos. Uno con Steffen Leidel que fue nuestro docente del primer y del \u00faltimo m\u00f3dulo. Nos guio en lo que es el periodismo digital y personalmente me incentiv\u00f3 la curiosidad. Nos dijo que la cosa es meterse y jugar. Exactamente eso fui haciendo, conociendo nuevas cosas, gracias a \u00e9l. Aprecio mucho que me abri\u00f3 la mente de esa manera, no sab\u00eda que hab\u00eda esa variedad de herramientas en el digital.<\/p>\n<p>El otro fue con Johannes Metzler que me guio a una parte que no me gustaba: la parte audiovisual. \u00c9l nos ense\u00f1\u00f3 mucho lo que era el manejo de la c\u00e1mara y la edici\u00f3n. El audiovisual, como te expliqu\u00e9, nunca fue lo m\u00edo. No me gusta editar, no me gusta estar al frente de la c\u00e1mara ni manejarla. Pero charlamos mucho, empezamos a hablar de las cosas y me dio consejos para superar esas \u201cbarreras internas\u201d, as\u00ed fue el t\u00e9rmino que ten\u00eda. Simplemente lo aprecio mucho porque era una materia en la que no ten\u00eda ninguna expectativa. Pero sal\u00ed y era: \u201cWow\u201d.<\/p>\n<ol start=\"8\">\n<li><strong>C\u00f3mo dijiste, la Formaci\u00f3n Dual tiene muchos elementos valiosos. Pero, al mismo tiempo, requiere un esfuerzo muy grande; o sea, un compromiso especial que demanda mucho tiempo \u00bfC\u00f3mo experimentaste este esfuerzo?<\/strong><\/li>\n<\/ol>\n<p><strong>C.S.<\/strong>\u00a0Tienes que poner 100 % de tus esfuerzos y tener un compromiso. No s\u00f3lo por el curso que es hermoso, sino tambi\u00e9n por la oportunidad que te est\u00e1n dando. Es trabajo, un compromiso enorme. Pero un compromiso que vale la pena. Los cursos eran una semana entera, de lunes a s\u00e1bado. Pero obviamente no puedes descuidar el otro lado. En mi caso, asist\u00eda a los cursos y por la noche ten\u00eda que trabajar y realizar una nota que me encomendaban en el trabajo. Entonces, fue un doble esfuerzo al mismo tiempo. Estudiaba todo el d\u00eda y en la noche hac\u00eda unas cosas para mi medio. Pero, como te repito, m\u00e1s que los esfuerzos son las ganas. Es la manera de recompensar toda la inversi\u00f3n que est\u00e1n haciendo en nosotros. Es la \u00fanica forma de retribuirles al final, demostrar que s\u00ed podemos, que s\u00ed vale la pena.<\/p>\n<ol start=\"9\">\n<li><strong>\u00bfCu\u00e1l ser\u00eda tu consejo a personas que est\u00e1n pensando en aplicar a la pr\u00f3xima versi\u00f3n de la FDP?<\/strong><\/li>\n<\/ol>\n<p><strong>C.S.<\/strong>\u00a0Primero, que lo hagan, que se animen. Porque cuando uno lee los requisitos, tal vez dice: \u201cNo, parece que es para periodistas mucho m\u00e1s destacados\u201d. Y esto fue lo que me pas\u00f3 a m\u00ed. Yo casi no hubiera postulado porque cuando vi la convocatoria, pens\u00e9 exactamente eso, que se iban a re\u00edr de m\u00ed y de mi curr\u00edculo. Por eso casi no lo mand\u00e9. Pues, me anim\u00e9 y gracias a Dios me eligieron y todo sali\u00f3 bien. Entonces, eso es lo primero, que se animen. El segundo, que lo disfruten al m\u00e1ximo, que traten de exprimir cada conocimiento y cada cosa que tienen que hacer ah\u00ed. Y tercero, que lo aprovechen. Es una oportunidad enorme. Tal vez en el momento no percibes lo grande que es, pero una vez que llegue el momento de aplicarlo, te das cuenta de que todo lo que has aprendido en la Formaci\u00f3n Dual, al menos en mi caso, tiene un gran valor para la vida. Es un sentimiento muy bonito, el saber que est\u00e1s aprovechando la oportunidad que te dan.<\/p>\n<p><em>*Lukas Praller es voluntario de la DW Akademie en la Fundaci\u00f3n para el Periodismo.<\/em><\/p>\n","protected":false},"excerpt":{"rendered":"<p>C\u00c9SAR S\u00c1NCHEZ: \u201cLA FORMACI\u00d3N DUAL FUE MUCHO M\u00c1S FRUCT\u00cdFERA QUE LA UNIVERSIDAD\u201d \u00a0\u00a0\u00a0\u00a0\u00a0\u00a0\u00a0\u00a0\u00a0 Lukas Praller* C\u00e9sar S\u00e1nchez es periodista en el portal digital Oxigeno.bo. Sus primeras experiencias laborales las gan\u00f3 en el Instituto para el Desarrollo Rural de Sudam\u00e9rica, despu\u00e9s trabaj\u00f3 como periodista y editor de la revista Oxigeno. Luego pas\u00f3 a ser jefe de&#8230;<\/p>\n","protected":false},"author":1,"featured_media":1265,"comment_status":"closed","ping_status":"closed","sticky":false,"template":"","format":"standard","meta":{"footnotes":""},"categories":[14,21],"tags":[],"class_list":["post-1029","post","type-post","status-publish","format-standard","has-post-thumbnail","hentry","category-14","category-entrevistas-a-participantes-2014"],"_links":{"self":[{"href":"https:\/\/fundacionperiodismo.org\/formaciondualenperiodismo\/wp-json\/wp\/v2\/posts\/1029","targetHints":{"allow":["GET"]}}],"collection":[{"href":"https:\/\/fundacionperiodismo.org\/formaciondualenperiodismo\/wp-json\/wp\/v2\/posts"}],"about":[{"href":"https:\/\/fundacionperiodismo.org\/formaciondualenperiodismo\/wp-json\/wp\/v2\/types\/post"}],"author":[{"embeddable":true,"href":"https:\/\/fundacionperiodismo.org\/formaciondualenperiodismo\/wp-json\/wp\/v2\/users\/1"}],"replies":[{"embeddable":true,"href":"https:\/\/fundacionperiodismo.org\/formaciondualenperiodismo\/wp-json\/wp\/v2\/comments?post=1029"}],"version-history":[{"count":3,"href":"https:\/\/fundacionperiodismo.org\/formaciondualenperiodismo\/wp-json\/wp\/v2\/posts\/1029\/revisions"}],"predecessor-version":[{"id":1268,"href":"https:\/\/fundacionperiodismo.org\/formaciondualenperiodismo\/wp-json\/wp\/v2\/posts\/1029\/revisions\/1268"}],"wp:featuredmedia":[{"embeddable":true,"href":"https:\/\/fundacionperiodismo.org\/formaciondualenperiodismo\/wp-json\/wp\/v2\/media\/1265"}],"wp:attachment":[{"href":"https:\/\/fundacionperiodismo.org\/formaciondualenperiodismo\/wp-json\/wp\/v2\/media?parent=1029"}],"wp:term":[{"taxonomy":"category","embeddable":true,"href":"https:\/\/fundacionperiodismo.org\/formaciondualenperiodismo\/wp-json\/wp\/v2\/categories?post=1029"},{"taxonomy":"post_tag","embeddable":true,"href":"https:\/\/fundacionperiodismo.org\/formaciondualenperiodismo\/wp-json\/wp\/v2\/tags?post=1029"}],"curies":[{"name":"wp","href":"https:\/\/api.w.org\/{rel}","templated":true}]}}