{"id":1031,"date":"2019-04-16T15:55:49","date_gmt":"2019-04-16T15:55:49","guid":{"rendered":"https:\/\/fundacionperiodismo.org\/formaciondualenperiodismo\/?page_id=1031"},"modified":"2019-06-28T17:08:14","modified_gmt":"2019-06-28T17:08:14","slug":"entrevista-a-angel-lozano","status":"publish","type":"post","link":"https:\/\/fundacionperiodismo.org\/formaciondualenperiodismo\/entrevista-a-angel-lozano\/","title":{"rendered":"Entrevista a \u00c1ngel Lozano"},"content":{"rendered":"<h4>\u00c1NGEL LOZANO:<em>\u00a0<\/em><\/h4>\n<h1><strong>\u201cLLEGAMOS A TENER UNA VISI\u00d3N DIFERENTE DEL PERIODISMO<\/strong><strong>\u201d<\/strong><\/h1>\n<p><a href=\"http:\/\/fundacionperiodismo.org\/wp-content\/uploads\/2017\/12\/%C3%81ngel-Lozano.jpg\" data-featherlight=\"image\"><img fetchpriority=\"high\" decoding=\"async\" class=\"wp-image-2559 aligncenter\" src=\"http:\/\/fundacionperiodismo.org\/wp-content\/uploads\/2017\/12\/%C3%81ngel-Lozano.jpg\" sizes=\"(max-width: 258px) 100vw, 258px\" srcset=\"https:\/\/fundacionperiodismo.org\/wp-content\/uploads\/2017\/12\/\u00c1ngel-Lozano.jpg 321w, https:\/\/fundacionperiodismo.org\/wp-content\/uploads\/2017\/12\/\u00c1ngel-Lozano-150x150.jpg 150w, https:\/\/fundacionperiodismo.org\/wp-content\/uploads\/2017\/12\/\u00c1ngel-Lozano-300x300.jpg 300w, https:\/\/fundacionperiodismo.org\/wp-content\/uploads\/2017\/12\/\u00c1ngel-Lozano-80x80.jpg 80w, https:\/\/fundacionperiodismo.org\/wp-content\/uploads\/2017\/12\/\u00c1ngel-Lozano-50x50.jpg 50w, https:\/\/fundacionperiodismo.org\/wp-content\/uploads\/2017\/12\/\u00c1ngel-Lozano-45x45.jpg 45w\" alt=\"\" width=\"258\" height=\"257\" \/><\/a><\/p>\n<p class=\"wp-caption-text\" style=\"text-align: center;\">\u00c1ngel Lozano Vargas, 44 a\u00f1os, periodista del Sistema RTP<\/p>\n<p style=\"text-align: right;\"><em>Lukas Praller*<\/em><\/p>\n<p style=\"text-align: left;\">\u00c1ngel Lozano es periodista de televisi\u00f3n y trabaja actualmente en el Sistema RTP, en la ciudad de La Paz. Hace dos a\u00f1os termin\u00f3 la Formaci\u00f3n Dual en Periodismo (FDP), un programa organizado por la Fundaci\u00f3n para el Periodismo y la Deutsche Welle Akademie con el objetivo de brindar una educaci\u00f3n de alta calidad en el tema del periodismo. En la entrevista, Lozano habla de sus primeras expectativas de este programa, sus experiencias y sus consejos a personas que est\u00e1n interesadas en aplicar a la segunda versi\u00f3n de la FDP que empezar\u00e1 en enero de 2018.<\/p>\n<ol>\n<li><strong>Desde 1994 trabajas como periodista de televisi\u00f3n en La Paz \u00bfPor qu\u00e9 decidiste ser periodista?<\/strong><\/li>\n<\/ol>\n<p><strong>A.L.<\/strong>\u00a0Bueno, yo empec\u00e9 en primera instancia como camar\u00f3grafo. Me gustaba mucho el cine, pero lamentablemente en nuestro pa\u00eds no hab\u00eda una carrera para estudiar cinematograf\u00eda; entonces, me dediqu\u00e9 a la comunicaci\u00f3n. Primero ingres\u00e9 a Autocanal y luego a Canal 4, pero como camar\u00f3grafo. Hice c\u00e1maras en producci\u00f3n y c\u00e1maras en prensa. Cuando ingres\u00e9 a prensa, all\u00ed me comenz\u00f3 a gustar un poco el tema de hacer las notas period\u00edsticas, el tema de la comunicaci\u00f3n. Entonces termin\u00e9 la Carrera de Comunicaci\u00f3n.<\/p>\n<ol start=\"2\">\n<li><strong>\u00bfQu\u00e9 significa para ti ejercer periodismo?<\/strong><\/li>\n<\/ol>\n<p><strong>A.L.<\/strong>\u00a0Creo que el periodismo bueno se define por muchos factores. Pero el principal es el periodismo veraz. El que no use el sensacionalismo, el que busca siempre el equilibrio de informaci\u00f3n, el que refleja la realidad de la sociedad y evita entrar en juicios de valor y diferentes aspectos. A m\u00ed, como periodista de televisi\u00f3n, me gusta estar en la calle, hacer la cobertura en la calle. Creo que all\u00ed ves la realidad. En cinco minutos te puedes topar con el Presidente. Es un traj\u00edn muy lindo, una emoci\u00f3n bastante diversa, se podr\u00eda decir. Est\u00e1s en un lugar, est\u00e1s en otro, viajas, sales. No est\u00e1s en la oficina encerrado, no est\u00e1s esperando que te traigan informaci\u00f3n. T\u00fa vas a buscarla.<\/p>\n<ol start=\"3\">\n<li><strong>La primera versi\u00f3n de la Formaci\u00f3n Dual en Periodismo se realiz\u00f3 el a\u00f1o 2014 en la que t\u00fa participaste \u00bfPor qu\u00e9 te inscribiste?<\/strong><\/li>\n<\/ol>\n<p><strong>A.L.<\/strong>\u00a0Me llam\u00f3 la atenci\u00f3n porque hab\u00edan anunciado una serie de mecanismos nuevos, o sea metodolog\u00edas de trabajo que incluy\u00f3 tambi\u00e9n el tema de la tecnolog\u00eda. Por eso me pareci\u00f3 interesante aplicar con la base que ya ten\u00eda. Tambi\u00e9n me inscrib\u00ed por los facilitadores que llegaron y sus tips que pueden servir mucho. Llegaron profesores de muchos pa\u00edses, de Alemania, de Argentina, que nos han mostrado y nos han ense\u00f1ado sus conocimientos, sus pr\u00e1cticas. Ha valido la pena. Hemos llegado a tener un panorama diferente, una visi\u00f3n diferente de lo que es el periodismo tradicional aqu\u00ed en Bolivia. Esto sirvi\u00f3 para darnos cuenta precisamente de que se puede hacer periodismo de diferentes maneras, no solamente la tradicional.<\/p>\n<ol start=\"4\">\n<li><strong>Si recuerdas el inicio de este programa educativo \u00bfCon qu\u00e9 expectativas empezaste la Formaci\u00f3n Dual en Periodismo?<\/strong><\/li>\n<\/ol>\n<p><strong>A.L.<\/strong>\u00a0Lo principal fue aprender. Uno nunca termina de aprender y el que piensa lo contrario est\u00e1 mal. Creo que realmente hemos empezado con ganas de aprender. En el tema de Internet, por ejemplo, todav\u00eda estamos en pa\u00f1ales aqu\u00ed en Bolivia, se podr\u00eda decir. Pero hay otros pa\u00edses que ya lo han puesto en pr\u00e1ctica, periodistas que con base a Twitter u otras redes sociales hacen un buen trabajo y pueden hacer una buena cubertura inclusive sin estar en el lugar \u2013 con base en datos, informaci\u00f3n y contactos. Es una cosa que nos ayuda como periodistas. Tenemos muchas formas mediante el Facebook, mediante las redes sociales precisamente de corroborar esta informaci\u00f3n para brindar informaci\u00f3n veraz a la gente. La Formaci\u00f3n Dual nos ha hecho ver eso.<\/p>\n<ol start=\"5\">\n<li><strong>Entonces \u00bfC\u00f3mo te pareci\u00f3 la Formaci\u00f3n Dual en general?<\/strong><\/li>\n<\/ol>\n<p><strong>A.L.<\/strong>\u00a0Es una buena iniciativa. Los compa\u00f1eros que hemos participado del primer curso hemos salido bastante satisfechos. Hemos podido adquirir m\u00e1s conocimientos, aprender el tema de trabajo en equipo, valores que en el trabajo habitual los hemos dejado de lado, muchas veces por la presi\u00f3n y la premura de tiempo. Pero, all\u00ed hemos visto la importancia de planificar, de hablar con los compa\u00f1eros y dividi\u00e9ndonos el trabajo.<\/p>\n<ol start=\"6\">\n<li><strong>La Formaci\u00f3n Dual en Periodismo se divide en varios m\u00f3dulos, cada uno con su propio enfoque y contenido \u00bfHubo una actividad que te gust\u00f3 especialmente?<\/strong><\/li>\n<\/ol>\n<p><strong>A.L.<\/strong>\u00a0La verdad es que me gustaban todas, porque eran muy interesantes. Una vez a la semana en clases y hemos tenido muy buenas experiencias. Hemos hecho un documental en el tema de reciclaje que me ha gustado bastante, era un mensaje para los ni\u00f1os. Hemos hecho trabajos para personas mayores tambi\u00e9n. Lo bueno es que hemos abarcado todas las ramas de la comunicaci\u00f3n: radio, redes sociales, econom\u00eda, deportes, fotograf\u00eda, creo que esas herramientas para un periodista son muy \u00fatiles. Hoy en d\u00eda ya no se puede, digamos, esperar que un equipo de prensa est\u00e9 conformado por un redactor, un fot\u00f3grafo o tal vez un asistente. Por la premura de tiempo, a veces lo tienes que hacer t\u00fa. Tomar una foto, ver la luz, todo eso. O en cuanto a la econom\u00eda, lamentablemente cuando te hablan de econom\u00eda, t\u00fa la relacionas con n\u00fameros. Pero hemos aprendido en los cursos que se pueden buscar nuevas formas de informar en el tema econ\u00f3mico, por ejemplo buscando comparaciones. Hay varios tips que nos han dado, que nos han resultado muy importantes y que en cierta forma estamos implementando en nuestros medios de comunicaci\u00f3n.<\/p>\n<p><em>*Lukas Praller es voluntario de la Deutsche Welle Akademie en la Fundaci\u00f3n para el Periodismo.<\/em><\/p>\n","protected":false},"excerpt":{"rendered":"<p>\u00c1NGEL LOZANO:\u00a0 \u201cLLEGAMOS A TENER UNA VISI\u00d3N DIFERENTE DEL PERIODISMO\u201d \u00c1ngel Lozano Vargas, 44 a\u00f1os, periodista del Sistema RTP Lukas Praller* \u00c1ngel Lozano es periodista de televisi\u00f3n y trabaja actualmente en el Sistema RTP, en la ciudad de La Paz. Hace dos a\u00f1os termin\u00f3 la Formaci\u00f3n Dual en Periodismo (FDP), un programa organizado por la&#8230;<\/p>\n","protected":false},"author":1,"featured_media":1264,"comment_status":"closed","ping_status":"closed","sticky":false,"template":"","format":"standard","meta":{"footnotes":""},"categories":[14,21],"tags":[],"class_list":["post-1031","post","type-post","status-publish","format-standard","has-post-thumbnail","hentry","category-14","category-entrevistas-a-participantes-2014"],"_links":{"self":[{"href":"https:\/\/fundacionperiodismo.org\/formaciondualenperiodismo\/wp-json\/wp\/v2\/posts\/1031","targetHints":{"allow":["GET"]}}],"collection":[{"href":"https:\/\/fundacionperiodismo.org\/formaciondualenperiodismo\/wp-json\/wp\/v2\/posts"}],"about":[{"href":"https:\/\/fundacionperiodismo.org\/formaciondualenperiodismo\/wp-json\/wp\/v2\/types\/post"}],"author":[{"embeddable":true,"href":"https:\/\/fundacionperiodismo.org\/formaciondualenperiodismo\/wp-json\/wp\/v2\/users\/1"}],"replies":[{"embeddable":true,"href":"https:\/\/fundacionperiodismo.org\/formaciondualenperiodismo\/wp-json\/wp\/v2\/comments?post=1031"}],"version-history":[{"count":3,"href":"https:\/\/fundacionperiodismo.org\/formaciondualenperiodismo\/wp-json\/wp\/v2\/posts\/1031\/revisions"}],"predecessor-version":[{"id":1262,"href":"https:\/\/fundacionperiodismo.org\/formaciondualenperiodismo\/wp-json\/wp\/v2\/posts\/1031\/revisions\/1262"}],"wp:featuredmedia":[{"embeddable":true,"href":"https:\/\/fundacionperiodismo.org\/formaciondualenperiodismo\/wp-json\/wp\/v2\/media\/1264"}],"wp:attachment":[{"href":"https:\/\/fundacionperiodismo.org\/formaciondualenperiodismo\/wp-json\/wp\/v2\/media?parent=1031"}],"wp:term":[{"taxonomy":"category","embeddable":true,"href":"https:\/\/fundacionperiodismo.org\/formaciondualenperiodismo\/wp-json\/wp\/v2\/categories?post=1031"},{"taxonomy":"post_tag","embeddable":true,"href":"https:\/\/fundacionperiodismo.org\/formaciondualenperiodismo\/wp-json\/wp\/v2\/tags?post=1031"}],"curies":[{"name":"wp","href":"https:\/\/api.w.org\/{rel}","templated":true}]}}