{"id":1033,"date":"2019-04-16T15:57:21","date_gmt":"2019-04-16T15:57:21","guid":{"rendered":"https:\/\/fundacionperiodismo.org\/formaciondualenperiodismo\/?page_id=1033"},"modified":"2019-06-28T17:11:25","modified_gmt":"2019-06-28T17:11:25","slug":"entrevista-a-rodolfo-huallpa","status":"publish","type":"post","link":"https:\/\/fundacionperiodismo.org\/formaciondualenperiodismo\/entrevista-a-rodolfo-huallpa\/","title":{"rendered":"Entrevista a Rodolfo Huallpa"},"content":{"rendered":"<h1><strong>\u201cNO CREO QUE HAY UN CURSO SIMILAR EN TODA BOLIVIA\u201d<\/strong><\/h1>\n<p style=\"text-align: right;\"><em>Lukas Praller*<\/em><\/p>\n<p><a href=\"http:\/\/fundacionperiodismo.org\/wp-content\/uploads\/2017\/12\/rodolfo-huallpa.jpg\" data-featherlight=\"image\"><img decoding=\"async\" class=\"size-thumbnail wp-image-2494 alignright\" src=\"http:\/\/fundacionperiodismo.org\/wp-content\/uploads\/2017\/12\/rodolfo-huallpa-150x150.jpg\" sizes=\"(max-width: 150px) 100vw, 150px\" srcset=\"https:\/\/fundacionperiodismo.org\/wp-content\/uploads\/2017\/12\/rodolfo-huallpa-150x150.jpg 150w, https:\/\/fundacionperiodismo.org\/wp-content\/uploads\/2017\/12\/rodolfo-huallpa-300x298.jpg 300w, https:\/\/fundacionperiodismo.org\/wp-content\/uploads\/2017\/12\/rodolfo-huallpa-80x80.jpg 80w, https:\/\/fundacionperiodismo.org\/wp-content\/uploads\/2017\/12\/rodolfo-huallpa-50x50.jpg 50w, https:\/\/fundacionperiodismo.org\/wp-content\/uploads\/2017\/12\/rodolfo-huallpa-45x45.jpg 45w, https:\/\/fundacionperiodismo.org\/wp-content\/uploads\/2017\/12\/rodolfo-huallpa.jpg 589w\" alt=\"\" width=\"150\" height=\"150\" \/><\/a>Rodolfo Huallpa fue participante de la primera versi\u00f3n de la Formaci\u00f3n Dual que se lanz\u00f3 en 2014. Despu\u00e9s de sus estudios de pregrado, trabajaba en la Agencia de Noticias Fides donde tambi\u00e9n cumpl\u00eda su Formaci\u00f3n Dual en Periodismo. Ahora, Huallpa es editor de contenido WEB en el peri\u00f3dico P\u00e1gina Siete. En la entrevista habla de sus primeros pasos en el periodismo, el nivel de informaci\u00f3n de la prensa boliviana y el m\u00f3dulo de la Formaci\u00f3n Dual que le gust\u00f3 m\u00e1s.<\/p>\n<ol>\n<li><strong>\u00bfPor qu\u00e9 decidiste trabajar como periodista?<\/strong><\/li>\n<\/ol>\n<p><strong>R.H.<\/strong>\u00a0Nunca he tenido la intenci\u00f3n de estudiar comunicaci\u00f3n, quer\u00eda ser militar. Pero, bueno: Por los azares de la vida, me topo con una universidad donde me ofrec\u00edan muy buenas opciones para el estudio de la comunicaci\u00f3n social; entonces, haciendo un test vocacional justamente me sale comunicaci\u00f3n social. Es en este sentido que yo adopto y aprovecho esta oportunidad que se me da en una universidad. Desde que sal\u00ed de la universidad no he parado de trabajar en lo que es el periodismo.<\/p>\n<ol start=\"2\">\n<li><strong>\u00bfCu\u00e1l es, en t\u00fa opini\u00f3n, el estado del periodismo en Bolivia hoy en d\u00eda?<\/strong><\/li>\n<\/ol>\n<p><strong>R.H.<\/strong>\u00a0Es un poco complicado. Cuando uno estudia periodismo siempre imaginas las grandes investigaciones como Watergate o trabajos que han ganado premios Pulitzer. Pero cuando empiezas a trabajar en un medio de comunicaci\u00f3n, te das cuenta que ese periodismo por el cu\u00e1l t\u00fa has so\u00f1ado no es tan real, no es tan posible, porque est\u00e1 muy sometido a lo que es la coyuntura. Te digo que el nivel en Bolivia no es malo. Lo que no hay es la oportunidad de ejercer este periodismo de investigaci\u00f3n. Pero no todo es abismo, oscuridad, sino tambi\u00e9n hay luz dentro de lo que se est\u00e1 haciendo en el periodismo. En P\u00e1gina Siete, por ejemplo, s\u00ed se dan modos de hacer dosieres, de hacer investigaciones en profundidad.<\/p>\n<ol start=\"3\">\n<li><strong>En 2014 decidiste participar en la primera versi\u00f3n de la Formaci\u00f3n Dual en Periodismo \u00bfPor qu\u00e9 te inscribiste?<\/strong><\/li>\n<\/ol>\n<p><strong>R.H.<\/strong>\u00a0Todav\u00eda trabajaba en la Agencia de Noticias Fides y se me dio la oportunidad a trav\u00e9s del director. La Fundaci\u00f3n sac\u00f3 la convocatoria y yo me inscrib\u00ed. Pero tambi\u00e9n lleg\u00f3 una invitaci\u00f3n directa a ANF diciendo \u201cDel\u00e9guennos a dos periodistas que puedan participar de esta iniciativa\u201d. El director pens\u00f3 en m\u00ed y en Isabel Vega, que tambi\u00e9n trabajaba conmigo. Yo estaba muy feliz porque me hab\u00eda inscrito por propia voluntad; entonces, si no se me dio por esa primera parte, se me dio la oportunidad de acceder a este curso. Fue hasta mediados de 2015, un a\u00f1o completo de formaci\u00f3n.<\/p>\n<p>\u00bfY por qu\u00e9 me he inscrito? Sobre todo por el tema digital. En 2014, hace tres a\u00f1os, todav\u00eda se debat\u00eda mucho sobre el rol del periodismo digital y de las redes sociales. Pero en el tema del nivel de los medios de comunicaci\u00f3n \u2013tanto los grandes como El Deber, La Raz\u00f3n, P\u00e1gina Siete y Los Tiempos\u2013 no hab\u00eda un desarrollo completo, estaban iniciando, estaban en sus primeros pasos. Entonces, a m\u00ed me llamaba la atenci\u00f3n el poder imbuirme en ese \u00e1mbito y conocer m\u00e1s. Y justamente fui con ese concepto de mente de ver que me puedan ense\u00f1ar m\u00e1s sobre lo que pueden ser herramientas, l\u00f3gicas, todo lo que tiene que ver con el aspecto digital. Me ha logrado satisfacer porque se ha abordado mucho ese tema.<\/p>\n<ol start=\"4\">\n<li><strong>\u00bfVali\u00f3 la pena?<\/strong><\/li>\n<\/ol>\n<p><strong>R.H.<\/strong>\u00a0Seguro. Yo creo que es el \u00fanico curso a nivel nacional donde se te permite hacer lo que muchos te prometen: teor\u00eda y pr\u00e1ctica. No creo que hay un curso similar en toda Bolivia, no hay ninguna universidad que ofrezca la Formaci\u00f3n Dual.<\/p>\n<ol start=\"5\">\n<li><strong>\u00bfQu\u00e9 significa en concreto?<\/strong><\/li>\n<\/ol>\n<p><strong>R.H.<\/strong>\u00a0Concretamente, por ejemplo, el hecho de empezar a narrar historias desde el soporte digital. En la universidad a m\u00ed me ense\u00f1aban a escribir, a narrar en televisi\u00f3n o relatar para radio, pero nunca me han ense\u00f1ado a hacer un periodismo desde el \u00e1mbito digital. La Formaci\u00f3n Dual me permiti\u00f3 esto. Hacer reportajes multimedia. Poder elaborar materiales interactivos y digitales que permitan tener la posibilidad de conversar, en este caso con los usuarios de la p\u00e1gina web o las redes sociales e introducirlos a la pr\u00e1ctica del periodismo. La necesidad del\u00a0<em>feedback<\/em>que no lo tienes en el peri\u00f3dico, por ejemplo, porque t\u00fa escribes y la audiencia es pasiva. En cambio en el medio digital t\u00fa audiencia es activa. Puedes publicar una nota y en unos minutos ya tienes unas reacciones. Tienes la posibilidad de hacer una segunda parte de esa nota. Creo que esto es lo m\u00e1s valioso de la Formaci\u00f3n Dual que me ha permitido entrar en un mundo que desconoc\u00eda porque las universidades no te ofrecen esa posibilidad.<\/p>\n<ol start=\"6\">\n<li><strong>La Formaci\u00f3n Dual tiene muchos m\u00f3dulos \u00bfHubo uno que te gust\u00f3 especialmente?<\/strong><\/li>\n<\/ol>\n<p><strong>R.H.<\/strong>\u00a0Si, hab\u00eda varios que me gustaban, sobre todo los relacionados a periodismo\u00a0<em>online<\/em>, periodismo multimedia o edici\u00f3n de video. Recuerdo tambi\u00e9n que hab\u00eda la misma din\u00e1mica de ense\u00f1anza, o sea no fue la t\u00edpica clase magistral de un docente que est\u00e1 al frente y es \u00e9l que te da los conocimientos. Ha sido diferente. Los conocimientos los construyen todos. La experiencia local de los participantes ha sido enriquecedora.<\/p>\n<ol start=\"7\">\n<li><strong>\u00bfCu\u00e1l es tu consejo a personas que tal vez han estudiado comunicaci\u00f3n o ya tienen experiencia laboral y que est\u00e1n pensando en aplicar a la Formaci\u00f3n Dual en Periodismo?<\/strong><\/li>\n<\/ol>\n<p><strong>R.H.<\/strong>\u00a0Deber\u00edan aprovechar la oportunidad de que se est\u00e1 abriendo una segunda versi\u00f3n de la Formaci\u00f3n Dual, porque no solamente te ense\u00f1an lo b\u00e1sico. Antes te ense\u00f1aban a hacer periodismo para radio, TV o peri\u00f3dico. La Formaci\u00f3n Dual aparte de darte esos tres formatos, porque repasas mucho de lo que has aprendido en la universidad, te permite imbuirte m\u00e1s en el \u00e1mbito digital que es algo que se necesita saber. Todos tenemos conocimientos b\u00e1sicos de c\u00f3mo se maneja un blog, de c\u00f3mo postear algo en Facebook o en Twitter, pero hacerlo de una manera adecuada, con los lenguajes correctos y aparte conocer la teor\u00eda y las l\u00f3gicas que se tienen en este \u00e1mbito, s\u00f3lo lo puedes aprender en la Formaci\u00f3n Dual. Aparte porque los capacitadores son gente que saben, que han practicado, que han hecho periodismo digital. Entonces, te enriquece mucho y yo les aconsejar\u00eda justamente tomar este aspecto de lo digital que te da este curso.<\/p>\n","protected":false},"excerpt":{"rendered":"<p>\u201cNO CREO QUE HAY UN CURSO SIMILAR EN TODA BOLIVIA\u201d Lukas Praller* Rodolfo Huallpa fue participante de la primera versi\u00f3n de la Formaci\u00f3n Dual que se lanz\u00f3 en 2014. Despu\u00e9s de sus estudios de pregrado, trabajaba en la Agencia de Noticias Fides donde tambi\u00e9n cumpl\u00eda su Formaci\u00f3n Dual en Periodismo. Ahora, Huallpa es editor de&#8230;<\/p>\n","protected":false},"author":1,"featured_media":1266,"comment_status":"closed","ping_status":"closed","sticky":false,"template":"","format":"standard","meta":{"footnotes":""},"categories":[14,21],"tags":[],"class_list":["post-1033","post","type-post","status-publish","format-standard","has-post-thumbnail","hentry","category-14","category-entrevistas-a-participantes-2014"],"_links":{"self":[{"href":"https:\/\/fundacionperiodismo.org\/formaciondualenperiodismo\/wp-json\/wp\/v2\/posts\/1033","targetHints":{"allow":["GET"]}}],"collection":[{"href":"https:\/\/fundacionperiodismo.org\/formaciondualenperiodismo\/wp-json\/wp\/v2\/posts"}],"about":[{"href":"https:\/\/fundacionperiodismo.org\/formaciondualenperiodismo\/wp-json\/wp\/v2\/types\/post"}],"author":[{"embeddable":true,"href":"https:\/\/fundacionperiodismo.org\/formaciondualenperiodismo\/wp-json\/wp\/v2\/users\/1"}],"replies":[{"embeddable":true,"href":"https:\/\/fundacionperiodismo.org\/formaciondualenperiodismo\/wp-json\/wp\/v2\/comments?post=1033"}],"version-history":[{"count":3,"href":"https:\/\/fundacionperiodismo.org\/formaciondualenperiodismo\/wp-json\/wp\/v2\/posts\/1033\/revisions"}],"predecessor-version":[{"id":1259,"href":"https:\/\/fundacionperiodismo.org\/formaciondualenperiodismo\/wp-json\/wp\/v2\/posts\/1033\/revisions\/1259"}],"wp:featuredmedia":[{"embeddable":true,"href":"https:\/\/fundacionperiodismo.org\/formaciondualenperiodismo\/wp-json\/wp\/v2\/media\/1266"}],"wp:attachment":[{"href":"https:\/\/fundacionperiodismo.org\/formaciondualenperiodismo\/wp-json\/wp\/v2\/media?parent=1033"}],"wp:term":[{"taxonomy":"category","embeddable":true,"href":"https:\/\/fundacionperiodismo.org\/formaciondualenperiodismo\/wp-json\/wp\/v2\/categories?post=1033"},{"taxonomy":"post_tag","embeddable":true,"href":"https:\/\/fundacionperiodismo.org\/formaciondualenperiodismo\/wp-json\/wp\/v2\/tags?post=1033"}],"curies":[{"name":"wp","href":"https:\/\/api.w.org\/{rel}","templated":true}]}}